{"id":10758,"date":"2025-01-22T13:54:02","date_gmt":"2025-01-22T12:54:02","guid":{"rendered":"https:\/\/agora.xtec.cat\/escolafrancescfeliu\/?p=10758"},"modified":"2025-01-22T13:54:02","modified_gmt":"2025-01-22T12:54:02","slug":"la-descripcio-i-la-recepta-amb-tale-bots","status":"publish","type":"post","link":"https:\/\/agora.xtec.cat\/escolafrancescfeliu\/general\/la-descripcio-i-la-recepta-amb-tale-bots\/","title":{"rendered":"LA DESCRIPCI\u00d3 I LA RECEPTA AMB TALE-BOTS"},"content":{"rendered":"<p>Els alumnes de 1r i 2n de l&#8217;escola han treballat la descripci\u00f3 i la recepta durant el trimestre, una de les activitats que han utilitzat per descobrir si ho havien treballat b\u00e9 i els ha agradat molt\u00edssim, ha estat la utilitzaci\u00f3 dels robots Tale-bot. Amb aquesta eina de programaci\u00f3 han pogut repassar i aprofundir amb les tipologies textuals tot treballant la programaci\u00f3.<\/p>\n<figure id=\"attachment_10760\" aria-describedby=\"caption-attachment-10760\" style=\"width: 300px\" class=\"wp-caption alignleft\"><a href=\"https:\/\/drive.google.com\/drive\/folders\/1H0ppJfiJwPyoyvSYPbGZQsJrENLMlVL0?usp=sharing\" target=\"_blank\" rel=\"noopener\"><img loading=\"lazy\" decoding=\"async\" class=\"wp-image-10760 size-full\" src=\"https:\/\/agora.xtec.cat\/escolafrancescfeliu\/wp-content\/uploads\/usu213\/2025\/01\/20241204_120615.jpg\" alt=\"\" width=\"300\" height=\"139\" \/><\/a><figcaption id=\"caption-attachment-10760\" class=\"wp-caption-text\">LA DESCRPICI\u00d3 A 2n AMB TALE-BOT<\/figcaption><\/figure>\n<figure id=\"attachment_10759\" aria-describedby=\"caption-attachment-10759\" style=\"width: 300px\" class=\"wp-caption alignleft\"><a href=\"https:\/\/drive.google.com\/drive\/folders\/1jmEwwG3NlV3YbMMJpbWTcfyPg3oD0F2O?usp=sharing\" target=\"_blank\" rel=\"noopener\"><img loading=\"lazy\" decoding=\"async\" class=\"wp-image-10759 size-full\" src=\"https:\/\/agora.xtec.cat\/escolafrancescfeliu\/wp-content\/uploads\/usu213\/2025\/01\/20241205_094905.jpg\" alt=\"LA RECEPTA\" width=\"300\" height=\"139\" \/><\/a><figcaption id=\"caption-attachment-10759\" class=\"wp-caption-text\">LA RECEPTA A 1r AMB TALE-BOT<\/figcaption><\/figure>\n","protected":false},"excerpt":{"rendered":"<p>Els alumnes de 1r i 2n de l&#8217;escola han treballat la descripci\u00f3 i la recepta durant el trimestre, una de les activitats que han utilitzat per descobrir si ho havien treballat b\u00e9 i els ha agradat molt\u00edssim, ha estat la utilitzaci\u00f3 dels robots Tale-bot. Amb aquesta eina de programaci\u00f3 han pogut repassar i aprofundir amb [&hellip;]<\/p>\n","protected":false},"author":1,"featured_media":0,"comment_status":"closed","ping_status":"closed","sticky":false,"template":"","format":"standard","meta":{"_bbp_topic_count":0,"_bbp_reply_count":0,"_bbp_total_topic_count":0,"_bbp_total_reply_count":0,"_bbp_voice_count":0,"_bbp_anonymous_reply_count":0,"_bbp_topic_count_hidden":0,"_bbp_reply_count_hidden":0,"_bbp_forum_subforum_count":0,"site-sidebar-layout":"default","site-content-layout":"","ast-site-content-layout":"","site-content-style":"default","site-sidebar-style":"default","ast-global-header-display":"","ast-banner-title-visibility":"","ast-main-header-display":"","ast-hfb-above-header-display":"","ast-hfb-below-header-display":"","ast-hfb-mobile-header-display":"","site-post-title":"","ast-breadcrumbs-content":"","ast-featured-img":"","footer-sml-layout":"","theme-transparent-header-meta":"","adv-header-id-meta":"","stick-header-meta":"","header-above-stick-meta":"","header-main-stick-meta":"","header-below-stick-meta":"","astra-migrate-meta-layouts":"default","ast-page-background-enabled":"default","ast-page-background-meta":{"desktop":{"background-color":"var(--ast-global-color-4)","background-image":"","background-repeat":"repeat","background-position":"center center","background-size":"auto","background-attachment":"scroll","background-type":"","background-media":"","overlay-type":"","overlay-color":"","overlay-opacity":"","overlay-gradient":""},"tablet":{"background-color":"","background-image":"","background-repeat":"repeat","background-position":"center center","background-size":"auto","background-attachment":"scroll","background-type":"","background-media":"","overlay-type":"","overlay-color":"","overlay-opacity":"","overlay-gradient":""},"mobile":{"background-color":"","background-image":"","background-repeat":"repeat","background-position":"center center","background-size":"auto","background-attachment":"scroll","background-type":"","background-media":"","overlay-type":"","overlay-color":"","overlay-opacity":"","overlay-gradient":""}},"ast-content-background-meta":{"desktop":{"background-color":"var(--ast-global-color-5)","background-image":"","background-repeat":"repeat","background-position":"center center","background-size":"auto","background-attachment":"scroll","background-type":"","background-media":"","overlay-type":"","overlay-color":"","overlay-opacity":"","overlay-gradient":""},"tablet":{"background-color":"var(--ast-global-color-5)","background-image":"","background-repeat":"repeat","background-position":"center center","background-size":"auto","background-attachment":"scroll","background-type":"","background-media":"","overlay-type":"","overlay-color":"","overlay-opacity":"","overlay-gradient":""},"mobile":{"background-color":"var(--ast-global-color-5)","background-image":"","background-repeat":"repeat","background-position":"center center","background-size":"auto","background-attachment":"scroll","background-type":"","background-media":"","overlay-type":"","overlay-color":"","overlay-opacity":"","overlay-gradient":""}},"footnotes":""},"categories":[10,11,1,4,5],"tags":[336,78,349,348,241,347],"class_list":["post-10758","post","type-post","status-publish","format-standard","hentry","category-1r","category-2n","category-general","category-portada","category-primaria","tag-336","tag-cicle-inicial","tag-la-descripcio","tag-la-recepta","tag-robotica","tag-tale-bot"],"post_mailing_queue_ids":[],"_links":{"self":[{"href":"https:\/\/agora.xtec.cat\/escolafrancescfeliu\/wp-json\/wp\/v2\/posts\/10758","targetHints":{"allow":["GET"]}}],"collection":[{"href":"https:\/\/agora.xtec.cat\/escolafrancescfeliu\/wp-json\/wp\/v2\/posts"}],"about":[{"href":"https:\/\/agora.xtec.cat\/escolafrancescfeliu\/wp-json\/wp\/v2\/types\/post"}],"author":[{"embeddable":true,"href":"https:\/\/agora.xtec.cat\/escolafrancescfeliu\/wp-json\/wp\/v2\/users\/1"}],"replies":[{"embeddable":true,"href":"https:\/\/agora.xtec.cat\/escolafrancescfeliu\/wp-json\/wp\/v2\/comments?post=10758"}],"version-history":[{"count":1,"href":"https:\/\/agora.xtec.cat\/escolafrancescfeliu\/wp-json\/wp\/v2\/posts\/10758\/revisions"}],"predecessor-version":[{"id":10761,"href":"https:\/\/agora.xtec.cat\/escolafrancescfeliu\/wp-json\/wp\/v2\/posts\/10758\/revisions\/10761"}],"wp:attachment":[{"href":"https:\/\/agora.xtec.cat\/escolafrancescfeliu\/wp-json\/wp\/v2\/media?parent=10758"}],"wp:term":[{"taxonomy":"category","embeddable":true,"href":"https:\/\/agora.xtec.cat\/escolafrancescfeliu\/wp-json\/wp\/v2\/categories?post=10758"},{"taxonomy":"post_tag","embeddable":true,"href":"https:\/\/agora.xtec.cat\/escolafrancescfeliu\/wp-json\/wp\/v2\/tags?post=10758"}],"curies":[{"name":"wp","href":"https:\/\/api.w.org\/{rel}","templated":true}]}}