{"id":10749,"date":"2025-01-20T19:16:22","date_gmt":"2025-01-20T18:16:22","guid":{"rendered":"https:\/\/agora.xtec.cat\/escolafrancescfeliu\/?p=10749"},"modified":"2025-04-07T13:44:28","modified_gmt":"2025-04-07T11:44:28","slug":"projecte-apilo-xii","status":"publish","type":"post","link":"https:\/\/agora.xtec.cat\/escolafrancescfeliu\/general\/projecte-apilo-xii\/","title":{"rendered":"PROJECTE APILO XII"},"content":{"rendered":"<p>A l&#8217;escola s&#8217;est\u00e0 treballant amb les ODS a partir del programa Zinkers i ens conscienciem sobre els usos que fem dels aparells, com es poden reciclar o quins materials podem donar-los una segona vida i entrar en l&#8217;economia circular, aix\u00ed que ens hem sumat al projecte Apilo XII, un projecte per reduir l&#8217;impacte de les piles i bateries en el medi. S\u00f3n elements que si no es reciclen b\u00e9 poden fer molt de mal tant a l&#8217;entorn com a nosaltres mateixos, per aix\u00f2 ens hem proposat recollir tots aquests elements gastats que les fam\u00edlies tinguin i no s\u00e0piguen on llen\u00e7ar per fer-ne una millor gesti\u00f3 amb aquest programa.<\/p>\n<p>Gr\u00e0cies a l&#8217;alumnat i a les fam\u00edlies per endavant, penseu que un petit gest pot ser un gran canvi!<\/p>\n<table style=\"border-collapse: collapse; width: 78.5559%;\">\n<tbody>\n<tr>\n<td style=\"width: 11.8327%;\"><a href=\"https:\/\/agora.xtec.cat\/escolafrancescfeliu\/wp-content\/uploads\/usu213\/2025\/01\/20250110_115947-rotated.jpg\"><img loading=\"lazy\" decoding=\"async\" class=\" wp-image-10751 alignleft\" src=\"https:\/\/agora.xtec.cat\/escolafrancescfeliu\/wp-content\/uploads\/usu213\/2025\/01\/20250110_115947-139x300.jpg\" alt=\"\" width=\"100\" height=\"216\" srcset=\"https:\/\/agora.xtec.cat\/escolafrancescfeliu\/wp-content\/uploads\/usu213\/2025\/01\/20250110_115947-139x300.jpg 139w, https:\/\/agora.xtec.cat\/escolafrancescfeliu\/wp-content\/uploads\/usu213\/2025\/01\/20250110_115947-rotated.jpg 300w\" sizes=\"auto, (max-width: 100px) 100vw, 100px\" \/><\/a><\/td>\n<td style=\"width: 111.819%;\"><a href=\"https:\/\/agora.xtec.cat\/escolafrancescfeliu\/wp-content\/uploads\/usu213\/2025\/01\/20250109_105703.jpg\"><img loading=\"lazy\" decoding=\"async\" class=\" wp-image-10752 alignleft\" src=\"https:\/\/agora.xtec.cat\/escolafrancescfeliu\/wp-content\/uploads\/usu213\/2025\/01\/20250109_105703.jpg\" alt=\"\" width=\"264\" height=\"122\" \/><\/a><img loading=\"lazy\" decoding=\"async\" class=\"alignleft wp-image-10750 size-full\" style=\"border: none; color: #2795b6;\" src=\"https:\/\/agora.xtec.cat\/escolafrancescfeliu\/wp-content\/uploads\/usu213\/2025\/01\/20250109_105903-e1737415586974.jpg\" alt=\"\" width=\"221\" height=\"127\" \/><\/p>\n<p>&nbsp;<\/p>\n<p>&nbsp;<\/td>\n<\/tr>\n<\/tbody>\n<\/table>\n<p>&nbsp;<\/p>\n<p>&nbsp;<\/p>\n<p>&nbsp;<\/p>\n","protected":false},"excerpt":{"rendered":"<p>A l&#8217;escola s&#8217;est\u00e0 treballant amb les ODS a partir del programa Zinkers i ens conscienciem sobre els usos que fem dels aparells, com es poden reciclar o quins materials podem donar-los una segona vida i entrar en l&#8217;economia circular, aix\u00ed que ens hem sumat al projecte Apilo XII, un projecte per reduir l&#8217;impacte de les [&hellip;]<\/p>\n","protected":false},"author":1,"featured_media":0,"comment_status":"closed","ping_status":"closed","sticky":false,"template":"","format":"standard","meta":{"_bbp_topic_count":0,"_bbp_reply_count":0,"_bbp_total_topic_count":0,"_bbp_total_reply_count":0,"_bbp_voice_count":0,"_bbp_anonymous_reply_count":0,"_bbp_topic_count_hidden":0,"_bbp_reply_count_hidden":0,"_bbp_forum_subforum_count":0,"site-sidebar-layout":"default","site-content-layout":"","ast-site-content-layout":"","site-content-style":"default","site-sidebar-style":"default","ast-global-header-display":"","ast-banner-title-visibility":"","ast-main-header-display":"","ast-hfb-above-header-display":"","ast-hfb-below-header-display":"","ast-hfb-mobile-header-display":"","site-post-title":"","ast-breadcrumbs-content":"","ast-featured-img":"","footer-sml-layout":"","theme-transparent-header-meta":"","adv-header-id-meta":"","stick-header-meta":"","header-above-stick-meta":"","header-main-stick-meta":"","header-below-stick-meta":"","astra-migrate-meta-layouts":"default","ast-page-background-enabled":"default","ast-page-background-meta":{"desktop":{"background-color":"var(--ast-global-color-4)","background-image":"","background-repeat":"repeat","background-position":"center center","background-size":"auto","background-attachment":"scroll","background-type":"","background-media":"","overlay-type":"","overlay-color":"","overlay-opacity":"","overlay-gradient":""},"tablet":{"background-color":"","background-image":"","background-repeat":"repeat","background-position":"center center","background-size":"auto","background-attachment":"scroll","background-type":"","background-media":"","overlay-type":"","overlay-color":"","overlay-opacity":"","overlay-gradient":""},"mobile":{"background-color":"","background-image":"","background-repeat":"repeat","background-position":"center center","background-size":"auto","background-attachment":"scroll","background-type":"","background-media":"","overlay-type":"","overlay-color":"","overlay-opacity":"","overlay-gradient":""}},"ast-content-background-meta":{"desktop":{"background-color":"var(--ast-global-color-5)","background-image":"","background-repeat":"repeat","background-position":"center center","background-size":"auto","background-attachment":"scroll","background-type":"","background-media":"","overlay-type":"","overlay-color":"","overlay-opacity":"","overlay-gradient":""},"tablet":{"background-color":"var(--ast-global-color-5)","background-image":"","background-repeat":"repeat","background-position":"center center","background-size":"auto","background-attachment":"scroll","background-type":"","background-media":"","overlay-type":"","overlay-color":"","overlay-opacity":"","overlay-gradient":""},"mobile":{"background-color":"var(--ast-global-color-5)","background-image":"","background-repeat":"repeat","background-position":"center center","background-size":"auto","background-attachment":"scroll","background-type":"","background-media":"","overlay-type":"","overlay-color":"","overlay-opacity":"","overlay-gradient":""}},"footnotes":""},"categories":[1,2,4,5],"tags":[336,343,346,294,345,344],"class_list":["post-10749","post","type-post","status-publish","format-standard","hentry","category-general","category-infantil","category-portada","category-primaria","tag-336","tag-apilo-xii","tag-bateries","tag-escola","tag-piles","tag-reciclatge"],"post_mailing_queue_ids":[],"_links":{"self":[{"href":"https:\/\/agora.xtec.cat\/escolafrancescfeliu\/wp-json\/wp\/v2\/posts\/10749","targetHints":{"allow":["GET"]}}],"collection":[{"href":"https:\/\/agora.xtec.cat\/escolafrancescfeliu\/wp-json\/wp\/v2\/posts"}],"about":[{"href":"https:\/\/agora.xtec.cat\/escolafrancescfeliu\/wp-json\/wp\/v2\/types\/post"}],"author":[{"embeddable":true,"href":"https:\/\/agora.xtec.cat\/escolafrancescfeliu\/wp-json\/wp\/v2\/users\/1"}],"replies":[{"embeddable":true,"href":"https:\/\/agora.xtec.cat\/escolafrancescfeliu\/wp-json\/wp\/v2\/comments?post=10749"}],"version-history":[{"count":6,"href":"https:\/\/agora.xtec.cat\/escolafrancescfeliu\/wp-json\/wp\/v2\/posts\/10749\/revisions"}],"predecessor-version":[{"id":10888,"href":"https:\/\/agora.xtec.cat\/escolafrancescfeliu\/wp-json\/wp\/v2\/posts\/10749\/revisions\/10888"}],"wp:attachment":[{"href":"https:\/\/agora.xtec.cat\/escolafrancescfeliu\/wp-json\/wp\/v2\/media?parent=10749"}],"wp:term":[{"taxonomy":"category","embeddable":true,"href":"https:\/\/agora.xtec.cat\/escolafrancescfeliu\/wp-json\/wp\/v2\/categories?post=10749"},{"taxonomy":"post_tag","embeddable":true,"href":"https:\/\/agora.xtec.cat\/escolafrancescfeliu\/wp-json\/wp\/v2\/tags?post=10749"}],"curies":[{"name":"wp","href":"https:\/\/api.w.org\/{rel}","templated":true}]}}