{"id":10730,"date":"2024-12-16T15:48:57","date_gmt":"2024-12-16T14:48:57","guid":{"rendered":"https:\/\/agora.xtec.cat\/escolafrancescfeliu\/?p=10730"},"modified":"2025-01-08T00:08:45","modified_gmt":"2025-01-07T23:08:45","slug":"festival-de-nadal-2","status":"publish","type":"post","link":"https:\/\/agora.xtec.cat\/escolafrancescfeliu\/general\/festival-de-nadal-2\/","title":{"rendered":"FESTIVAL DE NADAL"},"content":{"rendered":"<p>L&#8217;alumnat de l&#8217;escola ha realitzat el festival de Nadal al poliesportiu amb tots els familiars i amics que han pogut anar a gaudir d&#8217;aquest espectacle, aquest any han preparat tot un seguit de peces amb els violins i can\u00e7ons en angl\u00e8s i catal\u00e0 per donar per arribades les Festes.<\/p>\n<table style=\"border-collapse: collapse; width: 100%; height: 287px;\">\n<tbody>\n<tr style=\"height: 32px;\">\n<td style=\"width: 33.3333%; height: 32px;\"><a href=\"https:\/\/drive.google.com\/drive\/folders\/1zm8VeQdm9ahX9ZDi5M2kTqpAeEf7utg1?usp=sharing\" target=\"_blank\" rel=\"noopener\">ENLLA\u00c7 A LES FOTOS<\/a><\/td>\n<td style=\"width: 33.3333%; height: 32px;\"><a href=\"https:\/\/drive.google.com\/file\/d\/13dXpaCXXfocwpPR6pQDY71NTKjycza8o\/view?usp=sharing\" target=\"_blank\" rel=\"noopener\">ENLLA\u00c7 AL V\u00cdDEO D&#8217;INFANTIL<\/a><\/td>\n<td style=\"width: 33.3333%; height: 32px;\"><a href=\"https:\/\/drive.google.com\/file\/d\/1jAiKP-I9PBWlo6jILr7oDJmz7Z2TyNQm\/view?usp=sharing\" target=\"_blank\" rel=\"noopener\">ENLLA\u00c7 AL V\u00cdDEO DE PRIM\u00c0RIA<\/a><\/td>\n<\/tr>\n<tr style=\"height: 255px;\">\n<td style=\"width: 33.3333%; height: 255px;\"><a href=\"https:\/\/drive.google.com\/drive\/folders\/1zm8VeQdm9ahX9ZDi5M2kTqpAeEf7utg1?usp=sharing\" target=\"_blank\" rel=\"noopener\"><img loading=\"lazy\" decoding=\"async\" class=\"size-full wp-image-10743 alignleft\" src=\"https:\/\/agora.xtec.cat\/escolafrancescfeliu\/wp-content\/uploads\/usu213\/2025\/01\/IMG_4317.jpg\" alt=\"\" width=\"300\" height=\"225\" srcset=\"https:\/\/agora.xtec.cat\/escolafrancescfeliu\/wp-content\/uploads\/usu213\/2025\/01\/IMG_4317.jpg 300w, https:\/\/agora.xtec.cat\/escolafrancescfeliu\/wp-content\/uploads\/usu213\/2025\/01\/IMG_4317-200x150.jpg 200w\" sizes=\"auto, (max-width: 300px) 100vw, 300px\" \/><\/a><\/td>\n<td style=\"width: 33.3333%; height: 255px;\"><a href=\"https:\/\/drive.google.com\/file\/d\/13dXpaCXXfocwpPR6pQDY71NTKjycza8o\/view?usp=drive_link\" target=\"_blank\" rel=\"noopener\"><img loading=\"lazy\" decoding=\"async\" class=\" wp-image-10744 alignleft\" src=\"https:\/\/agora.xtec.cat\/escolafrancescfeliu\/wp-content\/uploads\/usu213\/2025\/01\/festival-infantil-300x162.jpg\" alt=\"\" width=\"412\" height=\"222\" srcset=\"https:\/\/agora.xtec.cat\/escolafrancescfeliu\/wp-content\/uploads\/usu213\/2025\/01\/festival-infantil-300x162.jpg 300w, https:\/\/agora.xtec.cat\/escolafrancescfeliu\/wp-content\/uploads\/usu213\/2025\/01\/festival-infantil-1024x552.jpg 1024w, https:\/\/agora.xtec.cat\/escolafrancescfeliu\/wp-content\/uploads\/usu213\/2025\/01\/festival-infantil-768x414.jpg 768w, https:\/\/agora.xtec.cat\/escolafrancescfeliu\/wp-content\/uploads\/usu213\/2025\/01\/festival-infantil.jpg 1202w\" sizes=\"auto, (max-width: 412px) 100vw, 412px\" \/><\/a><\/td>\n<td style=\"width: 33.3333%; height: 255px;\"><a href=\"https:\/\/drive.google.com\/file\/d\/1jAiKP-I9PBWlo6jILr7oDJmz7Z2TyNQm\/view?usp=sharing\" target=\"_blank\" rel=\"noopener\"><img loading=\"lazy\" decoding=\"async\" class=\" wp-image-10745 alignleft\" src=\"https:\/\/agora.xtec.cat\/escolafrancescfeliu\/wp-content\/uploads\/usu213\/2025\/01\/festival-primaria-300x166.jpg\" alt=\"\" width=\"398\" height=\"220\" srcset=\"https:\/\/agora.xtec.cat\/escolafrancescfeliu\/wp-content\/uploads\/usu213\/2025\/01\/festival-primaria-300x166.jpg 300w, https:\/\/agora.xtec.cat\/escolafrancescfeliu\/wp-content\/uploads\/usu213\/2025\/01\/festival-primaria-1024x565.jpg 1024w, https:\/\/agora.xtec.cat\/escolafrancescfeliu\/wp-content\/uploads\/usu213\/2025\/01\/festival-primaria-768x424.jpg 768w, https:\/\/agora.xtec.cat\/escolafrancescfeliu\/wp-content\/uploads\/usu213\/2025\/01\/festival-primaria.jpg 1274w\" sizes=\"auto, (max-width: 398px) 100vw, 398px\" \/><\/a><\/td>\n<\/tr>\n<\/tbody>\n<\/table>\n","protected":false},"excerpt":{"rendered":"<p>L&#8217;alumnat de l&#8217;escola ha realitzat el festival de Nadal al poliesportiu amb tots els familiars i amics que han pogut anar a gaudir d&#8217;aquest espectacle, aquest any han preparat tot un seguit de peces amb els violins i can\u00e7ons en angl\u00e8s i catal\u00e0 per donar per arribades les Festes. ENLLA\u00c7 A LES FOTOS ENLLA\u00c7 AL [&hellip;]<\/p>\n","protected":false},"author":1,"featured_media":0,"comment_status":"closed","ping_status":"closed","sticky":false,"template":"","format":"standard","meta":{"_bbp_topic_count":0,"_bbp_reply_count":0,"_bbp_total_topic_count":0,"_bbp_total_reply_count":0,"_bbp_voice_count":0,"_bbp_anonymous_reply_count":0,"_bbp_topic_count_hidden":0,"_bbp_reply_count_hidden":0,"_bbp_forum_subforum_count":0,"site-sidebar-layout":"default","site-content-layout":"","ast-site-content-layout":"","site-content-style":"default","site-sidebar-style":"default","ast-global-header-display":"","ast-banner-title-visibility":"","ast-main-header-display":"","ast-hfb-above-header-display":"","ast-hfb-below-header-display":"","ast-hfb-mobile-header-display":"","site-post-title":"","ast-breadcrumbs-content":"","ast-featured-img":"","footer-sml-layout":"","theme-transparent-header-meta":"","adv-header-id-meta":"","stick-header-meta":"","header-above-stick-meta":"","header-main-stick-meta":"","header-below-stick-meta":"","astra-migrate-meta-layouts":"default","ast-page-background-enabled":"default","ast-page-background-meta":{"desktop":{"background-color":"var(--ast-global-color-4)","background-image":"","background-repeat":"repeat","background-position":"center center","background-size":"auto","background-attachment":"scroll","background-type":"","background-media":"","overlay-type":"","overlay-color":"","overlay-opacity":"","overlay-gradient":""},"tablet":{"background-color":"","background-image":"","background-repeat":"repeat","background-position":"center center","background-size":"auto","background-attachment":"scroll","background-type":"","background-media":"","overlay-type":"","overlay-color":"","overlay-opacity":"","overlay-gradient":""},"mobile":{"background-color":"","background-image":"","background-repeat":"repeat","background-position":"center center","background-size":"auto","background-attachment":"scroll","background-type":"","background-media":"","overlay-type":"","overlay-color":"","overlay-opacity":"","overlay-gradient":""}},"ast-content-background-meta":{"desktop":{"background-color":"var(--ast-global-color-5)","background-image":"","background-repeat":"repeat","background-position":"center center","background-size":"auto","background-attachment":"scroll","background-type":"","background-media":"","overlay-type":"","overlay-color":"","overlay-opacity":"","overlay-gradient":""},"tablet":{"background-color":"var(--ast-global-color-5)","background-image":"","background-repeat":"repeat","background-position":"center center","background-size":"auto","background-attachment":"scroll","background-type":"","background-media":"","overlay-type":"","overlay-color":"","overlay-opacity":"","overlay-gradient":""},"mobile":{"background-color":"var(--ast-global-color-5)","background-image":"","background-repeat":"repeat","background-position":"center center","background-size":"auto","background-attachment":"scroll","background-type":"","background-media":"","overlay-type":"","overlay-color":"","overlay-opacity":"","overlay-gradient":""}},"footnotes":""},"categories":[1,2,4,5,47],"tags":[290,339,294,255,48],"class_list":["post-10730","post","type-post","status-publish","format-standard","hentry","category-general","category-infantil","category-portada","category-primaria","category-violins-a-laula","tag-290","tag-concert-nadal","tag-escola","tag-nadal","tag-violins"],"post_mailing_queue_ids":[],"_links":{"self":[{"href":"https:\/\/agora.xtec.cat\/escolafrancescfeliu\/wp-json\/wp\/v2\/posts\/10730","targetHints":{"allow":["GET"]}}],"collection":[{"href":"https:\/\/agora.xtec.cat\/escolafrancescfeliu\/wp-json\/wp\/v2\/posts"}],"about":[{"href":"https:\/\/agora.xtec.cat\/escolafrancescfeliu\/wp-json\/wp\/v2\/types\/post"}],"author":[{"embeddable":true,"href":"https:\/\/agora.xtec.cat\/escolafrancescfeliu\/wp-json\/wp\/v2\/users\/1"}],"replies":[{"embeddable":true,"href":"https:\/\/agora.xtec.cat\/escolafrancescfeliu\/wp-json\/wp\/v2\/comments?post=10730"}],"version-history":[{"count":2,"href":"https:\/\/agora.xtec.cat\/escolafrancescfeliu\/wp-json\/wp\/v2\/posts\/10730\/revisions"}],"predecessor-version":[{"id":10746,"href":"https:\/\/agora.xtec.cat\/escolafrancescfeliu\/wp-json\/wp\/v2\/posts\/10730\/revisions\/10746"}],"wp:attachment":[{"href":"https:\/\/agora.xtec.cat\/escolafrancescfeliu\/wp-json\/wp\/v2\/media?parent=10730"}],"wp:term":[{"taxonomy":"category","embeddable":true,"href":"https:\/\/agora.xtec.cat\/escolafrancescfeliu\/wp-json\/wp\/v2\/categories?post=10730"},{"taxonomy":"post_tag","embeddable":true,"href":"https:\/\/agora.xtec.cat\/escolafrancescfeliu\/wp-json\/wp\/v2\/tags?post=10730"}],"curies":[{"name":"wp","href":"https:\/\/api.w.org\/{rel}","templated":true}]}}