{"id":10671,"date":"2024-10-30T19:59:46","date_gmt":"2024-10-30T18:59:46","guid":{"rendered":"https:\/\/agora.xtec.cat\/escolafrancescfeliu\/?p=10671"},"modified":"2024-11-16T19:16:50","modified_gmt":"2024-11-16T18:16:50","slug":"la-castanyada","status":"publish","type":"post","link":"https:\/\/agora.xtec.cat\/escolafrancescfeliu\/general\/la-castanyada\/","title":{"rendered":"LA CASTANYADA"},"content":{"rendered":"<p>Com cada any a l&#8217;escola hem celebrat la festa de la Castanyada, amb el concurs de castanyes i moniatos i la gimcana castanyera que han organitzat els alumnes de 6\u00e8, sense deixar-nos l&#8217;escape room de Halloween, on els m\u00e9s valents podien gaudir d&#8217;una estona d&#8217;ensurts.<\/p>\n<table style=\"border-collapse: collapse; width: 100%;\">\n<tbody>\n<tr>\n<td style=\"width: 50%; text-align: center;\"><a style=\"color: #2795b6; text-align: center;\" href=\"https:\/\/drive.google.com\/drive\/folders\/1BIuNVtlQeTDd3VAijIcVLds2CAKzj6Gv?usp=drive_link\" target=\"_blank\" rel=\"noopener\">CONCURS DE MONIATOS<\/a><\/td>\n<td style=\"width: 50%; text-align: center;\"><a style=\"text-align: center;\" href=\"https:\/\/drive.google.com\/drive\/folders\/1T0dbf82-j82TAMaf60Rfr9XrRKCZnZYg?usp=sharing\" target=\"_blank\" rel=\"noopener\">GIMCANA INFANTIL<\/a><\/td>\n<\/tr>\n<tr>\n<td style=\"width: 50%; text-align: center;\"><a href=\"https:\/\/drive.google.com\/drive\/folders\/1BIuNVtlQeTDd3VAijIcVLds2CAKzj6Gv?usp=drive_link\" target=\"_blank\" rel=\"noopener\"><img loading=\"lazy\" decoding=\"async\" class=\" wp-image-10672 aligncenter\" src=\"https:\/\/agora.xtec.cat\/escolafrancescfeliu\/wp-content\/uploads\/usu213\/2024\/11\/20241030_122917.jpg\" alt=\"\" width=\"337\" height=\"156\" \/><\/a><\/td>\n<td style=\"width: 50%; text-align: center;\"><a href=\"https:\/\/drive.google.com\/drive\/folders\/1T0dbf82-j82TAMaf60Rfr9XrRKCZnZYg?usp=sharing\" target=\"_blank\" rel=\"noopener\"><img loading=\"lazy\" decoding=\"async\" class=\"wp-image-10675 aligncenter\" style=\"border: none; color: #2795b6;\" src=\"https:\/\/agora.xtec.cat\/escolafrancescfeliu\/wp-content\/uploads\/usu213\/2024\/10\/Copia-de-PXL_20241030_103744671.jpg\" alt=\"\" width=\"190\" height=\"142\" srcset=\"https:\/\/agora.xtec.cat\/escolafrancescfeliu\/wp-content\/uploads\/usu213\/2024\/10\/Copia-de-PXL_20241030_103744671.jpg 300w, https:\/\/agora.xtec.cat\/escolafrancescfeliu\/wp-content\/uploads\/usu213\/2024\/10\/Copia-de-PXL_20241030_103744671-200x150.jpg 200w\" sizes=\"auto, (max-width: 190px) 100vw, 190px\" \/><\/a><\/td>\n<\/tr>\n<tr>\n<td style=\"width: 50%; text-align: center;\"><a style=\"color: #2795b6; text-align: center;\" href=\"https:\/\/drive.google.com\/drive\/folders\/1-z7Dj0HQXFydwouCITPb3Z5N68De4k6w?usp=sharing\" target=\"_blank\" rel=\"noopener\">GIMCANA PRIM\u00c0RIA<\/a><\/td>\n<td style=\"width: 50%; text-align: center;\"><a href=\"https:\/\/drive.google.com\/drive\/folders\/10g2_yKHxwAPyxxFqp0ovUZLtilvM48JN?usp=sharing\" target=\"_blank\" rel=\"noopener\">DANSES<\/a><\/td>\n<\/tr>\n<tr>\n<td style=\"width: 50%; text-align: center;\"><a href=\"https:\/\/drive.google.com\/drive\/folders\/1-z7Dj0HQXFydwouCITPb3Z5N68De4k6w?usp=sharing\" target=\"_blank\" rel=\"noopener\"><img loading=\"lazy\" decoding=\"async\" class=\"wp-image-10677 aligncenter\" src=\"https:\/\/agora.xtec.cat\/escolafrancescfeliu\/wp-content\/uploads\/usu213\/2024\/10\/Copia-de-IMG_20241030_115543.jpg\" alt=\"\" width=\"173\" height=\"130\" srcset=\"https:\/\/agora.xtec.cat\/escolafrancescfeliu\/wp-content\/uploads\/usu213\/2024\/10\/Copia-de-IMG_20241030_115543.jpg 300w, https:\/\/agora.xtec.cat\/escolafrancescfeliu\/wp-content\/uploads\/usu213\/2024\/10\/Copia-de-IMG_20241030_115543-200x150.jpg 200w\" sizes=\"auto, (max-width: 173px) 100vw, 173px\" \/><\/a><\/td>\n<td style=\"width: 50%; text-align: center;\"><a href=\"https:\/\/drive.google.com\/drive\/folders\/10g2_yKHxwAPyxxFqp0ovUZLtilvM48JN?usp=sharing\" target=\"_blank\" rel=\"noopener\"><img loading=\"lazy\" decoding=\"async\" class=\"size-full wp-image-10688 aligncenter\" src=\"https:\/\/agora.xtec.cat\/escolafrancescfeliu\/wp-content\/uploads\/usu213\/2024\/10\/IMG_2251.jpg\" alt=\"\" width=\"300\" height=\"169\" \/><\/a><\/td>\n<\/tr>\n<\/tbody>\n<\/table>\n<p>&nbsp;<\/p>\n","protected":false},"excerpt":{"rendered":"<p>Com cada any a l&#8217;escola hem celebrat la festa de la Castanyada, amb el concurs de castanyes i moniatos i la gimcana castanyera que han organitzat els alumnes de 6\u00e8, sense deixar-nos l&#8217;escape room de Halloween, on els m\u00e9s valents podien gaudir d&#8217;una estona d&#8217;ensurts. CONCURS DE MONIATOS GIMCANA INFANTIL GIMCANA PRIM\u00c0RIA DANSES &nbsp;<\/p>\n","protected":false},"author":1,"featured_media":0,"comment_status":"closed","ping_status":"closed","sticky":false,"template":"","format":"standard","meta":{"_bbp_topic_count":0,"_bbp_reply_count":0,"_bbp_total_topic_count":0,"_bbp_total_reply_count":0,"_bbp_voice_count":0,"_bbp_anonymous_reply_count":0,"_bbp_topic_count_hidden":0,"_bbp_reply_count_hidden":0,"_bbp_forum_subforum_count":0,"site-sidebar-layout":"default","site-content-layout":"","ast-site-content-layout":"","site-content-style":"default","site-sidebar-style":"default","ast-global-header-display":"","ast-banner-title-visibility":"","ast-main-header-display":"","ast-hfb-above-header-display":"","ast-hfb-below-header-display":"","ast-hfb-mobile-header-display":"","site-post-title":"","ast-breadcrumbs-content":"","ast-featured-img":"","footer-sml-layout":"","theme-transparent-header-meta":"","adv-header-id-meta":"","stick-header-meta":"","header-above-stick-meta":"","header-main-stick-meta":"","header-below-stick-meta":"","astra-migrate-meta-layouts":"default","ast-page-background-enabled":"default","ast-page-background-meta":{"desktop":{"background-color":"var(--ast-global-color-4)","background-image":"","background-repeat":"repeat","background-position":"center center","background-size":"auto","background-attachment":"scroll","background-type":"","background-media":"","overlay-type":"","overlay-color":"","overlay-opacity":"","overlay-gradient":""},"tablet":{"background-color":"","background-image":"","background-repeat":"repeat","background-position":"center center","background-size":"auto","background-attachment":"scroll","background-type":"","background-media":"","overlay-type":"","overlay-color":"","overlay-opacity":"","overlay-gradient":""},"mobile":{"background-color":"","background-image":"","background-repeat":"repeat","background-position":"center center","background-size":"auto","background-attachment":"scroll","background-type":"","background-media":"","overlay-type":"","overlay-color":"","overlay-opacity":"","overlay-gradient":""}},"ast-content-background-meta":{"desktop":{"background-color":"var(--ast-global-color-5)","background-image":"","background-repeat":"repeat","background-position":"center center","background-size":"auto","background-attachment":"scroll","background-type":"","background-media":"","overlay-type":"","overlay-color":"","overlay-opacity":"","overlay-gradient":""},"tablet":{"background-color":"var(--ast-global-color-5)","background-image":"","background-repeat":"repeat","background-position":"center center","background-size":"auto","background-attachment":"scroll","background-type":"","background-media":"","overlay-type":"","overlay-color":"","overlay-opacity":"","overlay-gradient":""},"mobile":{"background-color":"var(--ast-global-color-5)","background-image":"","background-repeat":"repeat","background-position":"center center","background-size":"auto","background-attachment":"scroll","background-type":"","background-media":"","overlay-type":"","overlay-color":"","overlay-opacity":"","overlay-gradient":""}},"footnotes":""},"categories":[1,4,5],"tags":[290,51,329],"class_list":["post-10671","post","type-post","status-publish","format-standard","hentry","category-general","category-portada","category-primaria","tag-290","tag-castanyada","tag-concurs-de-moniatos"],"post_mailing_queue_ids":[],"_links":{"self":[{"href":"https:\/\/agora.xtec.cat\/escolafrancescfeliu\/wp-json\/wp\/v2\/posts\/10671","targetHints":{"allow":["GET"]}}],"collection":[{"href":"https:\/\/agora.xtec.cat\/escolafrancescfeliu\/wp-json\/wp\/v2\/posts"}],"about":[{"href":"https:\/\/agora.xtec.cat\/escolafrancescfeliu\/wp-json\/wp\/v2\/types\/post"}],"author":[{"embeddable":true,"href":"https:\/\/agora.xtec.cat\/escolafrancescfeliu\/wp-json\/wp\/v2\/users\/1"}],"replies":[{"embeddable":true,"href":"https:\/\/agora.xtec.cat\/escolafrancescfeliu\/wp-json\/wp\/v2\/comments?post=10671"}],"version-history":[{"count":6,"href":"https:\/\/agora.xtec.cat\/escolafrancescfeliu\/wp-json\/wp\/v2\/posts\/10671\/revisions"}],"predecessor-version":[{"id":10689,"href":"https:\/\/agora.xtec.cat\/escolafrancescfeliu\/wp-json\/wp\/v2\/posts\/10671\/revisions\/10689"}],"wp:attachment":[{"href":"https:\/\/agora.xtec.cat\/escolafrancescfeliu\/wp-json\/wp\/v2\/media?parent=10671"}],"wp:term":[{"taxonomy":"category","embeddable":true,"href":"https:\/\/agora.xtec.cat\/escolafrancescfeliu\/wp-json\/wp\/v2\/categories?post=10671"},{"taxonomy":"post_tag","embeddable":true,"href":"https:\/\/agora.xtec.cat\/escolafrancescfeliu\/wp-json\/wp\/v2\/tags?post=10671"}],"curies":[{"name":"wp","href":"https:\/\/api.w.org\/{rel}","templated":true}]}}