{"id":10452,"date":"2024-04-02T12:53:47","date_gmt":"2024-04-02T10:53:47","guid":{"rendered":"https:\/\/agora.xtec.cat\/escolafrancescfeliu\/?p=10452"},"modified":"2024-04-03T10:48:03","modified_gmt":"2024-04-03T08:48:03","slug":"projecte-poble-i-ciutat-cicle-inicial","status":"publish","type":"post","link":"https:\/\/agora.xtec.cat\/escolafrancescfeliu\/general\/projecte-poble-i-ciutat-cicle-inicial\/","title":{"rendered":"PROJECTE POBLE I CIUTAT CICLE INICIAL"},"content":{"rendered":"<p>Durant aquest segon trimestre l&#8217;alumnat de cicle inicial ha estat treballant el projecte del Poble i la Ciutat. Al llarg d&#8217;aquest trimestre hem conegut les principals difer\u00e8ncies entre el poble i la ciutat, hem apr\u00e8s quin \u00e9s l&#8217;escut d&#8217;Aitona, hem fet una maqueta d&#8217;una ciutat, i hem apr\u00e8s a utilitzar un mapa i ens hem endinsat en el Google Maps i hem descobert que podem viatjar a diferents llocs del m\u00f3n sense moure&#8217;ns de casa!<\/p>\n<p>Per tancar el projecte van venir els pares de l&#8217;Ind\u00edbil per explicar-nos una mica la hist\u00f2ria de Lleida i del guerrer Ind\u00edbil.<br \/>\nMoltes gr\u00e0cies!<\/p>\n<p><a href=\"https:\/\/drive.google.com\/drive\/folders\/1qFFeni5rukt8bTh2k9JiNYiZahDcm-k-?usp=drive_link\" target=\"_blank\" rel=\"noopener\"><img loading=\"lazy\" decoding=\"async\" class=\"aligncenter wp-image-10489\" src=\"https:\/\/agora.xtec.cat\/escolafrancescfeliu\/wp-content\/uploads\/usu213\/2024\/04\/PHOTO-2024-02-16-09-04-01-1024x768.jpg\" alt=\"\" width=\"227\" height=\"170\" srcset=\"https:\/\/agora.xtec.cat\/escolafrancescfeliu\/wp-content\/uploads\/usu213\/2024\/04\/PHOTO-2024-02-16-09-04-01-1024x768.jpg 1024w, https:\/\/agora.xtec.cat\/escolafrancescfeliu\/wp-content\/uploads\/usu213\/2024\/04\/PHOTO-2024-02-16-09-04-01-300x225.jpg 300w, https:\/\/agora.xtec.cat\/escolafrancescfeliu\/wp-content\/uploads\/usu213\/2024\/04\/PHOTO-2024-02-16-09-04-01-768x576.jpg 768w, https:\/\/agora.xtec.cat\/escolafrancescfeliu\/wp-content\/uploads\/usu213\/2024\/04\/PHOTO-2024-02-16-09-04-01-1536x1152.jpg 1536w, https:\/\/agora.xtec.cat\/escolafrancescfeliu\/wp-content\/uploads\/usu213\/2024\/04\/PHOTO-2024-02-16-09-04-01-200x150.jpg 200w, https:\/\/agora.xtec.cat\/escolafrancescfeliu\/wp-content\/uploads\/usu213\/2024\/04\/PHOTO-2024-02-16-09-04-01.jpg 2048w\" sizes=\"auto, (max-width: 227px) 100vw, 227px\" \/><\/a><\/p>\n<p>&nbsp;<\/p>\n","protected":false},"excerpt":{"rendered":"<p>Durant aquest segon trimestre l&#8217;alumnat de cicle inicial ha estat treballant el projecte del Poble i la Ciutat. Al llarg d&#8217;aquest trimestre hem conegut les principals difer\u00e8ncies entre el poble i la ciutat, hem apr\u00e8s quin \u00e9s l&#8217;escut d&#8217;Aitona, hem fet una maqueta d&#8217;una ciutat, i hem apr\u00e8s a utilitzar un mapa i ens hem [&hellip;]<\/p>\n","protected":false},"author":33,"featured_media":0,"comment_status":"closed","ping_status":"closed","sticky":false,"template":"","format":"standard","meta":{"_bbp_topic_count":0,"_bbp_reply_count":0,"_bbp_total_topic_count":0,"_bbp_total_reply_count":0,"_bbp_voice_count":0,"_bbp_anonymous_reply_count":0,"_bbp_topic_count_hidden":0,"_bbp_reply_count_hidden":0,"_bbp_forum_subforum_count":0,"site-sidebar-layout":"default","site-content-layout":"","ast-site-content-layout":"","site-content-style":"default","site-sidebar-style":"default","ast-global-header-display":"","ast-banner-title-visibility":"","ast-main-header-display":"","ast-hfb-above-header-display":"","ast-hfb-below-header-display":"","ast-hfb-mobile-header-display":"","site-post-title":"","ast-breadcrumbs-content":"","ast-featured-img":"","footer-sml-layout":"","theme-transparent-header-meta":"","adv-header-id-meta":"","stick-header-meta":"","header-above-stick-meta":"","header-main-stick-meta":"","header-below-stick-meta":"","astra-migrate-meta-layouts":"default","ast-page-background-enabled":"default","ast-page-background-meta":{"desktop":{"background-color":"var(--ast-global-color-4)","background-image":"","background-repeat":"repeat","background-position":"center center","background-size":"auto","background-attachment":"scroll","background-type":"","background-media":"","overlay-type":"","overlay-color":"","overlay-opacity":"","overlay-gradient":""},"tablet":{"background-color":"","background-image":"","background-repeat":"repeat","background-position":"center center","background-size":"auto","background-attachment":"scroll","background-type":"","background-media":"","overlay-type":"","overlay-color":"","overlay-opacity":"","overlay-gradient":""},"mobile":{"background-color":"","background-image":"","background-repeat":"repeat","background-position":"center center","background-size":"auto","background-attachment":"scroll","background-type":"","background-media":"","overlay-type":"","overlay-color":"","overlay-opacity":"","overlay-gradient":""}},"ast-content-background-meta":{"desktop":{"background-color":"var(--ast-global-color-5)","background-image":"","background-repeat":"repeat","background-position":"center center","background-size":"auto","background-attachment":"scroll","background-type":"","background-media":"","overlay-type":"","overlay-color":"","overlay-opacity":"","overlay-gradient":""},"tablet":{"background-color":"var(--ast-global-color-5)","background-image":"","background-repeat":"repeat","background-position":"center center","background-size":"auto","background-attachment":"scroll","background-type":"","background-media":"","overlay-type":"","overlay-color":"","overlay-opacity":"","overlay-gradient":""},"mobile":{"background-color":"var(--ast-global-color-5)","background-image":"","background-repeat":"repeat","background-position":"center center","background-size":"auto","background-attachment":"scroll","background-type":"","background-media":"","overlay-type":"","overlay-color":"","overlay-opacity":"","overlay-gradient":""}},"footnotes":""},"categories":[10,11,1,4],"tags":[290,78,54,74],"class_list":["post-10452","post","type-post","status-publish","format-standard","hentry","category-1r","category-2n","category-general","category-portada","tag-290","tag-cicle-inicial","tag-portada","tag-tasqueseduacioprimaria"],"post_mailing_queue_ids":[],"_links":{"self":[{"href":"https:\/\/agora.xtec.cat\/escolafrancescfeliu\/wp-json\/wp\/v2\/posts\/10452","targetHints":{"allow":["GET"]}}],"collection":[{"href":"https:\/\/agora.xtec.cat\/escolafrancescfeliu\/wp-json\/wp\/v2\/posts"}],"about":[{"href":"https:\/\/agora.xtec.cat\/escolafrancescfeliu\/wp-json\/wp\/v2\/types\/post"}],"author":[{"embeddable":true,"href":"https:\/\/agora.xtec.cat\/escolafrancescfeliu\/wp-json\/wp\/v2\/users\/33"}],"replies":[{"embeddable":true,"href":"https:\/\/agora.xtec.cat\/escolafrancescfeliu\/wp-json\/wp\/v2\/comments?post=10452"}],"version-history":[{"count":3,"href":"https:\/\/agora.xtec.cat\/escolafrancescfeliu\/wp-json\/wp\/v2\/posts\/10452\/revisions"}],"predecessor-version":[{"id":10491,"href":"https:\/\/agora.xtec.cat\/escolafrancescfeliu\/wp-json\/wp\/v2\/posts\/10452\/revisions\/10491"}],"wp:attachment":[{"href":"https:\/\/agora.xtec.cat\/escolafrancescfeliu\/wp-json\/wp\/v2\/media?parent=10452"}],"wp:term":[{"taxonomy":"category","embeddable":true,"href":"https:\/\/agora.xtec.cat\/escolafrancescfeliu\/wp-json\/wp\/v2\/categories?post=10452"},{"taxonomy":"post_tag","embeddable":true,"href":"https:\/\/agora.xtec.cat\/escolafrancescfeliu\/wp-json\/wp\/v2\/tags?post=10452"}],"curies":[{"name":"wp","href":"https:\/\/api.w.org\/{rel}","templated":true}]}}