{"id":10438,"date":"2024-02-29T16:24:10","date_gmt":"2024-02-29T15:24:10","guid":{"rendered":"https:\/\/agora.xtec.cat\/escolafrancescfeliu\/?p=10438"},"modified":"2024-02-29T16:41:11","modified_gmt":"2024-02-29T15:41:11","slug":"portes-obertes-2024","status":"publish","type":"post","link":"https:\/\/agora.xtec.cat\/escolafrancescfeliu\/general\/portes-obertes-2024\/","title":{"rendered":"PORTES  OBERTES  2024"},"content":{"rendered":"<p>Hola fam\u00edlies,<\/p>\n<p>A continuaci\u00f3, us deixem els enlla\u00e7os d&#8217;aguns v\u00eddeos que us vam ensenyar el dia de Portes Obertes per si els voleu tornar a mirar a casa amb calma. S\u00f3n v\u00eddeos de cursos anteriors per\u00f2 us poden donar una visi\u00f3 de com \u00e9s la nostra escola. Esperem que us agradin.<\/p>\n<p>QU\u00c8\u00a0 \u00c9S\u00a0 EL\u00a0 QUE\u00a0 M\u00c9S\u00a0 M&#8217;AGRADA\u00a0 DE\u00a0 LA\u00a0 MEVA\u00a0 ESCOLA<\/p>\n<p style=\"text-align: left;\"><a href=\"https:\/\/photos.google.com\/share\/AF1QipMB4RP7S4fIt3l5eMfqzekQUi5LYPZBb3f9mY1-VdrvDcRSaI4ApDt64uE_4nkwqw?key=NG93c01JajVQRHdYMnBpcGsxSlcwdl9QSFo4U1RB\" target=\"_blank\" rel=\"noopener\"><img loading=\"lazy\" decoding=\"async\" class=\"aligncenter wp-image-10442 size-medium\" src=\"https:\/\/agora.xtec.cat\/escolafrancescfeliu\/wp-content\/uploads\/usu213\/2024\/02\/Screenshot_20240229_155333_Photos-1-300x167.jpg\" alt=\"\" width=\"300\" height=\"167\" srcset=\"https:\/\/agora.xtec.cat\/escolafrancescfeliu\/wp-content\/uploads\/usu213\/2024\/02\/Screenshot_20240229_155333_Photos-1-300x167.jpg 300w, https:\/\/agora.xtec.cat\/escolafrancescfeliu\/wp-content\/uploads\/usu213\/2024\/02\/Screenshot_20240229_155333_Photos-1-1024x570.jpg 1024w, https:\/\/agora.xtec.cat\/escolafrancescfeliu\/wp-content\/uploads\/usu213\/2024\/02\/Screenshot_20240229_155333_Photos-1-768x427.jpg 768w, https:\/\/agora.xtec.cat\/escolafrancescfeliu\/wp-content\/uploads\/usu213\/2024\/02\/Screenshot_20240229_155333_Photos-1.jpg 1080w\" sizes=\"auto, (max-width: 300px) 100vw, 300px\" \/><\/a><\/p>\n<p style=\"text-align: center;\"><a href=\"https:\/\/photos.google.com\/share\/AF1QipMB4RP7S4fIt3l5eMfqzekQUi5LYPZBb3f9mY1-VdrvDcRSaI4ApDt64uE_4nkwqw?key=NG93c01JajVQRHdYMnBpcGsxSlcwdl9QSFo4U1RB\" target=\"_blank\" rel=\"noopener\">PER\u00a0 QU\u00c8\u00a0 M&#8217;AGRADA\u00a0 LA\u00a0 MEVA\u00a0 ESCOLA<\/a><\/p>\n<p>LIPDUB: SOMIEM\u00a0 UNA\u00a0 ESCOLA\u00a0 MILLOR<\/p>\n<p><a href=\"https:\/\/www.youtube.com\/watch?v=MzBb6lz6unY&amp;t=5s\" target=\"_blank\" rel=\"noopener\"><img loading=\"lazy\" decoding=\"async\" class=\"aligncenter wp-image-10440 size-medium\" src=\"https:\/\/agora.xtec.cat\/escolafrancescfeliu\/wp-content\/uploads\/usu213\/2024\/02\/Screenshot_20240229_155712_Chrome-300x214.jpg\" alt=\"\" width=\"300\" height=\"214\" srcset=\"https:\/\/agora.xtec.cat\/escolafrancescfeliu\/wp-content\/uploads\/usu213\/2024\/02\/Screenshot_20240229_155712_Chrome-300x214.jpg 300w, https:\/\/agora.xtec.cat\/escolafrancescfeliu\/wp-content\/uploads\/usu213\/2024\/02\/Screenshot_20240229_155712_Chrome-1024x731.jpg 1024w, https:\/\/agora.xtec.cat\/escolafrancescfeliu\/wp-content\/uploads\/usu213\/2024\/02\/Screenshot_20240229_155712_Chrome-768x549.jpg 768w, https:\/\/agora.xtec.cat\/escolafrancescfeliu\/wp-content\/uploads\/usu213\/2024\/02\/Screenshot_20240229_155712_Chrome.jpg 1078w\" sizes=\"auto, (max-width: 300px) 100vw, 300px\" \/><\/a><\/p>\n<p style=\"text-align: center;\"><a href=\"https:\/\/www.youtube.com\/watch?v=MzBb6lz6unY&amp;t=5s\" target=\"_blank\" rel=\"noopener\">SOMIEM\u00a0 UNA\u00a0 ESCOLA\u00a0 MILLOR<\/a><\/p>\n<p>LEMA\u00a0 D&#8217;ESCOLA: &#8220;PER\u00a0 UNA\u00a0 BONA\u00a0 CONVIV\u00c8NCIA\u00a0 STOP\u00a0 A\u00a0 LA\u00a0 VIOL\u00c8NCIA&#8221;<\/p>\n<p style=\"text-align: center;\">\u00a0 \u00a0 \u00a0 \u00a0\u00a0 \u00a0 \u00a0 <a href=\"https:\/\/www.youtube.com\/watch?v=5ru3llY3gRE\" target=\"_blank\" rel=\"noopener\"><img loading=\"lazy\" decoding=\"async\" class=\"aligncenter wp-image-10443\" src=\"https:\/\/agora.xtec.cat\/escolafrancescfeliu\/wp-content\/uploads\/usu213\/2024\/02\/Screenshot_20240229_155746_Chrome-300x214.jpg\" alt=\"\" width=\"233\" height=\"166\" srcset=\"https:\/\/agora.xtec.cat\/escolafrancescfeliu\/wp-content\/uploads\/usu213\/2024\/02\/Screenshot_20240229_155746_Chrome-300x214.jpg 300w, https:\/\/agora.xtec.cat\/escolafrancescfeliu\/wp-content\/uploads\/usu213\/2024\/02\/Screenshot_20240229_155746_Chrome-1024x732.jpg 1024w, https:\/\/agora.xtec.cat\/escolafrancescfeliu\/wp-content\/uploads\/usu213\/2024\/02\/Screenshot_20240229_155746_Chrome-768x549.jpg 768w, https:\/\/agora.xtec.cat\/escolafrancescfeliu\/wp-content\/uploads\/usu213\/2024\/02\/Screenshot_20240229_155746_Chrome.jpg 1080w\" sizes=\"auto, (max-width: 233px) 100vw, 233px\" \/><\/a><\/p>\n<p style=\"text-align: center;\"><a href=\"https:\/\/www.youtube.com\/watch?v=5ru3llY3gRE\" target=\"_blank\" rel=\"noopener\">PER\u00a0 UNA\u00a0 BONA\u00a0 CONVIV\u00c8NCIA\u00a0 STOP\u00a0 A\u00a0 LA\u00a0 VIOL\u00c8NCIA<\/a><\/p>\n<p>COM\u00a0 TREBALLEM\u00a0 A\u00a0 EDUCACI\u00d3\u00a0 INFANTIL<\/p>\n<p><a href=\"https:\/\/agora.xtec.cat\/escolafrancescfeliu\/general\/com-treballem-a-leducacio-infantil\/\" target=\"_blank\" rel=\"noopener\"><img loading=\"lazy\" decoding=\"async\" class=\"aligncenter\" src=\"https:\/\/i.pinimg.com\/736x\/b2\/b6\/55\/b2b655e2f2b7af967a950afd620ee93d.jpg\" alt=\"Descargar dise\u00f1o de concepto para la educaci\u00f3n infantil gratis | Educacion infantil, Actividades de aprendizaje preescolares, Decoraciones escolares\" width=\"206\" height=\"206\" \/><\/a><\/p>\n<p style=\"text-align: center;\"><a href=\"https:\/\/agora.xtec.cat\/escolafrancescfeliu\/general\/com-treballem-a-leducacio-infantil\/\" target=\"_blank\" rel=\"noopener\">COM\u00a0 TREBALLEM\u00a0 A\u00a0 EDUCACI\u00d3\u00a0 INFANTIL<\/a><\/p>\n<p>&nbsp;<\/p>\n","protected":false},"excerpt":{"rendered":"<p>Hola fam\u00edlies, A continuaci\u00f3, us deixem els enlla\u00e7os d&#8217;aguns v\u00eddeos que us vam ensenyar el dia de Portes Obertes per si els voleu tornar a mirar a casa amb calma. S\u00f3n v\u00eddeos de cursos anteriors per\u00f2 us poden donar una visi\u00f3 de com \u00e9s la nostra escola. Esperem que us agradin. QU\u00c8\u00a0 \u00c9S\u00a0 EL\u00a0 QUE\u00a0 [&hellip;]<\/p>\n","protected":false},"author":8,"featured_media":0,"comment_status":"closed","ping_status":"closed","sticky":false,"template":"","format":"standard","meta":{"_bbp_topic_count":0,"_bbp_reply_count":0,"_bbp_total_topic_count":0,"_bbp_total_reply_count":0,"_bbp_voice_count":0,"_bbp_anonymous_reply_count":0,"_bbp_topic_count_hidden":0,"_bbp_reply_count_hidden":0,"_bbp_forum_subforum_count":0,"site-sidebar-layout":"default","site-content-layout":"","ast-site-content-layout":"","site-content-style":"default","site-sidebar-style":"default","ast-global-header-display":"","ast-banner-title-visibility":"","ast-main-header-display":"","ast-hfb-above-header-display":"","ast-hfb-below-header-display":"","ast-hfb-mobile-header-display":"","site-post-title":"","ast-breadcrumbs-content":"","ast-featured-img":"","footer-sml-layout":"","theme-transparent-header-meta":"","adv-header-id-meta":"","stick-header-meta":"","header-above-stick-meta":"","header-main-stick-meta":"","header-below-stick-meta":"","astra-migrate-meta-layouts":"default","ast-page-background-enabled":"default","ast-page-background-meta":{"desktop":{"background-color":"var(--ast-global-color-4)","background-image":"","background-repeat":"repeat","background-position":"center center","background-size":"auto","background-attachment":"scroll","background-type":"","background-media":"","overlay-type":"","overlay-color":"","overlay-opacity":"","overlay-gradient":""},"tablet":{"background-color":"","background-image":"","background-repeat":"repeat","background-position":"center center","background-size":"auto","background-attachment":"scroll","background-type":"","background-media":"","overlay-type":"","overlay-color":"","overlay-opacity":"","overlay-gradient":""},"mobile":{"background-color":"","background-image":"","background-repeat":"repeat","background-position":"center center","background-size":"auto","background-attachment":"scroll","background-type":"","background-media":"","overlay-type":"","overlay-color":"","overlay-opacity":"","overlay-gradient":""}},"ast-content-background-meta":{"desktop":{"background-color":"var(--ast-global-color-5)","background-image":"","background-repeat":"repeat","background-position":"center center","background-size":"auto","background-attachment":"scroll","background-type":"","background-media":"","overlay-type":"","overlay-color":"","overlay-opacity":"","overlay-gradient":""},"tablet":{"background-color":"var(--ast-global-color-5)","background-image":"","background-repeat":"repeat","background-position":"center center","background-size":"auto","background-attachment":"scroll","background-type":"","background-media":"","overlay-type":"","overlay-color":"","overlay-opacity":"","overlay-gradient":""},"mobile":{"background-color":"var(--ast-global-color-5)","background-image":"","background-repeat":"repeat","background-position":"center center","background-size":"auto","background-attachment":"scroll","background-type":"","background-media":"","overlay-type":"","overlay-color":"","overlay-opacity":"","overlay-gradient":""}},"footnotes":""},"categories":[1,4],"tags":[304],"class_list":["post-10438","post","type-post","status-publish","format-standard","hentry","category-general","category-portada","tag-portes-obertes-2024"],"post_mailing_queue_ids":[],"_links":{"self":[{"href":"https:\/\/agora.xtec.cat\/escolafrancescfeliu\/wp-json\/wp\/v2\/posts\/10438","targetHints":{"allow":["GET"]}}],"collection":[{"href":"https:\/\/agora.xtec.cat\/escolafrancescfeliu\/wp-json\/wp\/v2\/posts"}],"about":[{"href":"https:\/\/agora.xtec.cat\/escolafrancescfeliu\/wp-json\/wp\/v2\/types\/post"}],"author":[{"embeddable":true,"href":"https:\/\/agora.xtec.cat\/escolafrancescfeliu\/wp-json\/wp\/v2\/users\/8"}],"replies":[{"embeddable":true,"href":"https:\/\/agora.xtec.cat\/escolafrancescfeliu\/wp-json\/wp\/v2\/comments?post=10438"}],"version-history":[{"count":6,"href":"https:\/\/agora.xtec.cat\/escolafrancescfeliu\/wp-json\/wp\/v2\/posts\/10438\/revisions"}],"predecessor-version":[{"id":10451,"href":"https:\/\/agora.xtec.cat\/escolafrancescfeliu\/wp-json\/wp\/v2\/posts\/10438\/revisions\/10451"}],"wp:attachment":[{"href":"https:\/\/agora.xtec.cat\/escolafrancescfeliu\/wp-json\/wp\/v2\/media?parent=10438"}],"wp:term":[{"taxonomy":"category","embeddable":true,"href":"https:\/\/agora.xtec.cat\/escolafrancescfeliu\/wp-json\/wp\/v2\/categories?post=10438"},{"taxonomy":"post_tag","embeddable":true,"href":"https:\/\/agora.xtec.cat\/escolafrancescfeliu\/wp-json\/wp\/v2\/tags?post=10438"}],"curies":[{"name":"wp","href":"https:\/\/api.w.org\/{rel}","templated":true}]}}