{"id":10400,"date":"2024-02-10T10:32:34","date_gmt":"2024-02-10T09:32:34","guid":{"rendered":"https:\/\/agora.xtec.cat\/escolafrancescfeliu\/?p=10400"},"modified":"2024-02-10T10:36:48","modified_gmt":"2024-02-10T09:36:48","slug":"celebrem-carnestoltes","status":"publish","type":"post","link":"https:\/\/agora.xtec.cat\/escolafrancescfeliu\/general\/celebrem-carnestoltes\/","title":{"rendered":"CELEBREM CARNESTOLTES!"},"content":{"rendered":"<p style=\"text-align: justify;\"><span style=\"font-weight: 400;\">Aquesta setmana a l\u2019escola, la disbauxa, l\u2019alegria i la m\u00fasica han estat les protagonistes! El Rei Carnestoltes unes ordres ha manat i tota l\u2019escola les ha realitzat!\u00a0<\/span><\/p>\n<p><span style=\"font-weight: 400;\">Mireu quines fotos m\u00e9s divertides! (Cliqueu da<\/span><span style=\"font-weight: 400;\">munt la imatge)<\/span><\/p>\n<p><a href=\"https:\/\/drive.google.com\/drive\/folders\/13hr3fk5-T2eXEP28aUpdwZHH-esidVAb?usp=drive_link\"><img loading=\"lazy\" decoding=\"async\" class=\"size-medium wp-image-10403 alignleft\" src=\"https:\/\/agora.xtec.cat\/escolafrancescfeliu\/wp-content\/uploads\/usu213\/2024\/02\/1707426382088-300x225.jpg\" alt=\"\" width=\"300\" height=\"225\" srcset=\"https:\/\/agora.xtec.cat\/escolafrancescfeliu\/wp-content\/uploads\/usu213\/2024\/02\/1707426382088-300x225.jpg 300w, https:\/\/agora.xtec.cat\/escolafrancescfeliu\/wp-content\/uploads\/usu213\/2024\/02\/1707426382088-1024x768.jpg 1024w, https:\/\/agora.xtec.cat\/escolafrancescfeliu\/wp-content\/uploads\/usu213\/2024\/02\/1707426382088-768x576.jpg 768w, https:\/\/agora.xtec.cat\/escolafrancescfeliu\/wp-content\/uploads\/usu213\/2024\/02\/1707426382088-1536x1152.jpg 1536w, https:\/\/agora.xtec.cat\/escolafrancescfeliu\/wp-content\/uploads\/usu213\/2024\/02\/1707426382088-200x150.jpg 200w, https:\/\/agora.xtec.cat\/escolafrancescfeliu\/wp-content\/uploads\/usu213\/2024\/02\/1707426382088.jpg 1600w\" sizes=\"auto, (max-width: 300px) 100vw, 300px\" \/><\/a><\/p>\n<p>&nbsp;<\/p>\n<p>&nbsp;<\/p>\n<p>&nbsp;<\/p>\n<p>&nbsp;<\/p>\n<p>&nbsp;<\/p>\n<p style=\"text-align: justify;\"><span style=\"font-weight: 400;\">A la tarda del dijous gras, tota la comunitat educativa va poder gaudir de la Rua, al poliesportiu,\u00a0 amb les actuacions dels diferents cursos.\u00a0<\/span><span style=\"font-weight: 400;\">La presentaci\u00f3 a c\u00e0rrec de les Dorothys ha estat incre\u00edble! Hem fet un recorregut pels diferents personatges del M\u00e0gic d\u2019Oz. Els alumnes de l\u2019escola ho han fet genial! Gr\u00e0cies a l\u2019 AFA, per estar sempre al nostre costat. Avui han repartit coca i xocolata a tots els infants de l\u2019escola.<\/span><\/p>\n<p><span style=\"font-weight: 400;\">(Cliqueu da<\/span><span style=\"font-weight: 400;\">munt la imatge per veure les fotos)<\/span><\/p>\n<p><a href=\"https:\/\/drive.google.com\/drive\/folders\/16B4dzOMUmKO5TbIO0xRqlWzeQtU8kkb0?usp=drive_link\"><img loading=\"lazy\" decoding=\"async\" class=\"wp-image-10405 alignleft\" src=\"https:\/\/agora.xtec.cat\/escolafrancescfeliu\/wp-content\/uploads\/usu213\/2024\/02\/1707433098298-300x300.jpg\" alt=\"\" width=\"255\" height=\"255\" srcset=\"https:\/\/agora.xtec.cat\/escolafrancescfeliu\/wp-content\/uploads\/usu213\/2024\/02\/1707433098298-300x300.jpg 300w, https:\/\/agora.xtec.cat\/escolafrancescfeliu\/wp-content\/uploads\/usu213\/2024\/02\/1707433098298-1024x1024.jpg 1024w, https:\/\/agora.xtec.cat\/escolafrancescfeliu\/wp-content\/uploads\/usu213\/2024\/02\/1707433098298-150x150.jpg 150w, https:\/\/agora.xtec.cat\/escolafrancescfeliu\/wp-content\/uploads\/usu213\/2024\/02\/1707433098298-768x768.jpg 768w, https:\/\/agora.xtec.cat\/escolafrancescfeliu\/wp-content\/uploads\/usu213\/2024\/02\/1707433098298-1536x1536.jpg 1536w, https:\/\/agora.xtec.cat\/escolafrancescfeliu\/wp-content\/uploads\/usu213\/2024\/02\/1707433098298-2048x2048.jpg 2048w\" sizes=\"auto, (max-width: 255px) 100vw, 255px\" \/><\/a><\/p>\n<p>&nbsp;<\/p>\n<p>&nbsp;<\/p>\n<p>&nbsp;<\/p>\n<p>&nbsp;<\/p>\n<p>&nbsp;<\/p>\n<p>&nbsp;<\/p>\n<p><span style=\"font-weight: 400;\">(Cliqueu da<\/span><span style=\"font-weight: 400;\">munt la imatge per veure actuacions)<\/span><\/p>\n<p><a href=\"https:\/\/drive.google.com\/drive\/folders\/15Mryh0EypllkmIX0KpKyys5Dyz2-j_QE?usp=drive_link\"><img loading=\"lazy\" decoding=\"async\" class=\"size-medium wp-image-10404 alignleft\" src=\"https:\/\/agora.xtec.cat\/escolafrancescfeliu\/wp-content\/uploads\/usu213\/2024\/02\/1707433098279-300x150.jpg\" alt=\"\" width=\"300\" height=\"150\" srcset=\"https:\/\/agora.xtec.cat\/escolafrancescfeliu\/wp-content\/uploads\/usu213\/2024\/02\/1707433098279-300x150.jpg 300w, https:\/\/agora.xtec.cat\/escolafrancescfeliu\/wp-content\/uploads\/usu213\/2024\/02\/1707433098279-1024x513.jpg 1024w, https:\/\/agora.xtec.cat\/escolafrancescfeliu\/wp-content\/uploads\/usu213\/2024\/02\/1707433098279-768x385.jpg 768w, https:\/\/agora.xtec.cat\/escolafrancescfeliu\/wp-content\/uploads\/usu213\/2024\/02\/1707433098279-1536x769.jpg 1536w, https:\/\/agora.xtec.cat\/escolafrancescfeliu\/wp-content\/uploads\/usu213\/2024\/02\/1707433098279-2048x1025.jpg 2048w\" sizes=\"auto, (max-width: 300px) 100vw, 300px\" \/><\/a><\/p>\n<p>&nbsp;<\/p>\n<p>&nbsp;<\/p>\n<p>&nbsp;<\/p>\n<p>&nbsp;<\/p>\n<p><span style=\"font-weight: 400;\">Visca el Rei Carnestoltes! Fins l\u2019any vinent!\u00a0<\/span><\/p>\n<p>&nbsp;<\/p>\n","protected":false},"excerpt":{"rendered":"<p>Aquesta setmana a l\u2019escola, la disbauxa, l\u2019alegria i la m\u00fasica han estat les protagonistes! El Rei Carnestoltes unes ordres ha manat i tota l\u2019escola les ha realitzat!\u00a0 Mireu quines fotos m\u00e9s divertides! (Cliqueu damunt la imatge) &nbsp; &nbsp; &nbsp; &nbsp; &nbsp; A la tarda del dijous gras, tota la comunitat educativa va poder gaudir de [&hellip;]<\/p>\n","protected":false},"author":1,"featured_media":0,"comment_status":"closed","ping_status":"closed","sticky":false,"template":"","format":"standard","meta":{"_bbp_topic_count":0,"_bbp_reply_count":0,"_bbp_total_topic_count":0,"_bbp_total_reply_count":0,"_bbp_voice_count":0,"_bbp_anonymous_reply_count":0,"_bbp_topic_count_hidden":0,"_bbp_reply_count_hidden":0,"_bbp_forum_subforum_count":0,"site-sidebar-layout":"default","site-content-layout":"","ast-site-content-layout":"","site-content-style":"default","site-sidebar-style":"default","ast-global-header-display":"","ast-banner-title-visibility":"","ast-main-header-display":"","ast-hfb-above-header-display":"","ast-hfb-below-header-display":"","ast-hfb-mobile-header-display":"","site-post-title":"","ast-breadcrumbs-content":"","ast-featured-img":"","footer-sml-layout":"","theme-transparent-header-meta":"","adv-header-id-meta":"","stick-header-meta":"","header-above-stick-meta":"","header-main-stick-meta":"","header-below-stick-meta":"","astra-migrate-meta-layouts":"default","ast-page-background-enabled":"default","ast-page-background-meta":{"desktop":{"background-color":"var(--ast-global-color-4)","background-image":"","background-repeat":"repeat","background-position":"center center","background-size":"auto","background-attachment":"scroll","background-type":"","background-media":"","overlay-type":"","overlay-color":"","overlay-opacity":"","overlay-gradient":""},"tablet":{"background-color":"","background-image":"","background-repeat":"repeat","background-position":"center center","background-size":"auto","background-attachment":"scroll","background-type":"","background-media":"","overlay-type":"","overlay-color":"","overlay-opacity":"","overlay-gradient":""},"mobile":{"background-color":"","background-image":"","background-repeat":"repeat","background-position":"center center","background-size":"auto","background-attachment":"scroll","background-type":"","background-media":"","overlay-type":"","overlay-color":"","overlay-opacity":"","overlay-gradient":""}},"ast-content-background-meta":{"desktop":{"background-color":"var(--ast-global-color-5)","background-image":"","background-repeat":"repeat","background-position":"center center","background-size":"auto","background-attachment":"scroll","background-type":"","background-media":"","overlay-type":"","overlay-color":"","overlay-opacity":"","overlay-gradient":""},"tablet":{"background-color":"var(--ast-global-color-5)","background-image":"","background-repeat":"repeat","background-position":"center center","background-size":"auto","background-attachment":"scroll","background-type":"","background-media":"","overlay-type":"","overlay-color":"","overlay-opacity":"","overlay-gradient":""},"mobile":{"background-color":"var(--ast-global-color-5)","background-image":"","background-repeat":"repeat","background-position":"center center","background-size":"auto","background-attachment":"scroll","background-type":"","background-media":"","overlay-type":"","overlay-color":"","overlay-opacity":"","overlay-gradient":""}},"footnotes":""},"categories":[1,2,4,5],"tags":[290,52,299],"class_list":["post-10400","post","type-post","status-publish","format-standard","hentry","category-general","category-infantil","category-portada","category-primaria","tag-290","tag-carnestoltes","tag-febrer"],"post_mailing_queue_ids":[],"_links":{"self":[{"href":"https:\/\/agora.xtec.cat\/escolafrancescfeliu\/wp-json\/wp\/v2\/posts\/10400","targetHints":{"allow":["GET"]}}],"collection":[{"href":"https:\/\/agora.xtec.cat\/escolafrancescfeliu\/wp-json\/wp\/v2\/posts"}],"about":[{"href":"https:\/\/agora.xtec.cat\/escolafrancescfeliu\/wp-json\/wp\/v2\/types\/post"}],"author":[{"embeddable":true,"href":"https:\/\/agora.xtec.cat\/escolafrancescfeliu\/wp-json\/wp\/v2\/users\/1"}],"replies":[{"embeddable":true,"href":"https:\/\/agora.xtec.cat\/escolafrancescfeliu\/wp-json\/wp\/v2\/comments?post=10400"}],"version-history":[{"count":6,"href":"https:\/\/agora.xtec.cat\/escolafrancescfeliu\/wp-json\/wp\/v2\/posts\/10400\/revisions"}],"predecessor-version":[{"id":10410,"href":"https:\/\/agora.xtec.cat\/escolafrancescfeliu\/wp-json\/wp\/v2\/posts\/10400\/revisions\/10410"}],"wp:attachment":[{"href":"https:\/\/agora.xtec.cat\/escolafrancescfeliu\/wp-json\/wp\/v2\/media?parent=10400"}],"wp:term":[{"taxonomy":"category","embeddable":true,"href":"https:\/\/agora.xtec.cat\/escolafrancescfeliu\/wp-json\/wp\/v2\/categories?post=10400"},{"taxonomy":"post_tag","embeddable":true,"href":"https:\/\/agora.xtec.cat\/escolafrancescfeliu\/wp-json\/wp\/v2\/tags?post=10400"}],"curies":[{"name":"wp","href":"https:\/\/api.w.org\/{rel}","templated":true}]}}