{"id":10386,"date":"2024-02-14T12:00:49","date_gmt":"2024-02-14T11:00:49","guid":{"rendered":"https:\/\/agora.xtec.cat\/escolafrancescfeliu\/?p=10386"},"modified":"2024-02-14T12:12:13","modified_gmt":"2024-02-14T11:12:13","slug":"taller-de-plastica-a-ed-infantil","status":"publish","type":"post","link":"https:\/\/agora.xtec.cat\/escolafrancescfeliu\/infantil\/taller-de-plastica-a-ed-infantil\/","title":{"rendered":"TALLER  DE  PL\u00c0STICA  A  ED.INFANTIL"},"content":{"rendered":"<p style=\"text-align: justify; line-height: 150%;\"><span style=\"font-family: 'Arial',sans-serif;\">Hola fam\u00edlies,<\/span><\/p>\n<p style=\"text-align: justify; line-height: 150%;\"><span style=\"font-family: 'Arial',sans-serif;\">Aquest curs, en el taller de pl\u00e0stica, els alumnes d&#8217;Educaci\u00f3 Infantil estem treballant l&#8217;obra del pintor catal\u00e0 Joan Mir\u00f3. A trav\u00e9s dels seus quadres, descobrim diferents t\u00e8cniques pl\u00e0stiques i alhora coneixem i manipulem diversos materials. A continuaci\u00f3, us presentem unes diapositives amb els treballs fets. Esperem que us agradi.<\/span><\/p>\n<p style=\"text-align: justify; line-height: 150%;\"><a href=\"https:\/\/www.canva.com\/design\/DAFzB2lf2F4\/yw0wnz285Ik-14EsXwqyKw\/edit?utm_content=DAFzB2lf2F4&amp;utm_campaign=designshare&amp;utm_medium=link2&amp;utm_source=sharebutton\" target=\"_blank\" rel=\"noopener\"><img loading=\"lazy\" decoding=\"async\" class=\"aligncenter wp-image-10395 size-medium\" src=\"https:\/\/agora.xtec.cat\/escolafrancescfeliu\/wp-content\/uploads\/usu213\/2024\/02\/miro-300x169.jpg\" alt=\"\" width=\"300\" height=\"169\" srcset=\"https:\/\/agora.xtec.cat\/escolafrancescfeliu\/wp-content\/uploads\/usu213\/2024\/02\/miro-300x169.jpg 300w, https:\/\/agora.xtec.cat\/escolafrancescfeliu\/wp-content\/uploads\/usu213\/2024\/02\/miro-1024x576.jpg 1024w, https:\/\/agora.xtec.cat\/escolafrancescfeliu\/wp-content\/uploads\/usu213\/2024\/02\/miro-768x432.jpg 768w, https:\/\/agora.xtec.cat\/escolafrancescfeliu\/wp-content\/uploads\/usu213\/2024\/02\/miro.jpg 1280w\" sizes=\"auto, (max-width: 300px) 100vw, 300px\" \/><\/a><\/p>\n<p style=\"text-align: center;\"><a href=\"https:\/\/www.canva.com\/design\/DAFzB2lf2F4\/yw0wnz285Ik-14EsXwqyKw\/edit\" target=\"_blank\" rel=\"noopener\">JOAN MIR\u00d3 A INFANTIL<\/a><\/p>\n","protected":false},"excerpt":{"rendered":"<p>Hola fam\u00edlies, Aquest curs, en el taller de pl\u00e0stica, els alumnes d&#8217;Educaci\u00f3 Infantil estem treballant l&#8217;obra del pintor catal\u00e0 Joan Mir\u00f3. A trav\u00e9s dels seus quadres, descobrim diferents t\u00e8cniques pl\u00e0stiques i alhora coneixem i manipulem diversos materials. A continuaci\u00f3, us presentem unes diapositives amb els treballs fets. Esperem que us agradi. JOAN MIR\u00d3 A INFANTIL<\/p>\n","protected":false},"author":8,"featured_media":0,"comment_status":"closed","ping_status":"closed","sticky":false,"template":"","format":"standard","meta":{"_bbp_topic_count":0,"_bbp_reply_count":0,"_bbp_total_topic_count":0,"_bbp_total_reply_count":0,"_bbp_voice_count":0,"_bbp_anonymous_reply_count":0,"_bbp_topic_count_hidden":0,"_bbp_reply_count_hidden":0,"_bbp_forum_subforum_count":0,"site-sidebar-layout":"default","site-content-layout":"","ast-site-content-layout":"","site-content-style":"default","site-sidebar-style":"default","ast-global-header-display":"","ast-banner-title-visibility":"","ast-main-header-display":"","ast-hfb-above-header-display":"","ast-hfb-below-header-display":"","ast-hfb-mobile-header-display":"","site-post-title":"","ast-breadcrumbs-content":"","ast-featured-img":"","footer-sml-layout":"","theme-transparent-header-meta":"","adv-header-id-meta":"","stick-header-meta":"","header-above-stick-meta":"","header-main-stick-meta":"","header-below-stick-meta":"","astra-migrate-meta-layouts":"default","ast-page-background-enabled":"default","ast-page-background-meta":{"desktop":{"background-color":"var(--ast-global-color-4)","background-image":"","background-repeat":"repeat","background-position":"center center","background-size":"auto","background-attachment":"scroll","background-type":"","background-media":"","overlay-type":"","overlay-color":"","overlay-opacity":"","overlay-gradient":""},"tablet":{"background-color":"","background-image":"","background-repeat":"repeat","background-position":"center center","background-size":"auto","background-attachment":"scroll","background-type":"","background-media":"","overlay-type":"","overlay-color":"","overlay-opacity":"","overlay-gradient":""},"mobile":{"background-color":"","background-image":"","background-repeat":"repeat","background-position":"center center","background-size":"auto","background-attachment":"scroll","background-type":"","background-media":"","overlay-type":"","overlay-color":"","overlay-opacity":"","overlay-gradient":""}},"ast-content-background-meta":{"desktop":{"background-color":"var(--ast-global-color-5)","background-image":"","background-repeat":"repeat","background-position":"center center","background-size":"auto","background-attachment":"scroll","background-type":"","background-media":"","overlay-type":"","overlay-color":"","overlay-opacity":"","overlay-gradient":""},"tablet":{"background-color":"var(--ast-global-color-5)","background-image":"","background-repeat":"repeat","background-position":"center center","background-size":"auto","background-attachment":"scroll","background-type":"","background-media":"","overlay-type":"","overlay-color":"","overlay-opacity":"","overlay-gradient":""},"mobile":{"background-color":"var(--ast-global-color-5)","background-image":"","background-repeat":"repeat","background-position":"center center","background-size":"auto","background-attachment":"scroll","background-type":"","background-media":"","overlay-type":"","overlay-color":"","overlay-opacity":"","overlay-gradient":""}},"footnotes":""},"categories":[3,8,9,2,4],"tags":[290,86,251],"class_list":["post-10386","post","type-post","status-publish","format-standard","hentry","category-i3","category-i4","category-i5","category-infantil","category-portada","tag-290","tag-infantil","tag-tallers"],"post_mailing_queue_ids":[],"_links":{"self":[{"href":"https:\/\/agora.xtec.cat\/escolafrancescfeliu\/wp-json\/wp\/v2\/posts\/10386","targetHints":{"allow":["GET"]}}],"collection":[{"href":"https:\/\/agora.xtec.cat\/escolafrancescfeliu\/wp-json\/wp\/v2\/posts"}],"about":[{"href":"https:\/\/agora.xtec.cat\/escolafrancescfeliu\/wp-json\/wp\/v2\/types\/post"}],"author":[{"embeddable":true,"href":"https:\/\/agora.xtec.cat\/escolafrancescfeliu\/wp-json\/wp\/v2\/users\/8"}],"replies":[{"embeddable":true,"href":"https:\/\/agora.xtec.cat\/escolafrancescfeliu\/wp-json\/wp\/v2\/comments?post=10386"}],"version-history":[{"count":6,"href":"https:\/\/agora.xtec.cat\/escolafrancescfeliu\/wp-json\/wp\/v2\/posts\/10386\/revisions"}],"predecessor-version":[{"id":10413,"href":"https:\/\/agora.xtec.cat\/escolafrancescfeliu\/wp-json\/wp\/v2\/posts\/10386\/revisions\/10413"}],"wp:attachment":[{"href":"https:\/\/agora.xtec.cat\/escolafrancescfeliu\/wp-json\/wp\/v2\/media?parent=10386"}],"wp:term":[{"taxonomy":"category","embeddable":true,"href":"https:\/\/agora.xtec.cat\/escolafrancescfeliu\/wp-json\/wp\/v2\/categories?post=10386"},{"taxonomy":"post_tag","embeddable":true,"href":"https:\/\/agora.xtec.cat\/escolafrancescfeliu\/wp-json\/wp\/v2\/tags?post=10386"}],"curies":[{"name":"wp","href":"https:\/\/api.w.org\/{rel}","templated":true}]}}