{"id":10361,"date":"2023-12-19T22:15:31","date_gmt":"2023-12-19T21:15:31","guid":{"rendered":"https:\/\/agora.xtec.cat\/escolafrancescfeliu\/?p=10361"},"modified":"2024-01-11T10:11:21","modified_gmt":"2024-01-11T09:11:21","slug":"festival-de-nadal","status":"publish","type":"post","link":"https:\/\/agora.xtec.cat\/escolafrancescfeliu\/general\/festival-de-nadal\/","title":{"rendered":"FESTIVAL DE NADAL"},"content":{"rendered":"<p>Com cada any, els alumnes de l&#8217;escola hem rebut les festes de Nadal i acomiadat l&#8217;any amb un festival al poliesportiu. Hem estat treballant durant molt de temps per poder-ho fer el millor possible i passar-ho molt b\u00e9.<\/p>\n<p>Bon any 2024!!<\/p>\n<table style=\"border-collapse: collapse; width: 100%;\">\n<tbody>\n<tr>\n<td style=\"width: 50.8523%; text-align: left;\"><a href=\"https:\/\/drive.google.com\/file\/d\/1meXHRzeIAo-eTmD7NvcuZrsiw0htEkFk\/view?usp=sharing\" target=\"_blank\" rel=\"noopener\">ENLLA\u00c7 AL V\u00cdDEO<\/a><\/td>\n<td style=\"width: 49.1477%; text-align: left;\"><a href=\"https:\/\/drive.google.com\/drive\/folders\/1-YYlJVEihyjIPajqTn55A2ZFJABL1Qcn?usp=sharing\" target=\"_blank\" rel=\"noopener\">ENLLA\u00c7 A LES FOTOS<\/a><\/td>\n<\/tr>\n<tr>\n<td style=\"width: 50.8523%; text-align: left;\"><a href=\"https:\/\/drive.google.com\/file\/d\/1meXHRzeIAo-eTmD7NvcuZrsiw0htEkFk\/view?usp=sharing\" target=\"_blank\" rel=\"noopener\"><img loading=\"lazy\" decoding=\"async\" class=\"size-medium wp-image-10363 alignleft\" src=\"https:\/\/agora.xtec.cat\/escolafrancescfeliu\/wp-content\/uploads\/usu213\/2024\/01\/IMG_20231219_165510-300x151.jpg\" alt=\"\" width=\"300\" height=\"151\" srcset=\"https:\/\/agora.xtec.cat\/escolafrancescfeliu\/wp-content\/uploads\/usu213\/2024\/01\/IMG_20231219_165510-300x151.jpg 300w, https:\/\/agora.xtec.cat\/escolafrancescfeliu\/wp-content\/uploads\/usu213\/2024\/01\/IMG_20231219_165510-1024x516.jpg 1024w, https:\/\/agora.xtec.cat\/escolafrancescfeliu\/wp-content\/uploads\/usu213\/2024\/01\/IMG_20231219_165510-768x387.jpg 768w, https:\/\/agora.xtec.cat\/escolafrancescfeliu\/wp-content\/uploads\/usu213\/2024\/01\/IMG_20231219_165510-1536x774.jpg 1536w, https:\/\/agora.xtec.cat\/escolafrancescfeliu\/wp-content\/uploads\/usu213\/2024\/01\/IMG_20231219_165510-2048x1032.jpg 2048w\" sizes=\"auto, (max-width: 300px) 100vw, 300px\" \/><\/a><\/td>\n<td style=\"width: 49.1477%; text-align: left;\"><a href=\"https:\/\/drive.google.com\/drive\/folders\/1-YYlJVEihyjIPajqTn55A2ZFJABL1Qcn?usp=sharing\" target=\"_blank\" rel=\"noopener\"><img loading=\"lazy\" decoding=\"async\" class=\"alignleft wp-image-10365 size-medium\" src=\"https:\/\/agora.xtec.cat\/escolafrancescfeliu\/wp-content\/uploads\/usu213\/2024\/01\/IMG_20231219_163233-e1704835539498-300x151.jpg\" alt=\"\" width=\"300\" height=\"151\" srcset=\"https:\/\/agora.xtec.cat\/escolafrancescfeliu\/wp-content\/uploads\/usu213\/2024\/01\/IMG_20231219_163233-e1704835539498-300x151.jpg 300w, https:\/\/agora.xtec.cat\/escolafrancescfeliu\/wp-content\/uploads\/usu213\/2024\/01\/IMG_20231219_163233-e1704835539498-1024x517.jpg 1024w, https:\/\/agora.xtec.cat\/escolafrancescfeliu\/wp-content\/uploads\/usu213\/2024\/01\/IMG_20231219_163233-e1704835539498-768x388.jpg 768w, https:\/\/agora.xtec.cat\/escolafrancescfeliu\/wp-content\/uploads\/usu213\/2024\/01\/IMG_20231219_163233-e1704835539498.jpg 1484w\" sizes=\"auto, (max-width: 300px) 100vw, 300px\" \/><\/a><\/td>\n<\/tr>\n<\/tbody>\n<\/table>\n","protected":false},"excerpt":{"rendered":"<p>Com cada any, els alumnes de l&#8217;escola hem rebut les festes de Nadal i acomiadat l&#8217;any amb un festival al poliesportiu. Hem estat treballant durant molt de temps per poder-ho fer el millor possible i passar-ho molt b\u00e9. Bon any 2024!! ENLLA\u00c7 AL V\u00cdDEO ENLLA\u00c7 A LES FOTOS<\/p>\n","protected":false},"author":1,"featured_media":10363,"comment_status":"closed","ping_status":"closed","sticky":false,"template":"","format":"standard","meta":{"_bbp_topic_count":0,"_bbp_reply_count":0,"_bbp_total_topic_count":0,"_bbp_total_reply_count":0,"_bbp_voice_count":0,"_bbp_anonymous_reply_count":0,"_bbp_topic_count_hidden":0,"_bbp_reply_count_hidden":0,"_bbp_forum_subforum_count":0,"site-sidebar-layout":"default","site-content-layout":"","ast-site-content-layout":"","site-content-style":"default","site-sidebar-style":"default","ast-global-header-display":"","ast-banner-title-visibility":"","ast-main-header-display":"","ast-hfb-above-header-display":"","ast-hfb-below-header-display":"","ast-hfb-mobile-header-display":"","site-post-title":"","ast-breadcrumbs-content":"","ast-featured-img":"","footer-sml-layout":"","theme-transparent-header-meta":"","adv-header-id-meta":"","stick-header-meta":"","header-above-stick-meta":"","header-main-stick-meta":"","header-below-stick-meta":"","astra-migrate-meta-layouts":"default","ast-page-background-enabled":"default","ast-page-background-meta":{"desktop":{"background-color":"var(--ast-global-color-4)","background-image":"","background-repeat":"repeat","background-position":"center center","background-size":"auto","background-attachment":"scroll","background-type":"","background-media":"","overlay-type":"","overlay-color":"","overlay-opacity":"","overlay-gradient":""},"tablet":{"background-color":"","background-image":"","background-repeat":"repeat","background-position":"center center","background-size":"auto","background-attachment":"scroll","background-type":"","background-media":"","overlay-type":"","overlay-color":"","overlay-opacity":"","overlay-gradient":""},"mobile":{"background-color":"","background-image":"","background-repeat":"repeat","background-position":"center center","background-size":"auto","background-attachment":"scroll","background-type":"","background-media":"","overlay-type":"","overlay-color":"","overlay-opacity":"","overlay-gradient":""}},"ast-content-background-meta":{"desktop":{"background-color":"var(--ast-global-color-5)","background-image":"","background-repeat":"repeat","background-position":"center center","background-size":"auto","background-attachment":"scroll","background-type":"","background-media":"","overlay-type":"","overlay-color":"","overlay-opacity":"","overlay-gradient":""},"tablet":{"background-color":"var(--ast-global-color-5)","background-image":"","background-repeat":"repeat","background-position":"center center","background-size":"auto","background-attachment":"scroll","background-type":"","background-media":"","overlay-type":"","overlay-color":"","overlay-opacity":"","overlay-gradient":""},"mobile":{"background-color":"var(--ast-global-color-5)","background-image":"","background-repeat":"repeat","background-position":"center center","background-size":"auto","background-attachment":"scroll","background-type":"","background-media":"","overlay-type":"","overlay-color":"","overlay-opacity":"","overlay-gradient":""}},"footnotes":""},"categories":[1,2,4,5],"tags":[260,62,291,255],"class_list":["post-10361","post","type-post","status-publish","format-standard","has-post-thumbnail","hentry","category-general","category-infantil","category-portada","category-primaria","tag-260","tag-escolafrancescfeliu","tag-festival","tag-nadal"],"post_mailing_queue_ids":[],"_links":{"self":[{"href":"https:\/\/agora.xtec.cat\/escolafrancescfeliu\/wp-json\/wp\/v2\/posts\/10361","targetHints":{"allow":["GET"]}}],"collection":[{"href":"https:\/\/agora.xtec.cat\/escolafrancescfeliu\/wp-json\/wp\/v2\/posts"}],"about":[{"href":"https:\/\/agora.xtec.cat\/escolafrancescfeliu\/wp-json\/wp\/v2\/types\/post"}],"author":[{"embeddable":true,"href":"https:\/\/agora.xtec.cat\/escolafrancescfeliu\/wp-json\/wp\/v2\/users\/1"}],"replies":[{"embeddable":true,"href":"https:\/\/agora.xtec.cat\/escolafrancescfeliu\/wp-json\/wp\/v2\/comments?post=10361"}],"version-history":[{"count":4,"href":"https:\/\/agora.xtec.cat\/escolafrancescfeliu\/wp-json\/wp\/v2\/posts\/10361\/revisions"}],"predecessor-version":[{"id":10367,"href":"https:\/\/agora.xtec.cat\/escolafrancescfeliu\/wp-json\/wp\/v2\/posts\/10361\/revisions\/10367"}],"wp:featuredmedia":[{"embeddable":true,"href":"https:\/\/agora.xtec.cat\/escolafrancescfeliu\/wp-json\/wp\/v2\/media\/10363"}],"wp:attachment":[{"href":"https:\/\/agora.xtec.cat\/escolafrancescfeliu\/wp-json\/wp\/v2\/media?parent=10361"}],"wp:term":[{"taxonomy":"category","embeddable":true,"href":"https:\/\/agora.xtec.cat\/escolafrancescfeliu\/wp-json\/wp\/v2\/categories?post=10361"},{"taxonomy":"post_tag","embeddable":true,"href":"https:\/\/agora.xtec.cat\/escolafrancescfeliu\/wp-json\/wp\/v2\/tags?post=10361"}],"curies":[{"name":"wp","href":"https:\/\/api.w.org\/{rel}","templated":true}]}}