{"id":10303,"date":"2023-11-03T10:00:59","date_gmt":"2023-11-03T09:00:59","guid":{"rendered":"https:\/\/agora.xtec.cat\/escolafrancescfeliu\/?p=10303"},"modified":"2023-11-03T10:09:41","modified_gmt":"2023-11-03T09:09:41","slug":"sortida-cicle-inicial-ecocentre-les-obagues","status":"publish","type":"post","link":"https:\/\/agora.xtec.cat\/escolafrancescfeliu\/general\/sortida-cicle-inicial-ecocentre-les-obagues\/","title":{"rendered":"Sortida Cicle Inicial: Ecocentre Les Obagues"},"content":{"rendered":"<p>Els alumnes de cicle inicial van visitar l\u2019Ecocentre &#8220;Les Obages&#8221;. Un entorn natural on es van endinsar en la natura i van con\u00e8ixer de primera m\u00e0 una explotaci\u00f3 agr\u00e0ria. Van gaudir dels tallers de la granja, l\u2019hort i el forn de pa.<br \/>\nS&#8217;ho han passat molt b\u00e9 plantant bledes i espinacs, munyin les vaques i amassant el pa. \ud83d\udc04 \ud83e\udd56 \ud83c\udf31 I de regal ens han donat dues carabasses gegants.\ud83c\udf83 \ud83c\udf83<\/p>\n<p>Cliqueu per poder veure les fotos.<\/p>\n<p><a href=\"https:\/\/drive.google.com\/drive\/folders\/1tE6B2KB6Ex_rYMcNcr96-9NZ9-CI9TA2?usp=drive_link\"><img loading=\"lazy\" decoding=\"async\" class=\"aligncenter wp-image-10289\" src=\"https:\/\/agora.xtec.cat\/escolafrancescfeliu\/wp-content\/uploads\/usu213\/2023\/10\/photo-99135_1280-300x300.png\" alt=\"\" width=\"118\" height=\"118\" srcset=\"https:\/\/agora.xtec.cat\/escolafrancescfeliu\/wp-content\/uploads\/usu213\/2023\/10\/photo-99135_1280-300x300.png 300w, https:\/\/agora.xtec.cat\/escolafrancescfeliu\/wp-content\/uploads\/usu213\/2023\/10\/photo-99135_1280-1024x1024.png 1024w, https:\/\/agora.xtec.cat\/escolafrancescfeliu\/wp-content\/uploads\/usu213\/2023\/10\/photo-99135_1280-150x150.png 150w, https:\/\/agora.xtec.cat\/escolafrancescfeliu\/wp-content\/uploads\/usu213\/2023\/10\/photo-99135_1280-768x768.png 768w, https:\/\/agora.xtec.cat\/escolafrancescfeliu\/wp-content\/uploads\/usu213\/2023\/10\/photo-99135_1280.png 1280w\" sizes=\"auto, (max-width: 118px) 100vw, 118px\" \/><\/a><\/p>\n","protected":false},"excerpt":{"rendered":"<p>Els alumnes de cicle inicial van visitar l\u2019Ecocentre &#8220;Les Obages&#8221;. Un entorn natural on es van endinsar en la natura i van con\u00e8ixer de primera m\u00e0 una explotaci\u00f3 agr\u00e0ria. Van gaudir dels tallers de la granja, l\u2019hort i el forn de pa. S&#8217;ho han passat molt b\u00e9 plantant bledes i espinacs, munyin les vaques i [&hellip;]<\/p>\n","protected":false},"author":1,"featured_media":0,"comment_status":"open","ping_status":"closed","sticky":false,"template":"","format":"standard","meta":{"_bbp_topic_count":0,"_bbp_reply_count":0,"_bbp_total_topic_count":0,"_bbp_total_reply_count":0,"_bbp_voice_count":0,"_bbp_anonymous_reply_count":0,"_bbp_topic_count_hidden":0,"_bbp_reply_count_hidden":0,"_bbp_forum_subforum_count":0,"site-sidebar-layout":"default","site-content-layout":"","ast-site-content-layout":"","site-content-style":"default","site-sidebar-style":"default","ast-global-header-display":"","ast-banner-title-visibility":"","ast-main-header-display":"","ast-hfb-above-header-display":"","ast-hfb-below-header-display":"","ast-hfb-mobile-header-display":"","site-post-title":"","ast-breadcrumbs-content":"","ast-featured-img":"","footer-sml-layout":"","theme-transparent-header-meta":"","adv-header-id-meta":"","stick-header-meta":"","header-above-stick-meta":"","header-main-stick-meta":"","header-below-stick-meta":"","astra-migrate-meta-layouts":"default","ast-page-background-enabled":"default","ast-page-background-meta":{"desktop":{"background-color":"var(--ast-global-color-4)","background-image":"","background-repeat":"repeat","background-position":"center center","background-size":"auto","background-attachment":"scroll","background-type":"","background-media":"","overlay-type":"","overlay-color":"","overlay-opacity":"","overlay-gradient":""},"tablet":{"background-color":"","background-image":"","background-repeat":"repeat","background-position":"center center","background-size":"auto","background-attachment":"scroll","background-type":"","background-media":"","overlay-type":"","overlay-color":"","overlay-opacity":"","overlay-gradient":""},"mobile":{"background-color":"","background-image":"","background-repeat":"repeat","background-position":"center center","background-size":"auto","background-attachment":"scroll","background-type":"","background-media":"","overlay-type":"","overlay-color":"","overlay-opacity":"","overlay-gradient":""}},"ast-content-background-meta":{"desktop":{"background-color":"var(--ast-global-color-5)","background-image":"","background-repeat":"repeat","background-position":"center center","background-size":"auto","background-attachment":"scroll","background-type":"","background-media":"","overlay-type":"","overlay-color":"","overlay-opacity":"","overlay-gradient":""},"tablet":{"background-color":"var(--ast-global-color-5)","background-image":"","background-repeat":"repeat","background-position":"center center","background-size":"auto","background-attachment":"scroll","background-type":"","background-media":"","overlay-type":"","overlay-color":"","overlay-opacity":"","overlay-gradient":""},"mobile":{"background-color":"var(--ast-global-color-5)","background-image":"","background-repeat":"repeat","background-position":"center center","background-size":"auto","background-attachment":"scroll","background-type":"","background-media":"","overlay-type":"","overlay-color":"","overlay-opacity":"","overlay-gradient":""}},"footnotes":""},"categories":[10,11,1,4,5],"tags":[260,284,187,173],"class_list":["post-10303","post","type-post","status-publish","format-standard","hentry","category-1r","category-2n","category-general","category-portada","category-primaria","tag-260","tag-obagues","tag-primer","tag-segon"],"post_mailing_queue_ids":[],"_links":{"self":[{"href":"https:\/\/agora.xtec.cat\/escolafrancescfeliu\/wp-json\/wp\/v2\/posts\/10303","targetHints":{"allow":["GET"]}}],"collection":[{"href":"https:\/\/agora.xtec.cat\/escolafrancescfeliu\/wp-json\/wp\/v2\/posts"}],"about":[{"href":"https:\/\/agora.xtec.cat\/escolafrancescfeliu\/wp-json\/wp\/v2\/types\/post"}],"author":[{"embeddable":true,"href":"https:\/\/agora.xtec.cat\/escolafrancescfeliu\/wp-json\/wp\/v2\/users\/1"}],"replies":[{"embeddable":true,"href":"https:\/\/agora.xtec.cat\/escolafrancescfeliu\/wp-json\/wp\/v2\/comments?post=10303"}],"version-history":[{"count":2,"href":"https:\/\/agora.xtec.cat\/escolafrancescfeliu\/wp-json\/wp\/v2\/posts\/10303\/revisions"}],"predecessor-version":[{"id":10305,"href":"https:\/\/agora.xtec.cat\/escolafrancescfeliu\/wp-json\/wp\/v2\/posts\/10303\/revisions\/10305"}],"wp:attachment":[{"href":"https:\/\/agora.xtec.cat\/escolafrancescfeliu\/wp-json\/wp\/v2\/media?parent=10303"}],"wp:term":[{"taxonomy":"category","embeddable":true,"href":"https:\/\/agora.xtec.cat\/escolafrancescfeliu\/wp-json\/wp\/v2\/categories?post=10303"},{"taxonomy":"post_tag","embeddable":true,"href":"https:\/\/agora.xtec.cat\/escolafrancescfeliu\/wp-json\/wp\/v2\/tags?post=10303"}],"curies":[{"name":"wp","href":"https:\/\/api.w.org\/{rel}","templated":true}]}}