{"id":10300,"date":"2023-11-05T11:34:15","date_gmt":"2023-11-05T10:34:15","guid":{"rendered":"https:\/\/agora.xtec.cat\/escolafrancescfeliu\/?p=10300"},"modified":"2023-11-05T11:34:15","modified_gmt":"2023-11-05T10:34:15","slug":"castanyada-2023","status":"publish","type":"post","link":"https:\/\/agora.xtec.cat\/escolafrancescfeliu\/general\/castanyada-2023\/","title":{"rendered":"CASTANYADA 2023"},"content":{"rendered":"<p style=\"text-align: justify;\">El 31 d&#8217;Octubre vam celebrar &#8220;La Castanyada&#8221; a la nostra escola. Al mat\u00ed, vam passar una estona divertida fent una Gimcana, organitzada pels alumnes de sis\u00e8, on vam poder fer diferents jocs d&#8217;habilitat, mem\u00f2ria, motrius, etc. Ens ho vam passar d&#8217;all\u00f3 m\u00e9s b\u00e9!<a href=\"https:\/\/drive.google.com\/drive\/folders\/124UXcg9pvUGrwH0bZMczgP1D4Ix9Yr3K?usp=drive_link\"><img loading=\"lazy\" decoding=\"async\" class=\"wp-image-10289 aligncenter\" src=\"https:\/\/agora.xtec.cat\/escolafrancescfeliu\/wp-content\/uploads\/usu213\/2023\/10\/photo-99135_1280-300x300.png\" alt=\"\" width=\"77\" height=\"77\" srcset=\"https:\/\/agora.xtec.cat\/escolafrancescfeliu\/wp-content\/uploads\/usu213\/2023\/10\/photo-99135_1280-300x300.png 300w, https:\/\/agora.xtec.cat\/escolafrancescfeliu\/wp-content\/uploads\/usu213\/2023\/10\/photo-99135_1280-1024x1024.png 1024w, https:\/\/agora.xtec.cat\/escolafrancescfeliu\/wp-content\/uploads\/usu213\/2023\/10\/photo-99135_1280-150x150.png 150w, https:\/\/agora.xtec.cat\/escolafrancescfeliu\/wp-content\/uploads\/usu213\/2023\/10\/photo-99135_1280-768x768.png 768w, https:\/\/agora.xtec.cat\/escolafrancescfeliu\/wp-content\/uploads\/usu213\/2023\/10\/photo-99135_1280.png 1280w\" sizes=\"auto, (max-width: 77px) 100vw, 77px\" \/><\/a><\/p>\n<p style=\"text-align: justify;\">A la tarda, els nostres alumnes ens van ballar &#8221; Les Danses&#8221; treballades des de la comissi\u00f3 de m\u00fasica de l&#8217;escola. S\u00f3n uns artistes!<\/p>\n<p><a href=\"https:\/\/drive.google.com\/drive\/folders\/1zR3FQMjWBvkZ1lubuv2i01IeGRbxXDoQ?usp=sharing\"><img loading=\"lazy\" decoding=\"async\" class=\"aligncenter  wp-image-10289\" src=\"https:\/\/agora.xtec.cat\/escolafrancescfeliu\/wp-content\/uploads\/usu213\/2023\/10\/photo-99135_1280-300x300.png\" alt=\"\" width=\"84\" height=\"84\" srcset=\"https:\/\/agora.xtec.cat\/escolafrancescfeliu\/wp-content\/uploads\/usu213\/2023\/10\/photo-99135_1280-300x300.png 300w, https:\/\/agora.xtec.cat\/escolafrancescfeliu\/wp-content\/uploads\/usu213\/2023\/10\/photo-99135_1280-1024x1024.png 1024w, https:\/\/agora.xtec.cat\/escolafrancescfeliu\/wp-content\/uploads\/usu213\/2023\/10\/photo-99135_1280-150x150.png 150w, https:\/\/agora.xtec.cat\/escolafrancescfeliu\/wp-content\/uploads\/usu213\/2023\/10\/photo-99135_1280-768x768.png 768w, https:\/\/agora.xtec.cat\/escolafrancescfeliu\/wp-content\/uploads\/usu213\/2023\/10\/photo-99135_1280.png 1280w\" sizes=\"auto, (max-width: 84px) 100vw, 84px\" \/><\/a><\/p>\n<p style=\"text-align: justify;\">Per finalitzar, es van repartir els premis del &#8220;Primer Concurs de Castanyes Disfressades&#8221;. Volem donar les gr\u00e0cies a totes les fam\u00edlies que han participat, ja que ha estat tot un \u00e8xit.<\/p>\n<p><a href=\"https:\/\/drive.google.com\/drive\/folders\/19NidpH4kcdnPOQfBiZDUSs58elhL0ZFL?usp=drive_link\"><img loading=\"lazy\" decoding=\"async\" class=\"aligncenter  wp-image-10289\" src=\"https:\/\/agora.xtec.cat\/escolafrancescfeliu\/wp-content\/uploads\/usu213\/2023\/10\/photo-99135_1280-300x300.png\" alt=\"\" width=\"82\" height=\"82\" srcset=\"https:\/\/agora.xtec.cat\/escolafrancescfeliu\/wp-content\/uploads\/usu213\/2023\/10\/photo-99135_1280-300x300.png 300w, https:\/\/agora.xtec.cat\/escolafrancescfeliu\/wp-content\/uploads\/usu213\/2023\/10\/photo-99135_1280-1024x1024.png 1024w, https:\/\/agora.xtec.cat\/escolafrancescfeliu\/wp-content\/uploads\/usu213\/2023\/10\/photo-99135_1280-150x150.png 150w, https:\/\/agora.xtec.cat\/escolafrancescfeliu\/wp-content\/uploads\/usu213\/2023\/10\/photo-99135_1280-768x768.png 768w, https:\/\/agora.xtec.cat\/escolafrancescfeliu\/wp-content\/uploads\/usu213\/2023\/10\/photo-99135_1280.png 1280w\" sizes=\"auto, (max-width: 82px) 100vw, 82px\" \/><\/a><\/p>\n<p style=\"text-align: justify;\">Mil gr\u00e0cies a tothom per fer-ho possible!<\/p>\n<p>Cliqueu per poder accedir a les fotos.<\/p>\n<p>&nbsp;<\/p>\n","protected":false},"excerpt":{"rendered":"<p>El 31 d&#8217;Octubre vam celebrar &#8220;La Castanyada&#8221; a la nostra escola. Al mat\u00ed, vam passar una estona divertida fent una Gimcana, organitzada pels alumnes de sis\u00e8, on vam poder fer diferents jocs d&#8217;habilitat, mem\u00f2ria, motrius, etc. Ens ho vam passar d&#8217;all\u00f3 m\u00e9s b\u00e9! A la tarda, els nostres alumnes ens van ballar &#8221; Les Danses&#8221; [&hellip;]<\/p>\n","protected":false},"author":1,"featured_media":0,"comment_status":"open","ping_status":"closed","sticky":false,"template":"","format":"standard","meta":{"_bbp_topic_count":0,"_bbp_reply_count":0,"_bbp_total_topic_count":0,"_bbp_total_reply_count":0,"_bbp_voice_count":0,"_bbp_anonymous_reply_count":0,"_bbp_topic_count_hidden":0,"_bbp_reply_count_hidden":0,"_bbp_forum_subforum_count":0,"site-sidebar-layout":"default","site-content-layout":"","ast-site-content-layout":"","site-content-style":"default","site-sidebar-style":"default","ast-global-header-display":"","ast-banner-title-visibility":"","ast-main-header-display":"","ast-hfb-above-header-display":"","ast-hfb-below-header-display":"","ast-hfb-mobile-header-display":"","site-post-title":"","ast-breadcrumbs-content":"","ast-featured-img":"","footer-sml-layout":"","theme-transparent-header-meta":"","adv-header-id-meta":"","stick-header-meta":"","header-above-stick-meta":"","header-main-stick-meta":"","header-below-stick-meta":"","astra-migrate-meta-layouts":"default","ast-page-background-enabled":"default","ast-page-background-meta":{"desktop":{"background-color":"var(--ast-global-color-4)","background-image":"","background-repeat":"repeat","background-position":"center center","background-size":"auto","background-attachment":"scroll","background-type":"","background-media":"","overlay-type":"","overlay-color":"","overlay-opacity":"","overlay-gradient":""},"tablet":{"background-color":"","background-image":"","background-repeat":"repeat","background-position":"center center","background-size":"auto","background-attachment":"scroll","background-type":"","background-media":"","overlay-type":"","overlay-color":"","overlay-opacity":"","overlay-gradient":""},"mobile":{"background-color":"","background-image":"","background-repeat":"repeat","background-position":"center center","background-size":"auto","background-attachment":"scroll","background-type":"","background-media":"","overlay-type":"","overlay-color":"","overlay-opacity":"","overlay-gradient":""}},"ast-content-background-meta":{"desktop":{"background-color":"var(--ast-global-color-5)","background-image":"","background-repeat":"repeat","background-position":"center center","background-size":"auto","background-attachment":"scroll","background-type":"","background-media":"","overlay-type":"","overlay-color":"","overlay-opacity":"","overlay-gradient":""},"tablet":{"background-color":"var(--ast-global-color-5)","background-image":"","background-repeat":"repeat","background-position":"center center","background-size":"auto","background-attachment":"scroll","background-type":"","background-media":"","overlay-type":"","overlay-color":"","overlay-opacity":"","overlay-gradient":""},"mobile":{"background-color":"var(--ast-global-color-5)","background-image":"","background-repeat":"repeat","background-position":"center center","background-size":"auto","background-attachment":"scroll","background-type":"","background-media":"","overlay-type":"","overlay-color":"","overlay-opacity":"","overlay-gradient":""}},"footnotes":""},"categories":[1,4],"tags":[285],"class_list":["post-10300","post","type-post","status-publish","format-standard","hentry","category-general","category-portada","tag-castanyada-2023"],"post_mailing_queue_ids":[],"_links":{"self":[{"href":"https:\/\/agora.xtec.cat\/escolafrancescfeliu\/wp-json\/wp\/v2\/posts\/10300","targetHints":{"allow":["GET"]}}],"collection":[{"href":"https:\/\/agora.xtec.cat\/escolafrancescfeliu\/wp-json\/wp\/v2\/posts"}],"about":[{"href":"https:\/\/agora.xtec.cat\/escolafrancescfeliu\/wp-json\/wp\/v2\/types\/post"}],"author":[{"embeddable":true,"href":"https:\/\/agora.xtec.cat\/escolafrancescfeliu\/wp-json\/wp\/v2\/users\/1"}],"replies":[{"embeddable":true,"href":"https:\/\/agora.xtec.cat\/escolafrancescfeliu\/wp-json\/wp\/v2\/comments?post=10300"}],"version-history":[{"count":4,"href":"https:\/\/agora.xtec.cat\/escolafrancescfeliu\/wp-json\/wp\/v2\/posts\/10300\/revisions"}],"predecessor-version":[{"id":10307,"href":"https:\/\/agora.xtec.cat\/escolafrancescfeliu\/wp-json\/wp\/v2\/posts\/10300\/revisions\/10307"}],"wp:attachment":[{"href":"https:\/\/agora.xtec.cat\/escolafrancescfeliu\/wp-json\/wp\/v2\/media?parent=10300"}],"wp:term":[{"taxonomy":"category","embeddable":true,"href":"https:\/\/agora.xtec.cat\/escolafrancescfeliu\/wp-json\/wp\/v2\/categories?post=10300"},{"taxonomy":"post_tag","embeddable":true,"href":"https:\/\/agora.xtec.cat\/escolafrancescfeliu\/wp-json\/wp\/v2\/tags?post=10300"}],"curies":[{"name":"wp","href":"https:\/\/api.w.org\/{rel}","templated":true}]}}