{"id":10280,"date":"2023-10-06T10:08:43","date_gmt":"2023-10-06T08:08:43","guid":{"rendered":"https:\/\/agora.xtec.cat\/escolafrancescfeliu\/?p=10280"},"modified":"2023-10-08T23:32:46","modified_gmt":"2023-10-08T21:32:46","slug":"comencem-el-curs-a-cicle-inicial","status":"publish","type":"post","link":"https:\/\/agora.xtec.cat\/escolafrancescfeliu\/general\/comencem-el-curs-a-cicle-inicial\/","title":{"rendered":"Comencem el curs a Cicle Inicial"},"content":{"rendered":"<p>Aquest curs tant els nens com els pares hem fet un treball de futur per posar en com\u00fa &#8220;qu\u00e8 \u00e9s el que esperem d&#8217;aquest curs&#8221; en post-it.<\/p>\n<p>Aprendre, fer amistats, llegir, passar-s&#8217;ho b\u00e9, ser feli\u00e7, divertir-se, aprendre nous valors, ser responsables&#8230; d&#8217;aquesta manera ja ens marquem un cam\u00ed on treballarem per aconseguir que tant els nens com les fam\u00edlies es sentin a gust i els nens vagin adquirint tots els aprenentatges tot seguint les premisses i les inquietuds que han anat plasmant en aquests post-it.<\/p>\n<p>Comen\u00e7a un nou curs, comen\u00e7a un nou repte!<\/p>\n<p><a href=\"https:\/\/agora.xtec.cat\/escolafrancescfeliu\/wp-content\/uploads\/usu213\/2023\/10\/20230927_092123-scaled.jpg\"><img loading=\"lazy\" decoding=\"async\" class=\"alignleft wp-image-10282 size-medium\" src=\"https:\/\/agora.xtec.cat\/escolafrancescfeliu\/wp-content\/uploads\/usu213\/2023\/10\/20230927_092123-scaled-e1696800651919-156x300.jpg\" alt=\"\" width=\"156\" height=\"300\" srcset=\"https:\/\/agora.xtec.cat\/escolafrancescfeliu\/wp-content\/uploads\/usu213\/2023\/10\/20230927_092123-scaled-e1696800651919-156x300.jpg 156w, https:\/\/agora.xtec.cat\/escolafrancescfeliu\/wp-content\/uploads\/usu213\/2023\/10\/20230927_092123-scaled-e1696800651919-532x1024.jpg 532w, https:\/\/agora.xtec.cat\/escolafrancescfeliu\/wp-content\/uploads\/usu213\/2023\/10\/20230927_092123-scaled-e1696800651919-768x1479.jpg 768w, https:\/\/agora.xtec.cat\/escolafrancescfeliu\/wp-content\/uploads\/usu213\/2023\/10\/20230927_092123-scaled-e1696800651919-797x1536.jpg 797w, https:\/\/agora.xtec.cat\/escolafrancescfeliu\/wp-content\/uploads\/usu213\/2023\/10\/20230927_092123-scaled-e1696800651919-1063x2048.jpg 1063w, https:\/\/agora.xtec.cat\/escolafrancescfeliu\/wp-content\/uploads\/usu213\/2023\/10\/20230927_092123-scaled-e1696800651919.jpg 1209w\" sizes=\"auto, (max-width: 156px) 100vw, 156px\" \/><\/a> <a href=\"https:\/\/agora.xtec.cat\/escolafrancescfeliu\/wp-content\/uploads\/usu213\/2023\/10\/20230927_092136-scaled.jpg\"><img loading=\"lazy\" decoding=\"async\" class=\"alignleft wp-image-10283 size-medium\" src=\"https:\/\/agora.xtec.cat\/escolafrancescfeliu\/wp-content\/uploads\/usu213\/2023\/10\/20230927_092136-scaled-e1696800610179-171x300.jpg\" alt=\"\" width=\"171\" height=\"300\" srcset=\"https:\/\/agora.xtec.cat\/escolafrancescfeliu\/wp-content\/uploads\/usu213\/2023\/10\/20230927_092136-scaled-e1696800610179-171x300.jpg 171w, https:\/\/agora.xtec.cat\/escolafrancescfeliu\/wp-content\/uploads\/usu213\/2023\/10\/20230927_092136-scaled-e1696800610179-585x1024.jpg 585w, https:\/\/agora.xtec.cat\/escolafrancescfeliu\/wp-content\/uploads\/usu213\/2023\/10\/20230927_092136-scaled-e1696800610179-768x1345.jpg 768w, https:\/\/agora.xtec.cat\/escolafrancescfeliu\/wp-content\/uploads\/usu213\/2023\/10\/20230927_092136-scaled-e1696800610179-877x1536.jpg 877w, https:\/\/agora.xtec.cat\/escolafrancescfeliu\/wp-content\/uploads\/usu213\/2023\/10\/20230927_092136-scaled-e1696800610179-1169x2048.jpg 1169w, https:\/\/agora.xtec.cat\/escolafrancescfeliu\/wp-content\/uploads\/usu213\/2023\/10\/20230927_092136-scaled-e1696800610179.jpg 1209w\" sizes=\"auto, (max-width: 171px) 100vw, 171px\" \/><\/a><\/p>\n","protected":false},"excerpt":{"rendered":"<p>Aquest curs tant els nens com els pares hem fet un treball de futur per posar en com\u00fa &#8220;qu\u00e8 \u00e9s el que esperem d&#8217;aquest curs&#8221; en post-it. Aprendre, fer amistats, llegir, passar-s&#8217;ho b\u00e9, ser feli\u00e7, divertir-se, aprendre nous valors, ser responsables&#8230; d&#8217;aquesta manera ja ens marquem un cam\u00ed on treballarem per aconseguir que tant els [&hellip;]<\/p>\n","protected":false},"author":1,"featured_media":0,"comment_status":"closed","ping_status":"closed","sticky":false,"template":"","format":"standard","meta":{"_bbp_topic_count":0,"_bbp_reply_count":0,"_bbp_total_topic_count":0,"_bbp_total_reply_count":0,"_bbp_voice_count":0,"_bbp_anonymous_reply_count":0,"_bbp_topic_count_hidden":0,"_bbp_reply_count_hidden":0,"_bbp_forum_subforum_count":0,"site-sidebar-layout":"default","site-content-layout":"","ast-site-content-layout":"","site-content-style":"default","site-sidebar-style":"default","ast-global-header-display":"","ast-banner-title-visibility":"","ast-main-header-display":"","ast-hfb-above-header-display":"","ast-hfb-below-header-display":"","ast-hfb-mobile-header-display":"","site-post-title":"","ast-breadcrumbs-content":"","ast-featured-img":"","footer-sml-layout":"","theme-transparent-header-meta":"","adv-header-id-meta":"","stick-header-meta":"","header-above-stick-meta":"","header-main-stick-meta":"","header-below-stick-meta":"","astra-migrate-meta-layouts":"default","ast-page-background-enabled":"default","ast-page-background-meta":{"desktop":{"background-color":"var(--ast-global-color-4)","background-image":"","background-repeat":"repeat","background-position":"center center","background-size":"auto","background-attachment":"scroll","background-type":"","background-media":"","overlay-type":"","overlay-color":"","overlay-opacity":"","overlay-gradient":""},"tablet":{"background-color":"","background-image":"","background-repeat":"repeat","background-position":"center center","background-size":"auto","background-attachment":"scroll","background-type":"","background-media":"","overlay-type":"","overlay-color":"","overlay-opacity":"","overlay-gradient":""},"mobile":{"background-color":"","background-image":"","background-repeat":"repeat","background-position":"center center","background-size":"auto","background-attachment":"scroll","background-type":"","background-media":"","overlay-type":"","overlay-color":"","overlay-opacity":"","overlay-gradient":""}},"ast-content-background-meta":{"desktop":{"background-color":"var(--ast-global-color-5)","background-image":"","background-repeat":"repeat","background-position":"center center","background-size":"auto","background-attachment":"scroll","background-type":"","background-media":"","overlay-type":"","overlay-color":"","overlay-opacity":"","overlay-gradient":""},"tablet":{"background-color":"var(--ast-global-color-5)","background-image":"","background-repeat":"repeat","background-position":"center center","background-size":"auto","background-attachment":"scroll","background-type":"","background-media":"","overlay-type":"","overlay-color":"","overlay-opacity":"","overlay-gradient":""},"mobile":{"background-color":"var(--ast-global-color-5)","background-image":"","background-repeat":"repeat","background-position":"center center","background-size":"auto","background-attachment":"scroll","background-type":"","background-media":"","overlay-type":"","overlay-color":"","overlay-opacity":"","overlay-gradient":""}},"footnotes":""},"categories":[10,11,1,4,5],"tags":[78,281,62,67],"class_list":["post-10280","post","type-post","status-publish","format-standard","hentry","category-1r","category-2n","category-general","category-portada","category-primaria","tag-cicle-inicial","tag-curs-2023-24","tag-escolafrancescfeliu","tag-primaria"],"post_mailing_queue_ids":[],"_links":{"self":[{"href":"https:\/\/agora.xtec.cat\/escolafrancescfeliu\/wp-json\/wp\/v2\/posts\/10280","targetHints":{"allow":["GET"]}}],"collection":[{"href":"https:\/\/agora.xtec.cat\/escolafrancescfeliu\/wp-json\/wp\/v2\/posts"}],"about":[{"href":"https:\/\/agora.xtec.cat\/escolafrancescfeliu\/wp-json\/wp\/v2\/types\/post"}],"author":[{"embeddable":true,"href":"https:\/\/agora.xtec.cat\/escolafrancescfeliu\/wp-json\/wp\/v2\/users\/1"}],"replies":[{"embeddable":true,"href":"https:\/\/agora.xtec.cat\/escolafrancescfeliu\/wp-json\/wp\/v2\/comments?post=10280"}],"version-history":[{"count":2,"href":"https:\/\/agora.xtec.cat\/escolafrancescfeliu\/wp-json\/wp\/v2\/posts\/10280\/revisions"}],"predecessor-version":[{"id":10284,"href":"https:\/\/agora.xtec.cat\/escolafrancescfeliu\/wp-json\/wp\/v2\/posts\/10280\/revisions\/10284"}],"wp:attachment":[{"href":"https:\/\/agora.xtec.cat\/escolafrancescfeliu\/wp-json\/wp\/v2\/media?parent=10280"}],"wp:term":[{"taxonomy":"category","embeddable":true,"href":"https:\/\/agora.xtec.cat\/escolafrancescfeliu\/wp-json\/wp\/v2\/categories?post=10280"},{"taxonomy":"post_tag","embeddable":true,"href":"https:\/\/agora.xtec.cat\/escolafrancescfeliu\/wp-json\/wp\/v2\/tags?post=10280"}],"curies":[{"name":"wp","href":"https:\/\/api.w.org\/{rel}","templated":true}]}}