{"id":10173,"date":"2023-05-02T13:49:06","date_gmt":"2023-05-02T11:49:06","guid":{"rendered":"https:\/\/agora.xtec.cat\/escolafrancescfeliu\/?p=10173"},"modified":"2023-05-02T13:49:06","modified_gmt":"2023-05-02T11:49:06","slug":"setmana-cultural-del-24-al-28-dabril-de-2023","status":"publish","type":"post","link":"https:\/\/agora.xtec.cat\/escolafrancescfeliu\/general\/setmana-cultural-del-24-al-28-dabril-de-2023\/","title":{"rendered":"SETMANA CULTURAL DEL 24 AL 28 D&#8217;ABRIL DE 2023"},"content":{"rendered":"<p>Aquesta setmana s&#8217;ha celebrat &#8220;La Setmana Cultural&#8221; a la nostra escola. Dilluns, es va celebrar la 2ona edici\u00f3 dels jocs florals. Dimarts, els alumnes de sis\u00e8 van fer una versi\u00f3 molt personal de &#8220;Sant Jordi&#8221;. Dimecres vam gaudir del contacontes &#8220;Vivim del cuentu&#8221;. Dijous van gaudir de valent amb jocs de fusta al pati i divendres vam escoltar un concert de Viol\u00ed. Els alumnes de cicle superior van gaudir d&#8217;un taller.<\/p>\n<p>Podeu clicar a les fotos per veure els \u00e0lbums.<\/p>\n<p>Ha sigut una setmana molt intensa per\u00f2 hem gaudit i apr\u00e9s moltes coses!<\/p>\n<p>&nbsp;<\/p>\n<p><a href=\"https:\/\/photos.app.goo.gl\/Gv9hB8116mBcXSDv6\"><img loading=\"lazy\" decoding=\"async\" class=\"aligncenter size-medium wp-image-10177\" src=\"https:\/\/agora.xtec.cat\/escolafrancescfeliu\/wp-content\/uploads\/usu213\/2023\/05\/9022e682-8b13-40a7-949a-09cc2c0cbf04-1-300x169.png\" alt=\"\" width=\"300\" height=\"169\" srcset=\"https:\/\/agora.xtec.cat\/escolafrancescfeliu\/wp-content\/uploads\/usu213\/2023\/05\/9022e682-8b13-40a7-949a-09cc2c0cbf04-1-300x169.png 300w, https:\/\/agora.xtec.cat\/escolafrancescfeliu\/wp-content\/uploads\/usu213\/2023\/05\/9022e682-8b13-40a7-949a-09cc2c0cbf04-1-1024x576.png 1024w, https:\/\/agora.xtec.cat\/escolafrancescfeliu\/wp-content\/uploads\/usu213\/2023\/05\/9022e682-8b13-40a7-949a-09cc2c0cbf04-1-768x432.png 768w, https:\/\/agora.xtec.cat\/escolafrancescfeliu\/wp-content\/uploads\/usu213\/2023\/05\/9022e682-8b13-40a7-949a-09cc2c0cbf04-1.png 1536w\" sizes=\"auto, (max-width: 300px) 100vw, 300px\" \/><\/a><\/p>\n<p><a href=\"https:\/\/photos.app.goo.gl\/DpGQDGLuJf8MCZPk7\"><img loading=\"lazy\" decoding=\"async\" class=\"aligncenter size-medium wp-image-10175\" src=\"https:\/\/agora.xtec.cat\/escolafrancescfeliu\/wp-content\/uploads\/usu213\/2023\/04\/IMG_6430-1-300x225.jpg\" alt=\"\" width=\"300\" height=\"225\" srcset=\"https:\/\/agora.xtec.cat\/escolafrancescfeliu\/wp-content\/uploads\/usu213\/2023\/04\/IMG_6430-1-300x225.jpg 300w, https:\/\/agora.xtec.cat\/escolafrancescfeliu\/wp-content\/uploads\/usu213\/2023\/04\/IMG_6430-1-1024x768.jpg 1024w, https:\/\/agora.xtec.cat\/escolafrancescfeliu\/wp-content\/uploads\/usu213\/2023\/04\/IMG_6430-1-768x576.jpg 768w, https:\/\/agora.xtec.cat\/escolafrancescfeliu\/wp-content\/uploads\/usu213\/2023\/04\/IMG_6430-1-1536x1152.jpg 1536w, https:\/\/agora.xtec.cat\/escolafrancescfeliu\/wp-content\/uploads\/usu213\/2023\/04\/IMG_6430-1-2048x1536.jpg 2048w, https:\/\/agora.xtec.cat\/escolafrancescfeliu\/wp-content\/uploads\/usu213\/2023\/04\/IMG_6430-1-200x150.jpg 200w\" sizes=\"auto, (max-width: 300px) 100vw, 300px\" \/><\/a><\/p>\n<p><a href=\"https:\/\/photos.app.goo.gl\/Ga5G4qGidZeCVaUr9\"><img loading=\"lazy\" decoding=\"async\" class=\"aligncenter size-medium wp-image-10178\" src=\"https:\/\/agora.xtec.cat\/escolafrancescfeliu\/wp-content\/uploads\/usu213\/2023\/05\/bfcd9ce4-31c5-4daf-b3fa-15fbd9b4ce89-1-1-1-300x225.png\" alt=\"\" width=\"300\" height=\"225\" srcset=\"https:\/\/agora.xtec.cat\/escolafrancescfeliu\/wp-content\/uploads\/usu213\/2023\/05\/bfcd9ce4-31c5-4daf-b3fa-15fbd9b4ce89-1-1-1-300x225.png 300w, https:\/\/agora.xtec.cat\/escolafrancescfeliu\/wp-content\/uploads\/usu213\/2023\/05\/bfcd9ce4-31c5-4daf-b3fa-15fbd9b4ce89-1-1-1-200x150.png 200w, https:\/\/agora.xtec.cat\/escolafrancescfeliu\/wp-content\/uploads\/usu213\/2023\/05\/bfcd9ce4-31c5-4daf-b3fa-15fbd9b4ce89-1-1-1.png 768w\" sizes=\"auto, (max-width: 300px) 100vw, 300px\" \/><\/a><\/p>\n<p><a href=\"https:\/\/photos.app.goo.gl\/U2WD1FkXiZWuxPeF8\"><img loading=\"lazy\" decoding=\"async\" class=\"aligncenter size-medium wp-image-10179\" src=\"https:\/\/agora.xtec.cat\/escolafrancescfeliu\/wp-content\/uploads\/usu213\/2023\/05\/b3bb41c4-eab6-4563-aa72-f84b3684b6d2-1-300x169.png\" alt=\"\" width=\"300\" height=\"169\" srcset=\"https:\/\/agora.xtec.cat\/escolafrancescfeliu\/wp-content\/uploads\/usu213\/2023\/05\/b3bb41c4-eab6-4563-aa72-f84b3684b6d2-1-300x169.png 300w, https:\/\/agora.xtec.cat\/escolafrancescfeliu\/wp-content\/uploads\/usu213\/2023\/05\/b3bb41c4-eab6-4563-aa72-f84b3684b6d2-1-1024x576.png 1024w, https:\/\/agora.xtec.cat\/escolafrancescfeliu\/wp-content\/uploads\/usu213\/2023\/05\/b3bb41c4-eab6-4563-aa72-f84b3684b6d2-1-768x432.png 768w, https:\/\/agora.xtec.cat\/escolafrancescfeliu\/wp-content\/uploads\/usu213\/2023\/05\/b3bb41c4-eab6-4563-aa72-f84b3684b6d2-1.png 1536w\" sizes=\"auto, (max-width: 300px) 100vw, 300px\" \/><\/a><\/p>\n","protected":false},"excerpt":{"rendered":"<p>Aquesta setmana s&#8217;ha celebrat &#8220;La Setmana Cultural&#8221; a la nostra escola. Dilluns, es va celebrar la 2ona edici\u00f3 dels jocs florals. Dimarts, els alumnes de sis\u00e8 van fer una versi\u00f3 molt personal de &#8220;Sant Jordi&#8221;. Dimecres vam gaudir del contacontes &#8220;Vivim del cuentu&#8221;. Dijous van gaudir de valent amb jocs de fusta al pati i [&hellip;]<\/p>\n","protected":false},"author":1,"featured_media":0,"comment_status":"open","ping_status":"closed","sticky":false,"template":"","format":"standard","meta":{"_bbp_topic_count":0,"_bbp_reply_count":0,"_bbp_total_topic_count":0,"_bbp_total_reply_count":0,"_bbp_voice_count":0,"_bbp_anonymous_reply_count":0,"_bbp_topic_count_hidden":0,"_bbp_reply_count_hidden":0,"_bbp_forum_subforum_count":0,"site-sidebar-layout":"default","site-content-layout":"","ast-site-content-layout":"","site-content-style":"default","site-sidebar-style":"default","ast-global-header-display":"","ast-banner-title-visibility":"","ast-main-header-display":"","ast-hfb-above-header-display":"","ast-hfb-below-header-display":"","ast-hfb-mobile-header-display":"","site-post-title":"","ast-breadcrumbs-content":"","ast-featured-img":"","footer-sml-layout":"","theme-transparent-header-meta":"","adv-header-id-meta":"","stick-header-meta":"","header-above-stick-meta":"","header-main-stick-meta":"","header-below-stick-meta":"","astra-migrate-meta-layouts":"default","ast-page-background-enabled":"default","ast-page-background-meta":{"desktop":{"background-color":"var(--ast-global-color-4)","background-image":"","background-repeat":"repeat","background-position":"center center","background-size":"auto","background-attachment":"scroll","background-type":"","background-media":"","overlay-type":"","overlay-color":"","overlay-opacity":"","overlay-gradient":""},"tablet":{"background-color":"","background-image":"","background-repeat":"repeat","background-position":"center center","background-size":"auto","background-attachment":"scroll","background-type":"","background-media":"","overlay-type":"","overlay-color":"","overlay-opacity":"","overlay-gradient":""},"mobile":{"background-color":"","background-image":"","background-repeat":"repeat","background-position":"center center","background-size":"auto","background-attachment":"scroll","background-type":"","background-media":"","overlay-type":"","overlay-color":"","overlay-opacity":"","overlay-gradient":""}},"ast-content-background-meta":{"desktop":{"background-color":"var(--ast-global-color-5)","background-image":"","background-repeat":"repeat","background-position":"center center","background-size":"auto","background-attachment":"scroll","background-type":"","background-media":"","overlay-type":"","overlay-color":"","overlay-opacity":"","overlay-gradient":""},"tablet":{"background-color":"var(--ast-global-color-5)","background-image":"","background-repeat":"repeat","background-position":"center center","background-size":"auto","background-attachment":"scroll","background-type":"","background-media":"","overlay-type":"","overlay-color":"","overlay-opacity":"","overlay-gradient":""},"mobile":{"background-color":"var(--ast-global-color-5)","background-image":"","background-repeat":"repeat","background-position":"center center","background-size":"auto","background-attachment":"scroll","background-type":"","background-media":"","overlay-type":"","overlay-color":"","overlay-opacity":"","overlay-gradient":""}},"footnotes":""},"categories":[1,2,4,5],"tags":[260,268,267],"class_list":["post-10173","post","type-post","status-publish","format-standard","hentry","category-general","category-infantil","category-portada","category-primaria","tag-260","tag-abril","tag-setmana-cultural"],"post_mailing_queue_ids":[],"_links":{"self":[{"href":"https:\/\/agora.xtec.cat\/escolafrancescfeliu\/wp-json\/wp\/v2\/posts\/10173","targetHints":{"allow":["GET"]}}],"collection":[{"href":"https:\/\/agora.xtec.cat\/escolafrancescfeliu\/wp-json\/wp\/v2\/posts"}],"about":[{"href":"https:\/\/agora.xtec.cat\/escolafrancescfeliu\/wp-json\/wp\/v2\/types\/post"}],"author":[{"embeddable":true,"href":"https:\/\/agora.xtec.cat\/escolafrancescfeliu\/wp-json\/wp\/v2\/users\/1"}],"replies":[{"embeddable":true,"href":"https:\/\/agora.xtec.cat\/escolafrancescfeliu\/wp-json\/wp\/v2\/comments?post=10173"}],"version-history":[{"count":3,"href":"https:\/\/agora.xtec.cat\/escolafrancescfeliu\/wp-json\/wp\/v2\/posts\/10173\/revisions"}],"predecessor-version":[{"id":10180,"href":"https:\/\/agora.xtec.cat\/escolafrancescfeliu\/wp-json\/wp\/v2\/posts\/10173\/revisions\/10180"}],"wp:attachment":[{"href":"https:\/\/agora.xtec.cat\/escolafrancescfeliu\/wp-json\/wp\/v2\/media?parent=10173"}],"wp:term":[{"taxonomy":"category","embeddable":true,"href":"https:\/\/agora.xtec.cat\/escolafrancescfeliu\/wp-json\/wp\/v2\/categories?post=10173"},{"taxonomy":"post_tag","embeddable":true,"href":"https:\/\/agora.xtec.cat\/escolafrancescfeliu\/wp-json\/wp\/v2\/tags?post=10173"}],"curies":[{"name":"wp","href":"https:\/\/api.w.org\/{rel}","templated":true}]}}