{"id":6618,"date":"2022-07-08T13:14:51","date_gmt":"2022-07-08T11:14:51","guid":{"rendered":"https:\/\/agora.xtec.cat\/escolaforndanells\/?p=6618"},"modified":"2022-07-08T13:14:51","modified_gmt":"2022-07-08T11:14:51","slug":"3r-entrevista-a-lalcaldessa","status":"publish","type":"post","link":"https:\/\/agora.xtec.cat\/escolaforndanells\/portada\/3r-entrevista-a-lalcaldessa\/","title":{"rendered":"3r ENTREVISTA A L&#8217;ALCALDESSA"},"content":{"rendered":"<p style=\"text-align: justify;\"><span style=\"font-weight: 400;\">Dijous dia 16 de juny, els i les alumnes de tercer, tot complementant el treball de Coneixement del Medi sobre l\u2019Ajuntament i els barris, vam poder entrevistar a la nostra alcaldessa S\u00f2nia Gr\u00e0cia.<\/span><\/p>\n<p style=\"text-align: justify;\"><span style=\"font-weight: 400;\">La trobada es va realitzar a la sala de plens del propi Ajuntament de Fornells de la Selva. La S\u00f2nia, molt amablement ens va anar contestant una a una totes les preguntes que ens hav\u00edem preparat i que ens han servit per aprendre una mica m\u00e9s del nostre municipi.\u00a0<\/span><\/p>\n<p style=\"text-align: justify;\"><span style=\"font-weight: 400;\">Finalment, a mode de sorpresa, se\u2019ns va convidar a esmorzar i vam poder fer ruta per l\u2019Ajuntament veient totes les sales de reunions i fins i tot, el seu propi despatx.<\/span><\/p>\n<p style=\"text-align: justify;\"><span style=\"font-weight: 400;\">L\u2019experi\u00e8ncia va ser molt positiva i estem molt agra\u00efts d\u2019haver pogut realitzar aquesta trobada.<\/span><\/p>\n<p><strong><em><a href=\"https:\/\/photos.app.goo.gl\/MNkCuFat3avuXofg7\">FOTOS DE L&#8217;ACTIVITAT<\/a><\/em><\/strong><\/p>\n","protected":false},"excerpt":{"rendered":"<p>Dijous dia 16 de juny, els i les alumnes de tercer, tot complementant el treball de Coneixement del Medi sobre l\u2019Ajuntament i els barris, vam poder entrevistar a la nostra alcaldessa S\u00f2nia Gr\u00e0cia. La trobada es va realitzar a la sala de plens del propi Ajuntament de Fornells de la Selva. La S\u00f2nia, molt amablement [&hellip;]<\/p>\n","protected":false},"author":1,"featured_media":6619,"comment_status":"open","ping_status":"closed","sticky":false,"template":"","format":"standard","meta":{"_bbp_topic_count":0,"_bbp_reply_count":0,"_bbp_total_topic_count":0,"_bbp_total_reply_count":0,"_bbp_voice_count":0,"_bbp_anonymous_reply_count":0,"_bbp_topic_count_hidden":0,"_bbp_reply_count_hidden":0,"_bbp_forum_subforum_count":0,"site-sidebar-layout":"default","site-content-layout":"","ast-site-content-layout":"","site-content-style":"default","site-sidebar-style":"default","ast-global-header-display":"","ast-banner-title-visibility":"","ast-main-header-display":"","ast-hfb-above-header-display":"","ast-hfb-below-header-display":"","ast-hfb-mobile-header-display":"","site-post-title":"","ast-breadcrumbs-content":"","ast-featured-img":"","footer-sml-layout":"","theme-transparent-header-meta":"","adv-header-id-meta":"","stick-header-meta":"","header-above-stick-meta":"","header-main-stick-meta":"","header-below-stick-meta":"","astra-migrate-meta-layouts":"default","ast-page-background-enabled":"default","ast-page-background-meta":{"desktop":{"background-color":"var(--ast-global-color-4)","background-image":"","background-repeat":"repeat","background-position":"center center","background-size":"auto","background-attachment":"scroll","background-type":"","background-media":"","overlay-type":"","overlay-color":"","overlay-opacity":"","overlay-gradient":""},"tablet":{"background-color":"","background-image":"","background-repeat":"repeat","background-position":"center center","background-size":"auto","background-attachment":"scroll","background-type":"","background-media":"","overlay-type":"","overlay-color":"","overlay-opacity":"","overlay-gradient":""},"mobile":{"background-color":"","background-image":"","background-repeat":"repeat","background-position":"center center","background-size":"auto","background-attachment":"scroll","background-type":"","background-media":"","overlay-type":"","overlay-color":"","overlay-opacity":"","overlay-gradient":""}},"ast-content-background-meta":{"desktop":{"background-color":"var(--ast-global-color-5)","background-image":"","background-repeat":"repeat","background-position":"center center","background-size":"auto","background-attachment":"scroll","background-type":"","background-media":"","overlay-type":"","overlay-color":"","overlay-opacity":"","overlay-gradient":""},"tablet":{"background-color":"var(--ast-global-color-5)","background-image":"","background-repeat":"repeat","background-position":"center center","background-size":"auto","background-attachment":"scroll","background-type":"","background-media":"","overlay-type":"","overlay-color":"","overlay-opacity":"","overlay-gradient":""},"mobile":{"background-color":"var(--ast-global-color-5)","background-image":"","background-repeat":"repeat","background-position":"center center","background-size":"auto","background-attachment":"scroll","background-type":"","background-media":"","overlay-type":"","overlay-color":"","overlay-opacity":"","overlay-gradient":""}},"footnotes":""},"categories":[12,4,16],"tags":[183],"class_list":["post-6618","post","type-post","status-publish","format-standard","has-post-thumbnail","hentry","category-3r","category-portada","category-sortides","tag-medi-social"],"post_mailing_queue_ids":[],"_links":{"self":[{"href":"https:\/\/agora.xtec.cat\/escolaforndanells\/wp-json\/wp\/v2\/posts\/6618","targetHints":{"allow":["GET"]}}],"collection":[{"href":"https:\/\/agora.xtec.cat\/escolaforndanells\/wp-json\/wp\/v2\/posts"}],"about":[{"href":"https:\/\/agora.xtec.cat\/escolaforndanells\/wp-json\/wp\/v2\/types\/post"}],"author":[{"embeddable":true,"href":"https:\/\/agora.xtec.cat\/escolaforndanells\/wp-json\/wp\/v2\/users\/1"}],"replies":[{"embeddable":true,"href":"https:\/\/agora.xtec.cat\/escolaforndanells\/wp-json\/wp\/v2\/comments?post=6618"}],"version-history":[{"count":1,"href":"https:\/\/agora.xtec.cat\/escolaforndanells\/wp-json\/wp\/v2\/posts\/6618\/revisions"}],"predecessor-version":[{"id":6620,"href":"https:\/\/agora.xtec.cat\/escolaforndanells\/wp-json\/wp\/v2\/posts\/6618\/revisions\/6620"}],"wp:featuredmedia":[{"embeddable":true,"href":"https:\/\/agora.xtec.cat\/escolaforndanells\/wp-json\/wp\/v2\/media\/6619"}],"wp:attachment":[{"href":"https:\/\/agora.xtec.cat\/escolaforndanells\/wp-json\/wp\/v2\/media?parent=6618"}],"wp:term":[{"taxonomy":"category","embeddable":true,"href":"https:\/\/agora.xtec.cat\/escolaforndanells\/wp-json\/wp\/v2\/categories?post=6618"},{"taxonomy":"post_tag","embeddable":true,"href":"https:\/\/agora.xtec.cat\/escolaforndanells\/wp-json\/wp\/v2\/tags?post=6618"}],"curies":[{"name":"wp","href":"https:\/\/api.w.org\/{rel}","templated":true}]}}