{"id":6527,"date":"2022-06-03T11:36:57","date_gmt":"2022-06-03T09:36:57","guid":{"rendered":"https:\/\/agora.xtec.cat\/escolaforndanells\/?p=6527"},"modified":"2022-06-03T11:42:34","modified_gmt":"2022-06-03T09:42:34","slug":"p3-i-p4-a-la-casa-de-colonies-el-vila","status":"publish","type":"post","link":"https:\/\/agora.xtec.cat\/escolaforndanells\/general\/i3\/p3-i-p4-a-la-casa-de-colonies-el-vila\/","title":{"rendered":"P3 i P4 A LA CASA DE COL\u00d2NIES EL VIL\u00c0"},"content":{"rendered":"<p style=\"text-align: justify;\"><span style=\"font-weight: 400;\">El passat dimecres 11 de maig els nens i les nenes de P3 i P4 de l\u2019escola vam anar d\u2019excursi\u00f3 a Banyoles, a la casa de col\u00f2nies \u201cEl Vil\u00e0\u201d, on havien passat la nit anterior els nostres companys i companyes de P5.<\/span><\/p>\n<p style=\"text-align: justify;\"><span style=\"font-weight: 400;\">Carregats d\u2019energia i d\u2019il\u00b7lusi\u00f3, vam pujar a l\u2019autocar per enfilar cam\u00ed cap a Banyoles. En arribar a la casa vam esmorzar en una pista tots plegats, ja que hav\u00edem d\u2019agafar forces per la caminada que ens esperava! I amb la panxa plena, vam enfilar cam\u00ed cap a Les Estunes, tot vorejant l\u2019estany. En arribar al bosc ens van explicar la hist\u00f2ria de les fades que hi vivien i vam poder entrar en una de les seves cases, que era molt estreta, enmig de les roques. I en acabar, quina gran sorpresa, en veure que el Tren Pinxo ens havia vingut a recollir per portar-nos a la casa de col\u00f2nies altra vegada! Va ser un trajecte molt divertit, tot veient el paisatge i gaudint de les can\u00e7ons que sonaven pels altaveus del Trenet.\u00a0<\/span><\/p>\n<p style=\"text-align: justify;\"><span style=\"font-weight: 400;\">En arribar a la casa ja ens hi vam trobar el dinar a punt. Uns bons macarrons i una truiteta per omplir les panxones! Despr\u00e9s de dinar vam poder gaudir d\u2019una estoneta de joc i despr\u00e9s, molt cansats per\u00f2 amb un munt de viv\u00e8ncies a la motxilla, vam pujar a l\u2019autocar per tornat cap a l\u2019escola.<\/span><\/p>\n<p><strong><em><a href=\"https:\/\/photos.app.goo.gl\/BHxKUkjoA1bhCbJHA\">FOTOS DE L&#8217;ACTIVITAT<\/a><\/em><\/strong><\/p>\n","protected":false},"excerpt":{"rendered":"<p>El passat dimecres 11 de maig els nens i les nenes de P3 i P4 de l\u2019escola vam anar d\u2019excursi\u00f3 a Banyoles, a la casa de col\u00f2nies \u201cEl Vil\u00e0\u201d, on havien passat la nit anterior els nostres companys i companyes de P5. Carregats d\u2019energia i d\u2019il\u00b7lusi\u00f3, vam pujar a l\u2019autocar per enfilar cam\u00ed cap a [&hellip;]<\/p>\n","protected":false},"author":1,"featured_media":6528,"comment_status":"open","ping_status":"closed","sticky":false,"template":"","format":"standard","meta":{"_bbp_topic_count":0,"_bbp_reply_count":0,"_bbp_total_topic_count":0,"_bbp_total_reply_count":0,"_bbp_voice_count":0,"_bbp_anonymous_reply_count":0,"_bbp_topic_count_hidden":0,"_bbp_reply_count_hidden":0,"_bbp_forum_subforum_count":0,"site-sidebar-layout":"default","site-content-layout":"","ast-site-content-layout":"","site-content-style":"default","site-sidebar-style":"default","ast-global-header-display":"","ast-banner-title-visibility":"","ast-main-header-display":"","ast-hfb-above-header-display":"","ast-hfb-below-header-display":"","ast-hfb-mobile-header-display":"","site-post-title":"","ast-breadcrumbs-content":"","ast-featured-img":"","footer-sml-layout":"","theme-transparent-header-meta":"","adv-header-id-meta":"","stick-header-meta":"","header-above-stick-meta":"","header-main-stick-meta":"","header-below-stick-meta":"","astra-migrate-meta-layouts":"default","ast-page-background-enabled":"default","ast-page-background-meta":{"desktop":{"background-color":"var(--ast-global-color-4)","background-image":"","background-repeat":"repeat","background-position":"center center","background-size":"auto","background-attachment":"scroll","background-type":"","background-media":"","overlay-type":"","overlay-color":"","overlay-opacity":"","overlay-gradient":""},"tablet":{"background-color":"","background-image":"","background-repeat":"repeat","background-position":"center center","background-size":"auto","background-attachment":"scroll","background-type":"","background-media":"","overlay-type":"","overlay-color":"","overlay-opacity":"","overlay-gradient":""},"mobile":{"background-color":"","background-image":"","background-repeat":"repeat","background-position":"center center","background-size":"auto","background-attachment":"scroll","background-type":"","background-media":"","overlay-type":"","overlay-color":"","overlay-opacity":"","overlay-gradient":""}},"ast-content-background-meta":{"desktop":{"background-color":"var(--ast-global-color-5)","background-image":"","background-repeat":"repeat","background-position":"center center","background-size":"auto","background-attachment":"scroll","background-type":"","background-media":"","overlay-type":"","overlay-color":"","overlay-opacity":"","overlay-gradient":""},"tablet":{"background-color":"var(--ast-global-color-5)","background-image":"","background-repeat":"repeat","background-position":"center center","background-size":"auto","background-attachment":"scroll","background-type":"","background-media":"","overlay-type":"","overlay-color":"","overlay-opacity":"","overlay-gradient":""},"mobile":{"background-color":"var(--ast-global-color-5)","background-image":"","background-repeat":"repeat","background-position":"center center","background-size":"auto","background-attachment":"scroll","background-type":"","background-media":"","overlay-type":"","overlay-color":"","overlay-opacity":"","overlay-gradient":""}},"footnotes":""},"categories":[3,8,16,36],"tags":[],"class_list":["post-6527","post","type-post","status-publish","format-standard","has-post-thumbnail","hentry","category-i3","category-i4","category-sortides","category-tallers"],"post_mailing_queue_ids":[],"_links":{"self":[{"href":"https:\/\/agora.xtec.cat\/escolaforndanells\/wp-json\/wp\/v2\/posts\/6527","targetHints":{"allow":["GET"]}}],"collection":[{"href":"https:\/\/agora.xtec.cat\/escolaforndanells\/wp-json\/wp\/v2\/posts"}],"about":[{"href":"https:\/\/agora.xtec.cat\/escolaforndanells\/wp-json\/wp\/v2\/types\/post"}],"author":[{"embeddable":true,"href":"https:\/\/agora.xtec.cat\/escolaforndanells\/wp-json\/wp\/v2\/users\/1"}],"replies":[{"embeddable":true,"href":"https:\/\/agora.xtec.cat\/escolaforndanells\/wp-json\/wp\/v2\/comments?post=6527"}],"version-history":[{"count":2,"href":"https:\/\/agora.xtec.cat\/escolaforndanells\/wp-json\/wp\/v2\/posts\/6527\/revisions"}],"predecessor-version":[{"id":6530,"href":"https:\/\/agora.xtec.cat\/escolaforndanells\/wp-json\/wp\/v2\/posts\/6527\/revisions\/6530"}],"wp:featuredmedia":[{"embeddable":true,"href":"https:\/\/agora.xtec.cat\/escolaforndanells\/wp-json\/wp\/v2\/media\/6528"}],"wp:attachment":[{"href":"https:\/\/agora.xtec.cat\/escolaforndanells\/wp-json\/wp\/v2\/media?parent=6527"}],"wp:term":[{"taxonomy":"category","embeddable":true,"href":"https:\/\/agora.xtec.cat\/escolaforndanells\/wp-json\/wp\/v2\/categories?post=6527"},{"taxonomy":"post_tag","embeddable":true,"href":"https:\/\/agora.xtec.cat\/escolaforndanells\/wp-json\/wp\/v2\/tags?post=6527"}],"curies":[{"name":"wp","href":"https:\/\/api.w.org\/{rel}","templated":true}]}}