{"id":6459,"date":"2022-04-21T16:06:16","date_gmt":"2022-04-21T14:06:16","guid":{"rendered":"https:\/\/agora.xtec.cat\/escolaforndanells\/?p=6459"},"modified":"2022-04-21T16:06:16","modified_gmt":"2022-04-21T14:06:16","slug":"p3-emocions-amb-el-monstre-de-colors","status":"publish","type":"post","link":"https:\/\/agora.xtec.cat\/escolaforndanells\/general\/i3\/p3-emocions-amb-el-monstre-de-colors\/","title":{"rendered":"P3 EMOCIONS AMB EL MONSTRE DE COLORS"},"content":{"rendered":"<p style=\"text-align: justify;\"><span style=\"font-weight: 400;\">Com b\u00e9 sabeu, l\u2019educaci\u00f3 emocional \u00e9s un dels aspectes b\u00e0sics en el treball a les aules. Aquest curs hem aprofitat la hist\u00f2ria del Monstre de Colors per tal de treballar les diferents emocions i ajudar als nostres infants a identificar-les, expressar-les i mica en mica, anar aprenent a gestionar-les. Un dia van arribar a l\u2019aula, dins la capseta dels tresors, un monstre gran i un de m\u00e9s petit per a cada infant, embolicats tots amb llanes de diferents colors, que representen les diferents emocions. Mica en mica, en diferents sessions, hem anat\u00a0 ajudant al monstre a desembolicar les seves emocions, tot descobrint-les. Treballem cadascuna de les emocions mitjan\u00e7ant un conte. De moment hem fet les seg\u00fcents: ALEGRIA: <\/span><i><span style=\"font-weight: 400;\">Que ve el llop!<\/span><\/i><span style=\"font-weight: 400;\"> TRISTESA: <\/span><i><span style=\"font-weight: 400;\">\u201cEl n\u00favol gris, gras i gros\u201d.<\/span><\/i><span style=\"font-weight: 400;\"> CALMA: <\/span><i><span style=\"font-weight: 400;\">\u201cCalma\u201d i introducci\u00f3 a la meditaci\u00f3 amb \u201cSa ta na ma\u201d<\/span><\/i><span style=\"font-weight: 400;\">. R\u00c0BIA: \u201c<\/span><i><span style=\"font-weight: 400;\">Tinc un volc\u00e0\u201d<\/span><\/i><span style=\"font-weight: 400;\"> i \u201c<\/span><i><span style=\"font-weight: 400;\">L\u2019\u00f3s que abra\u00e7ava els arbres\u201d<\/span><\/i><span style=\"font-weight: 400;\">. Alhora, entre tots i totes estem creant el PASSAD\u00cdS DE LES EMOCIONS, que es va omplint amb l\u2019arribada de cada emoci\u00f3. Quan el tinguem enllestit us convidarem a fer-hi una visita; de ben segur que us encantar\u00e0 endinsar-vos en un m\u00f3n on les emocions estan simbolitzades d\u2019una manera tan visual i significativa pels m\u00e9s petits!\u00a0<\/span><\/p>\n<p style=\"text-align: justify;\"><span style=\"font-weight: 400;\">Al llarg del tercer trimestre seguirem amb aquest treball, tot descobrint la POR, l\u2019AMOR i amb alguna altra sorpreseta ben especial!<\/span><\/p>\n<p><strong><em><a href=\"https:\/\/photos.app.goo.gl\/Pu98kCUW2UwBiyjHA\">FOTOGRAFIES DE L&#8217;ACTIVITAT<\/a><\/em><\/strong><\/p>\n","protected":false},"excerpt":{"rendered":"<p>Com b\u00e9 sabeu, l\u2019educaci\u00f3 emocional \u00e9s un dels aspectes b\u00e0sics en el treball a les aules. Aquest curs hem aprofitat la hist\u00f2ria del Monstre de Colors per tal de treballar les diferents emocions i ajudar als nostres infants a identificar-les, expressar-les i mica en mica, anar aprenent a gestionar-les. Un dia van arribar a l\u2019aula, [&hellip;]<\/p>\n","protected":false},"author":1,"featured_media":6460,"comment_status":"open","ping_status":"closed","sticky":false,"template":"","format":"standard","meta":{"_bbp_topic_count":0,"_bbp_reply_count":0,"_bbp_total_topic_count":0,"_bbp_total_reply_count":0,"_bbp_voice_count":0,"_bbp_anonymous_reply_count":0,"_bbp_topic_count_hidden":0,"_bbp_reply_count_hidden":0,"_bbp_forum_subforum_count":0,"site-sidebar-layout":"default","site-content-layout":"","ast-site-content-layout":"","site-content-style":"default","site-sidebar-style":"default","ast-global-header-display":"","ast-banner-title-visibility":"","ast-main-header-display":"","ast-hfb-above-header-display":"","ast-hfb-below-header-display":"","ast-hfb-mobile-header-display":"","site-post-title":"","ast-breadcrumbs-content":"","ast-featured-img":"","footer-sml-layout":"","theme-transparent-header-meta":"","adv-header-id-meta":"","stick-header-meta":"","header-above-stick-meta":"","header-main-stick-meta":"","header-below-stick-meta":"","astra-migrate-meta-layouts":"default","ast-page-background-enabled":"default","ast-page-background-meta":{"desktop":{"background-color":"var(--ast-global-color-4)","background-image":"","background-repeat":"repeat","background-position":"center center","background-size":"auto","background-attachment":"scroll","background-type":"","background-media":"","overlay-type":"","overlay-color":"","overlay-opacity":"","overlay-gradient":""},"tablet":{"background-color":"","background-image":"","background-repeat":"repeat","background-position":"center center","background-size":"auto","background-attachment":"scroll","background-type":"","background-media":"","overlay-type":"","overlay-color":"","overlay-opacity":"","overlay-gradient":""},"mobile":{"background-color":"","background-image":"","background-repeat":"repeat","background-position":"center center","background-size":"auto","background-attachment":"scroll","background-type":"","background-media":"","overlay-type":"","overlay-color":"","overlay-opacity":"","overlay-gradient":""}},"ast-content-background-meta":{"desktop":{"background-color":"var(--ast-global-color-5)","background-image":"","background-repeat":"repeat","background-position":"center center","background-size":"auto","background-attachment":"scroll","background-type":"","background-media":"","overlay-type":"","overlay-color":"","overlay-opacity":"","overlay-gradient":""},"tablet":{"background-color":"var(--ast-global-color-5)","background-image":"","background-repeat":"repeat","background-position":"center center","background-size":"auto","background-attachment":"scroll","background-type":"","background-media":"","overlay-type":"","overlay-color":"","overlay-opacity":"","overlay-gradient":""},"mobile":{"background-color":"var(--ast-global-color-5)","background-image":"","background-repeat":"repeat","background-position":"center center","background-size":"auto","background-attachment":"scroll","background-type":"","background-media":"","overlay-type":"","overlay-color":"","overlay-opacity":"","overlay-gradient":""}},"footnotes":""},"categories":[3,4],"tags":[181],"class_list":["post-6459","post","type-post","status-publish","format-standard","has-post-thumbnail","hentry","category-i3","category-portada","tag-educacio-emocional"],"post_mailing_queue_ids":[],"_links":{"self":[{"href":"https:\/\/agora.xtec.cat\/escolaforndanells\/wp-json\/wp\/v2\/posts\/6459","targetHints":{"allow":["GET"]}}],"collection":[{"href":"https:\/\/agora.xtec.cat\/escolaforndanells\/wp-json\/wp\/v2\/posts"}],"about":[{"href":"https:\/\/agora.xtec.cat\/escolaforndanells\/wp-json\/wp\/v2\/types\/post"}],"author":[{"embeddable":true,"href":"https:\/\/agora.xtec.cat\/escolaforndanells\/wp-json\/wp\/v2\/users\/1"}],"replies":[{"embeddable":true,"href":"https:\/\/agora.xtec.cat\/escolaforndanells\/wp-json\/wp\/v2\/comments?post=6459"}],"version-history":[{"count":1,"href":"https:\/\/agora.xtec.cat\/escolaforndanells\/wp-json\/wp\/v2\/posts\/6459\/revisions"}],"predecessor-version":[{"id":6461,"href":"https:\/\/agora.xtec.cat\/escolaforndanells\/wp-json\/wp\/v2\/posts\/6459\/revisions\/6461"}],"wp:featuredmedia":[{"embeddable":true,"href":"https:\/\/agora.xtec.cat\/escolaforndanells\/wp-json\/wp\/v2\/media\/6460"}],"wp:attachment":[{"href":"https:\/\/agora.xtec.cat\/escolaforndanells\/wp-json\/wp\/v2\/media?parent=6459"}],"wp:term":[{"taxonomy":"category","embeddable":true,"href":"https:\/\/agora.xtec.cat\/escolaforndanells\/wp-json\/wp\/v2\/categories?post=6459"},{"taxonomy":"post_tag","embeddable":true,"href":"https:\/\/agora.xtec.cat\/escolaforndanells\/wp-json\/wp\/v2\/tags?post=6459"}],"curies":[{"name":"wp","href":"https:\/\/api.w.org\/{rel}","templated":true}]}}