{"id":6213,"date":"2021-12-22T16:02:15","date_gmt":"2021-12-22T15:02:15","guid":{"rendered":"https:\/\/agora.xtec.cat\/escolaforndanells\/?p=6213"},"modified":"2022-01-10T10:45:12","modified_gmt":"2022-01-10T09:45:12","slug":"videos-de-les-nadales-2021","status":"publish","type":"post","link":"https:\/\/agora.xtec.cat\/escolaforndanells\/general\/videos-de-les-nadales-2021\/","title":{"rendered":"V\u00cdDEOS DE LES NADALES 2021"},"content":{"rendered":"<p style=\"text-align: justify;\">A continuaci\u00f3 podeu veure totes les can\u00e7ons de Nadal de P3 a 6\u00e8, aquest any tamb\u00e9 gravades al gimn\u00e0s de l&#8217;escola amb pantalla de croma. Esperem que en gaudiu. Bones Festes!<\/p>\n<p style=\"text-align: justify;\">El 10 de gener hi tornem!<\/p>\n<p style=\"text-align: justify;\">A continuaci\u00f3 hi ha els enlla\u00e7os directes i el v\u00eddeos incrustats&#8230;<\/p>\n<p><a href=\"https:\/\/www.wevideo.com\/view\/2505026145\"><b>P3A Una Estrella<\/b><\/a><\/p>\n<p><iframe loading=\"lazy\" style=\"border: none;\" src=\"https:\/\/www.wevideo.com\/embed\/#2505026145\" width=\"852\" height=\"479\" frameborder=\"0\" scrolling=\"no\" allowfullscreen=\"allowfullscreen\"><\/iframe><\/p>\n<p><a href=\"https:\/\/www.wevideo.com\/view\/2505027810\"><b>P3B L&#8217;avet feli\u00e7<\/b><\/a><\/p>\n<p><iframe loading=\"lazy\" style=\"border: none;\" src=\"https:\/\/www.wevideo.com\/embed\/#2505027810\" width=\"852\" height=\"479\" frameborder=\"0\" scrolling=\"no\" allowfullscreen=\"allowfullscreen\"><\/iframe><\/p>\n<p><a href=\"https:\/\/www.wevideo.com\/view\/2505030434\"><b>P4 El fanalet<\/b><\/a><\/p>\n<p><iframe loading=\"lazy\" style=\"border: none;\" src=\"https:\/\/www.wevideo.com\/embed\/#2505030434\" width=\"852\" height=\"479\" frameborder=\"0\" scrolling=\"no\" allowfullscreen=\"allowfullscreen\"><\/iframe><\/p>\n<p><a href=\"https:\/\/www.wevideo.com\/view\/2505042325\"><b>P5A La bicicleta de Nadal<\/b><\/a><\/p>\n<p><iframe loading=\"lazy\" style=\"border: none;\" src=\"https:\/\/www.wevideo.com\/embed\/#2505042325\" width=\"852\" height=\"479\" frameborder=\"0\" scrolling=\"no\" allowfullscreen=\"allowfullscreen\"><\/iframe><\/p>\n<p><a href=\"https:\/\/www.wevideo.com\/view\/2505036053\"><b>P5B El trineu<\/b><\/a><\/p>\n<p><iframe loading=\"lazy\" style=\"border: none;\" src=\"https:\/\/www.wevideo.com\/embed\/#2505036053\" width=\"852\" height=\"479\" frameborder=\"0\" scrolling=\"no\" allowfullscreen=\"allowfullscreen\"><\/iframe><\/p>\n<p><a href=\"https:\/\/www.wevideo.com\/view\/2505043726\"><b>1rA A Betlem me&#8217;n vull anar<\/b><\/a><\/p>\n<p><iframe loading=\"lazy\" style=\"border: none;\" src=\"https:\/\/www.wevideo.com\/embed\/#2505043726\" width=\"852\" height=\"479\" frameborder=\"0\" scrolling=\"no\" allowfullscreen=\"allowfullscreen\"><\/iframe><\/p>\n<p><a href=\"https:\/\/www.wevideo.com\/view\/2505043396\"><b>1rB He fet un ninot de neu<\/b><\/a><\/p>\n<p><iframe loading=\"lazy\" style=\"border: none;\" src=\"https:\/\/www.wevideo.com\/embed\/#2505043396\" width=\"852\" height=\"479\" frameborder=\"0\" scrolling=\"no\" allowfullscreen=\"allowfullscreen\"><\/iframe><\/p>\n<p><a href=\"https:\/\/www.wevideo.com\/view\/2505046728\"><b>2nA Els homes de neu<\/b><\/a><\/p>\n<p><iframe loading=\"lazy\" style=\"border: none;\" src=\"https:\/\/www.wevideo.com\/embed\/#2505046728\" width=\"852\" height=\"479\" frameborder=\"0\" scrolling=\"no\" allowfullscreen=\"allowfullscreen\"><\/iframe><\/p>\n<p><a href=\"https:\/\/www.wevideo.com\/view\/2505048896\"><b>2nB Nadal en banyador<\/b><\/a><\/p>\n<p><iframe loading=\"lazy\" style=\"border: none;\" src=\"https:\/\/www.wevideo.com\/embed\/#2505048896\" width=\"852\" height=\"479\" frameborder=\"0\" scrolling=\"no\" allowfullscreen=\"allowfullscreen\"><\/iframe><\/p>\n<p><a href=\"https:\/\/www.wevideo.com\/view\/2505052349\"><b>3r El Nadal ja \u00e9s aqu\u00ed<\/b><\/a><\/p>\n<p><iframe loading=\"lazy\" style=\"border: none;\" src=\"https:\/\/www.wevideo.com\/embed\/#2505052349\" width=\"852\" height=\"479\" frameborder=\"0\" scrolling=\"no\" allowfullscreen=\"allowfullscreen\"><\/iframe><\/p>\n<p><a href=\"https:\/\/www.wevideo.com\/view\/2505053685\"><b>4tA Carta als reis<\/b><\/a><\/p>\n<p><iframe loading=\"lazy\" style=\"border: none;\" src=\"https:\/\/www.wevideo.com\/embed\/#2505053685\" width=\"852\" height=\"479\" frameborder=\"0\" scrolling=\"no\" allowfullscreen=\"allowfullscreen\"><\/iframe><\/p>\n<p><a href=\"https:\/\/www.wevideo.com\/view\/2505068055\"><b>4tB V\u00e9nen els tres reis<\/b><\/a><\/p>\n<p><iframe loading=\"lazy\" style=\"border: none;\" src=\"https:\/\/www.wevideo.com\/embed\/#2505068055\" width=\"852\" height=\"479\" frameborder=\"0\" scrolling=\"no\" allowfullscreen=\"allowfullscreen\"><\/iframe><\/p>\n<p><a href=\"https:\/\/www.wevideo.com\/view\/2505070533\"><b>5\u00e8A Arbre de Nadal<\/b><\/a><\/p>\n<p><iframe loading=\"lazy\" style=\"border: none;\" src=\"https:\/\/www.wevideo.com\/embed\/#2505070533\" width=\"852\" height=\"479\" frameborder=\"0\" scrolling=\"no\" allowfullscreen=\"allowfullscreen\"><\/iframe><\/p>\n<p><a href=\"https:\/\/www.wevideo.com\/view\/2505071919\"><b>5\u00e8B Estimo el Nadal<\/b><\/a><\/p>\n<p><iframe loading=\"lazy\" style=\"border: none;\" src=\"https:\/\/www.wevideo.com\/embed\/#2505071919\" width=\"852\" height=\"479\" frameborder=\"0\" scrolling=\"no\" allowfullscreen=\"allowfullscreen\"><\/iframe><\/p>\n<p><a href=\"https:\/\/www.wevideo.com\/view\/2505073714\"><b>6\u00e8A Sense tu<\/b><\/a><\/p>\n<p><iframe loading=\"lazy\" style=\"border: none;\" src=\"https:\/\/www.wevideo.com\/embed\/#2505073714\" width=\"852\" height=\"479\" frameborder=\"0\" scrolling=\"no\" allowfullscreen=\"allowfullscreen\"><\/iframe><\/p>\n<p><a href=\"https:\/\/www.wevideo.com\/view\/2505075106\"><b>6\u00e8B Quan somrius<\/b><\/a><\/p>\n<p><iframe loading=\"lazy\" style=\"border: none;\" src=\"https:\/\/www.wevideo.com\/embed\/#2505075106\" width=\"852\" height=\"479\" frameborder=\"0\" scrolling=\"no\" allowfullscreen=\"allowfullscreen\"><\/iframe><\/p>\n","protected":false},"excerpt":{"rendered":"<p>A continuaci\u00f3 podeu veure totes les can\u00e7ons de Nadal de P3 a 6\u00e8, aquest any tamb\u00e9 gravades al gimn\u00e0s de l&#8217;escola amb pantalla de croma. Esperem que en gaudiu. Bones Festes! El 10 de gener hi tornem! A continuaci\u00f3 hi ha els enlla\u00e7os directes i el v\u00eddeos incrustats&#8230; P3A Una Estrella P3B L&#8217;avet feli\u00e7 P4 [&hellip;]<\/p>\n","protected":false},"author":1,"featured_media":6221,"comment_status":"open","ping_status":"closed","sticky":false,"template":"","format":"standard","meta":{"_bbp_topic_count":0,"_bbp_reply_count":0,"_bbp_total_topic_count":0,"_bbp_total_reply_count":0,"_bbp_voice_count":0,"_bbp_anonymous_reply_count":0,"_bbp_topic_count_hidden":0,"_bbp_reply_count_hidden":0,"_bbp_forum_subforum_count":0,"site-sidebar-layout":"default","site-content-layout":"","ast-site-content-layout":"","site-content-style":"default","site-sidebar-style":"default","ast-global-header-display":"","ast-banner-title-visibility":"","ast-main-header-display":"","ast-hfb-above-header-display":"","ast-hfb-below-header-display":"","ast-hfb-mobile-header-display":"","site-post-title":"","ast-breadcrumbs-content":"","ast-featured-img":"","footer-sml-layout":"","theme-transparent-header-meta":"","adv-header-id-meta":"","stick-header-meta":"","header-above-stick-meta":"","header-main-stick-meta":"","header-below-stick-meta":"","astra-migrate-meta-layouts":"default","ast-page-background-enabled":"default","ast-page-background-meta":{"desktop":{"background-color":"var(--ast-global-color-4)","background-image":"","background-repeat":"repeat","background-position":"center center","background-size":"auto","background-attachment":"scroll","background-type":"","background-media":"","overlay-type":"","overlay-color":"","overlay-opacity":"","overlay-gradient":""},"tablet":{"background-color":"","background-image":"","background-repeat":"repeat","background-position":"center center","background-size":"auto","background-attachment":"scroll","background-type":"","background-media":"","overlay-type":"","overlay-color":"","overlay-opacity":"","overlay-gradient":""},"mobile":{"background-color":"","background-image":"","background-repeat":"repeat","background-position":"center center","background-size":"auto","background-attachment":"scroll","background-type":"","background-media":"","overlay-type":"","overlay-color":"","overlay-opacity":"","overlay-gradient":""}},"ast-content-background-meta":{"desktop":{"background-color":"var(--ast-global-color-5)","background-image":"","background-repeat":"repeat","background-position":"center center","background-size":"auto","background-attachment":"scroll","background-type":"","background-media":"","overlay-type":"","overlay-color":"","overlay-opacity":"","overlay-gradient":""},"tablet":{"background-color":"var(--ast-global-color-5)","background-image":"","background-repeat":"repeat","background-position":"center center","background-size":"auto","background-attachment":"scroll","background-type":"","background-media":"","overlay-type":"","overlay-color":"","overlay-opacity":"","overlay-gradient":""},"mobile":{"background-color":"var(--ast-global-color-5)","background-image":"","background-repeat":"repeat","background-position":"center center","background-size":"auto","background-attachment":"scroll","background-type":"","background-media":"","overlay-type":"","overlay-color":"","overlay-opacity":"","overlay-gradient":""}},"footnotes":""},"categories":[10,11,12,13,14,15,261,1,3,8,9,4],"tags":[61,86],"class_list":["post-6213","post","type-post","status-publish","format-standard","has-post-thumbnail","hentry","category-1r","category-2n","category-3r","category-4t","category-5e","category-6e","category-festes","category-general","category-i3","category-i4","category-i5","category-portada","tag-musica","tag-nadales"],"post_mailing_queue_ids":[],"_links":{"self":[{"href":"https:\/\/agora.xtec.cat\/escolaforndanells\/wp-json\/wp\/v2\/posts\/6213","targetHints":{"allow":["GET"]}}],"collection":[{"href":"https:\/\/agora.xtec.cat\/escolaforndanells\/wp-json\/wp\/v2\/posts"}],"about":[{"href":"https:\/\/agora.xtec.cat\/escolaforndanells\/wp-json\/wp\/v2\/types\/post"}],"author":[{"embeddable":true,"href":"https:\/\/agora.xtec.cat\/escolaforndanells\/wp-json\/wp\/v2\/users\/1"}],"replies":[{"embeddable":true,"href":"https:\/\/agora.xtec.cat\/escolaforndanells\/wp-json\/wp\/v2\/comments?post=6213"}],"version-history":[{"count":3,"href":"https:\/\/agora.xtec.cat\/escolaforndanells\/wp-json\/wp\/v2\/posts\/6213\/revisions"}],"predecessor-version":[{"id":6230,"href":"https:\/\/agora.xtec.cat\/escolaforndanells\/wp-json\/wp\/v2\/posts\/6213\/revisions\/6230"}],"wp:featuredmedia":[{"embeddable":true,"href":"https:\/\/agora.xtec.cat\/escolaforndanells\/wp-json\/wp\/v2\/media\/6221"}],"wp:attachment":[{"href":"https:\/\/agora.xtec.cat\/escolaforndanells\/wp-json\/wp\/v2\/media?parent=6213"}],"wp:term":[{"taxonomy":"category","embeddable":true,"href":"https:\/\/agora.xtec.cat\/escolaforndanells\/wp-json\/wp\/v2\/categories?post=6213"},{"taxonomy":"post_tag","embeddable":true,"href":"https:\/\/agora.xtec.cat\/escolaforndanells\/wp-json\/wp\/v2\/tags?post=6213"}],"curies":[{"name":"wp","href":"https:\/\/api.w.org\/{rel}","templated":true}]}}