{"id":6111,"date":"2021-10-18T16:53:38","date_gmt":"2021-10-18T14:53:38","guid":{"rendered":"https:\/\/agora.xtec.cat\/escolaforndanells\/?p=6111"},"modified":"2021-10-18T16:53:38","modified_gmt":"2021-10-18T14:53:38","slug":"6e-visita-a-la-catedral-de-girona","status":"publish","type":"post","link":"https:\/\/agora.xtec.cat\/escolaforndanells\/portada\/6e-visita-a-la-catedral-de-girona\/","title":{"rendered":"6\u00e8 VISITA A LA CATEDRAL DE GIRONA"},"content":{"rendered":"<p style=\"text-align: justify;\"><span style=\"font-weight: 400;\">El divendres 8 d\u2019octubre vam anar d&#8217;excursi\u00f3 a Girona a veure dos edificis emblem\u00e0tics constru\u00efts en \u00e8poca medieval: la catedral i Sant F\u00e8lix, tema que estem treballant a medi.<\/span><\/p>\n<p style=\"text-align: justify;\"><span style=\"font-weight: 400;\">Quan vam arribar, vam veure Sant F\u00e8lix i ens vam posar a dibuixar-la. Una estona despr\u00e9s d\u2019haver acabat les nostres obres d\u2019art, vam esmorzar i vam anar a fer una volta per Girona per con\u00e8ixer algunes llegendes de la ciutat (els nostres companys d\u2019aula s\u2019havien preparat la llegenda del \u201ccul de la lleona\u201d, \u201cla bruixa de la catedral\u201d i \u201cla majordoma de Sant Narc\u00eds\u201d). Vam esperar a que els companys de 6\u00e8A sortissin de la catedral per poder entrar nosaltres a fer la visita i un taller. La visita a l\u2019interior de la catedral la vam fer amb una noia que ens guiava i ens anava explicant com van construir-la els mestres d\u2019obres de l\u2019edat mitjana i despr\u00e9s vam fer un taller i vam anar a dinar a la Devesa on vam jugar fins que va ser l\u2019hora de marxar.<\/span><\/p>\n<p style=\"text-align: justify;\"><span style=\"font-weight: 400;\">Alumnes de 6\u00e8B\u00a0<\/span><\/p>\n<p style=\"text-align: justify;\"><em><strong><a href=\"https:\/\/photos.app.goo.gl\/oWVWPBZ8QTtkQDXY7\">FOTOS DE L&#8217;ACTIVITAT<\/a><\/strong><\/em><\/p>\n","protected":false},"excerpt":{"rendered":"<p>El divendres 8 d\u2019octubre vam anar d&#8217;excursi\u00f3 a Girona a veure dos edificis emblem\u00e0tics constru\u00efts en \u00e8poca medieval: la catedral i Sant F\u00e8lix, tema que estem treballant a medi. Quan vam arribar, vam veure Sant F\u00e8lix i ens vam posar a dibuixar-la. Una estona despr\u00e9s d\u2019haver acabat les nostres obres d\u2019art, vam esmorzar i vam [&hellip;]<\/p>\n","protected":false},"author":1,"featured_media":6112,"comment_status":"open","ping_status":"closed","sticky":false,"template":"","format":"standard","meta":{"_bbp_topic_count":0,"_bbp_reply_count":0,"_bbp_total_topic_count":0,"_bbp_total_reply_count":0,"_bbp_voice_count":0,"_bbp_anonymous_reply_count":0,"_bbp_topic_count_hidden":0,"_bbp_reply_count_hidden":0,"_bbp_forum_subforum_count":0,"site-sidebar-layout":"default","site-content-layout":"","ast-site-content-layout":"","site-content-style":"default","site-sidebar-style":"default","ast-global-header-display":"","ast-banner-title-visibility":"","ast-main-header-display":"","ast-hfb-above-header-display":"","ast-hfb-below-header-display":"","ast-hfb-mobile-header-display":"","site-post-title":"","ast-breadcrumbs-content":"","ast-featured-img":"","footer-sml-layout":"","theme-transparent-header-meta":"","adv-header-id-meta":"","stick-header-meta":"","header-above-stick-meta":"","header-main-stick-meta":"","header-below-stick-meta":"","astra-migrate-meta-layouts":"default","ast-page-background-enabled":"default","ast-page-background-meta":{"desktop":{"background-color":"var(--ast-global-color-4)","background-image":"","background-repeat":"repeat","background-position":"center center","background-size":"auto","background-attachment":"scroll","background-type":"","background-media":"","overlay-type":"","overlay-color":"","overlay-opacity":"","overlay-gradient":""},"tablet":{"background-color":"","background-image":"","background-repeat":"repeat","background-position":"center center","background-size":"auto","background-attachment":"scroll","background-type":"","background-media":"","overlay-type":"","overlay-color":"","overlay-opacity":"","overlay-gradient":""},"mobile":{"background-color":"","background-image":"","background-repeat":"repeat","background-position":"center center","background-size":"auto","background-attachment":"scroll","background-type":"","background-media":"","overlay-type":"","overlay-color":"","overlay-opacity":"","overlay-gradient":""}},"ast-content-background-meta":{"desktop":{"background-color":"var(--ast-global-color-5)","background-image":"","background-repeat":"repeat","background-position":"center center","background-size":"auto","background-attachment":"scroll","background-type":"","background-media":"","overlay-type":"","overlay-color":"","overlay-opacity":"","overlay-gradient":""},"tablet":{"background-color":"var(--ast-global-color-5)","background-image":"","background-repeat":"repeat","background-position":"center center","background-size":"auto","background-attachment":"scroll","background-type":"","background-media":"","overlay-type":"","overlay-color":"","overlay-opacity":"","overlay-gradient":""},"mobile":{"background-color":"var(--ast-global-color-5)","background-image":"","background-repeat":"repeat","background-position":"center center","background-size":"auto","background-attachment":"scroll","background-type":"","background-media":"","overlay-type":"","overlay-color":"","overlay-opacity":"","overlay-gradient":""}},"footnotes":""},"categories":[15,4,16,36],"tags":[289,183],"class_list":["post-6111","post","type-post","status-publish","format-standard","has-post-thumbnail","hentry","category-6e","category-portada","category-sortides","category-tallers","tag-girona-medieval","tag-medi-social"],"post_mailing_queue_ids":[],"_links":{"self":[{"href":"https:\/\/agora.xtec.cat\/escolaforndanells\/wp-json\/wp\/v2\/posts\/6111","targetHints":{"allow":["GET"]}}],"collection":[{"href":"https:\/\/agora.xtec.cat\/escolaforndanells\/wp-json\/wp\/v2\/posts"}],"about":[{"href":"https:\/\/agora.xtec.cat\/escolaforndanells\/wp-json\/wp\/v2\/types\/post"}],"author":[{"embeddable":true,"href":"https:\/\/agora.xtec.cat\/escolaforndanells\/wp-json\/wp\/v2\/users\/1"}],"replies":[{"embeddable":true,"href":"https:\/\/agora.xtec.cat\/escolaforndanells\/wp-json\/wp\/v2\/comments?post=6111"}],"version-history":[{"count":1,"href":"https:\/\/agora.xtec.cat\/escolaforndanells\/wp-json\/wp\/v2\/posts\/6111\/revisions"}],"predecessor-version":[{"id":6113,"href":"https:\/\/agora.xtec.cat\/escolaforndanells\/wp-json\/wp\/v2\/posts\/6111\/revisions\/6113"}],"wp:featuredmedia":[{"embeddable":true,"href":"https:\/\/agora.xtec.cat\/escolaforndanells\/wp-json\/wp\/v2\/media\/6112"}],"wp:attachment":[{"href":"https:\/\/agora.xtec.cat\/escolaforndanells\/wp-json\/wp\/v2\/media?parent=6111"}],"wp:term":[{"taxonomy":"category","embeddable":true,"href":"https:\/\/agora.xtec.cat\/escolaforndanells\/wp-json\/wp\/v2\/categories?post=6111"},{"taxonomy":"post_tag","embeddable":true,"href":"https:\/\/agora.xtec.cat\/escolaforndanells\/wp-json\/wp\/v2\/tags?post=6111"}],"curies":[{"name":"wp","href":"https:\/\/api.w.org\/{rel}","templated":true}]}}