{"id":5937,"date":"2021-06-08T10:09:07","date_gmt":"2021-06-08T08:09:07","guid":{"rendered":"http:\/\/agora.xtec.cat\/escolaforndanells\/?p=5937"},"modified":"2021-06-08T10:09:07","modified_gmt":"2021-06-08T08:09:07","slug":"1r-fem-entrevistes","status":"publish","type":"post","link":"https:\/\/agora.xtec.cat\/escolaforndanells\/portada\/1r-fem-entrevistes\/","title":{"rendered":"1r FEM ENTREVISTES"},"content":{"rendered":"<p style=\"text-align: justify;\"><sup>Fa unes quantes setmanes que els alumnes de primer vam iniciar el projecte El poble de Fornells.<\/sup><\/p>\n<p style=\"text-align: justify;\"><sup>Un dels temes que vol\u00edem saber m\u00e9s \u00e9s el de les botigues i vam pensar que fora bona idea entrevistar a en Joan Fern\u00e0ndez, de l\u2019Estanc i pare d\u2019en Grau i en Gen\u00eds, i un altre dia en David Tura, de Can Tonet, pare d\u2019en Marc T.<\/sup><\/p>\n<p style=\"text-align: justify;\"><sup>Van presentar l\u2019acte els fills i una neboda dels botiguers entrevistats i la resta de nens i nenes\u00a0 van formular unes quantes preguntes. Un dimecres a la tarda, al porxo del pati, vam fer la trobada amb en Joan Fern\u00e0ndez que ens va explicar com era la seva feina. Tamb\u00e9 ens va narrar un conte ben divertit i per acabar, ens va regalar unes joguines.<\/sup><\/p>\n<p style=\"text-align: justify;\"><sup>Una altra setmana, vam entrevistar a en David Tura fent-li preguntes sobre el seu ofici. Al final de l&#8217;entrevista vam rebre una sorpresa ben agradable, en David ens va entregar un fuet a cadasc\u00fa de nosaltres.<\/sup><\/p>\n<p style=\"text-align: justify;\"><sup>Seguint amb el tema del poble, un grup d\u2019alumnes van fer recerca sobre l\u2019escola i van entrevistar a la Imma, la nostra conserge.<\/sup><\/p>\n<p style=\"text-align: justify;\"><sup>Volem agrair a tots la seva amable col\u00b7laboraci\u00f3 i participaci\u00f3 que ens ha ajudat a entendre millor com funcionen unes botigues ben significatives de la poblaci\u00f3 i con\u00e8ixer des d\u2019un altre punt de vista, l\u2019escola.<\/sup><\/p>\n<p style=\"text-align: justify;\"><sup>Nenes i nens de 1r<\/sup><\/p>\n<p><em><strong><a href=\"https:\/\/photos.app.goo.gl\/aVs55zmCpgmqFZfq9\">FOTOS DE L&#8217;ACTIVITAT<\/a><\/strong><\/em><\/p>\n","protected":false},"excerpt":{"rendered":"<p>Fa unes quantes setmanes que els alumnes de primer vam iniciar el projecte El poble de Fornells. Un dels temes que vol\u00edem saber m\u00e9s \u00e9s el de les botigues i vam pensar que fora bona idea entrevistar a en Joan Fern\u00e0ndez, de l\u2019Estanc i pare d\u2019en Grau i en Gen\u00eds, i un altre dia en [&hellip;]<\/p>\n","protected":false},"author":1,"featured_media":5938,"comment_status":"open","ping_status":"closed","sticky":false,"template":"","format":"standard","meta":{"_bbp_topic_count":0,"_bbp_reply_count":0,"_bbp_total_topic_count":0,"_bbp_total_reply_count":0,"_bbp_voice_count":0,"_bbp_anonymous_reply_count":0,"_bbp_topic_count_hidden":0,"_bbp_reply_count_hidden":0,"_bbp_forum_subforum_count":0,"site-sidebar-layout":"default","site-content-layout":"","ast-site-content-layout":"","site-content-style":"default","site-sidebar-style":"default","ast-global-header-display":"","ast-banner-title-visibility":"","ast-main-header-display":"","ast-hfb-above-header-display":"","ast-hfb-below-header-display":"","ast-hfb-mobile-header-display":"","site-post-title":"","ast-breadcrumbs-content":"","ast-featured-img":"","footer-sml-layout":"","theme-transparent-header-meta":"","adv-header-id-meta":"","stick-header-meta":"","header-above-stick-meta":"","header-main-stick-meta":"","header-below-stick-meta":"","astra-migrate-meta-layouts":"default","ast-page-background-enabled":"default","ast-page-background-meta":{"desktop":{"background-color":"var(--ast-global-color-4)","background-image":"","background-repeat":"repeat","background-position":"center center","background-size":"auto","background-attachment":"scroll","background-type":"","background-media":"","overlay-type":"","overlay-color":"","overlay-opacity":"","overlay-gradient":""},"tablet":{"background-color":"","background-image":"","background-repeat":"repeat","background-position":"center center","background-size":"auto","background-attachment":"scroll","background-type":"","background-media":"","overlay-type":"","overlay-color":"","overlay-opacity":"","overlay-gradient":""},"mobile":{"background-color":"","background-image":"","background-repeat":"repeat","background-position":"center center","background-size":"auto","background-attachment":"scroll","background-type":"","background-media":"","overlay-type":"","overlay-color":"","overlay-opacity":"","overlay-gradient":""}},"ast-content-background-meta":{"desktop":{"background-color":"var(--ast-global-color-5)","background-image":"","background-repeat":"repeat","background-position":"center center","background-size":"auto","background-attachment":"scroll","background-type":"","background-media":"","overlay-type":"","overlay-color":"","overlay-opacity":"","overlay-gradient":""},"tablet":{"background-color":"var(--ast-global-color-5)","background-image":"","background-repeat":"repeat","background-position":"center center","background-size":"auto","background-attachment":"scroll","background-type":"","background-media":"","overlay-type":"","overlay-color":"","overlay-opacity":"","overlay-gradient":""},"mobile":{"background-color":"var(--ast-global-color-5)","background-image":"","background-repeat":"repeat","background-position":"center center","background-size":"auto","background-attachment":"scroll","background-type":"","background-media":"","overlay-type":"","overlay-color":"","overlay-opacity":"","overlay-gradient":""}},"footnotes":""},"categories":[10,4],"tags":[248,269],"class_list":["post-5937","post","type-post","status-publish","format-standard","has-post-thumbnail","hentry","category-1r","category-portada","tag-entrevista","tag-expressio-oral"],"post_mailing_queue_ids":[],"_links":{"self":[{"href":"https:\/\/agora.xtec.cat\/escolaforndanells\/wp-json\/wp\/v2\/posts\/5937","targetHints":{"allow":["GET"]}}],"collection":[{"href":"https:\/\/agora.xtec.cat\/escolaforndanells\/wp-json\/wp\/v2\/posts"}],"about":[{"href":"https:\/\/agora.xtec.cat\/escolaforndanells\/wp-json\/wp\/v2\/types\/post"}],"author":[{"embeddable":true,"href":"https:\/\/agora.xtec.cat\/escolaforndanells\/wp-json\/wp\/v2\/users\/1"}],"replies":[{"embeddable":true,"href":"https:\/\/agora.xtec.cat\/escolaforndanells\/wp-json\/wp\/v2\/comments?post=5937"}],"version-history":[{"count":1,"href":"https:\/\/agora.xtec.cat\/escolaforndanells\/wp-json\/wp\/v2\/posts\/5937\/revisions"}],"predecessor-version":[{"id":5939,"href":"https:\/\/agora.xtec.cat\/escolaforndanells\/wp-json\/wp\/v2\/posts\/5937\/revisions\/5939"}],"wp:featuredmedia":[{"embeddable":true,"href":"https:\/\/agora.xtec.cat\/escolaforndanells\/wp-json\/wp\/v2\/media\/5938"}],"wp:attachment":[{"href":"https:\/\/agora.xtec.cat\/escolaforndanells\/wp-json\/wp\/v2\/media?parent=5937"}],"wp:term":[{"taxonomy":"category","embeddable":true,"href":"https:\/\/agora.xtec.cat\/escolaforndanells\/wp-json\/wp\/v2\/categories?post=5937"},{"taxonomy":"post_tag","embeddable":true,"href":"https:\/\/agora.xtec.cat\/escolaforndanells\/wp-json\/wp\/v2\/tags?post=5937"}],"curies":[{"name":"wp","href":"https:\/\/api.w.org\/{rel}","templated":true}]}}