{"id":5830,"date":"2021-04-28T11:52:14","date_gmt":"2021-04-28T09:52:14","guid":{"rendered":"http:\/\/agora.xtec.cat\/escolaforndanells\/?p=5830"},"modified":"2021-04-28T11:53:55","modified_gmt":"2021-04-28T09:53:55","slug":"1r-creacio-dun-paisatge","status":"publish","type":"post","link":"https:\/\/agora.xtec.cat\/escolaforndanells\/portada\/1r-creacio-dun-paisatge\/","title":{"rendered":"1r CREACI\u00d3 D&#8217;UN PAISATGE"},"content":{"rendered":"<p style=\"text-align: justify;\"><span style=\"font-family: Arial, sans-serif;\"><span style=\"font-size: medium;\"><span lang=\"ca-ES\">A primer de cicle inicial, dins l\u2019\u00e0rea d\u2019educaci\u00f3 visual i pl\u00e0stica fa unes quantes setmanes que hem explorat i observat diverses obres pict\u00f2riques i fotografies sobre paisatges <\/span><span lang=\"ca-ES\">per <\/span><span lang=\"ca-ES\"> posteriorment <\/span><span lang=\"ca-ES\">pintar-<\/span><span lang=\"ca-ES\">ne <\/span><span lang=\"ca-ES\">en format paper i sobre un bastidor.<\/span><\/span><\/span><\/p>\n<p style=\"text-align: justify;\"><span style=\"font-family: Arial, sans-serif;\"><span style=\"font-size: medium;\"><span lang=\"ca-ES\">Calia escollir primer quin paisatge vol<\/span><span lang=\"ca-ES\">\u00ed<\/span><span lang=\"ca-ES\">em representar i decidir quins elements dibuixar\u00edem.<\/span><\/span><\/span><\/p>\n<p style=\"text-align: justify;\"><span style=\"font-family: Arial, sans-serif;\"><span style=\"font-size: medium;\"><span lang=\"ca-ES\">Com a t\u00e8cnica <\/span><span lang=\"ca-ES\">i materials, <\/span><span lang=\"ca-ES\">hem <\/span><span lang=\"ca-ES\">utilitzat<\/span><span lang=\"ca-ES\"> pintura acr\u00edlica, esponges, pinzells <\/span><span lang=\"ca-ES\">i el dit \u00edndex.<\/span><\/span><\/span><\/p>\n<p style=\"text-align: justify;\"><span style=\"font-family: Arial, sans-serif;\"><span style=\"font-size: medium;\">El cel i el mar l\u2019hem pintat amb esponges i la resta en pinzells de diferent numeraci\u00f3.<\/span><\/span><\/p>\n<p style=\"text-align: justify;\"><span style=\"font-family: Arial, sans-serif;\"><span style=\"font-size: medium;\"><span lang=\"ca-ES\">Primer es pinta el fons <\/span><\/span><\/span><span style=\"font-family: Arial, sans-serif;\"><span style=\"font-size: medium;\"><span lang=\"ca-ES\">amb esponges i es <\/span><\/span><\/span><span style=\"font-family: Arial, sans-serif;\"><span style=\"font-size: medium;\"><span lang=\"ca-ES\">deix<\/span><\/span><\/span><span style=\"font-family: Arial, sans-serif;\"><span style=\"font-size: medium;\"><span lang=\"ca-ES\">a<\/span><\/span><\/span><span style=\"font-family: Arial, sans-serif;\"><span style=\"font-size: medium;\"><span lang=\"ca-ES\"> els detalls i els pinzells m\u00e9s petits fins al final. Treballar des del punt de vista general a l\u2019espec\u00edfic.<\/span><\/span><\/span><\/p>\n<p style=\"text-align: justify;\"><span style=\"font-family: Arial, sans-serif;\"><span style=\"font-size: medium;\">La pintura acr\u00edlica ens permet, si no estem satisfets amb una \u00e0rea que hem pintat, deixar-ho assecar i pintar-ho de nou en q\u00fcesti\u00f3 de minuts.<\/span><\/span><\/p>\n<p style=\"text-align: justify;\"><span style=\"font-family: Arial, sans-serif;\"><span style=\"font-size: medium;\">Els ingredients principals que necessitem, per\u00f2, s\u00f3n: il\u00b7lusi\u00f3, imaginaci\u00f3 i ganes de passar-s\u2019ho b\u00e9.<\/span><\/span><\/p>\n<p style=\"text-align: justify;\"><span style=\"font-family: Arial, sans-serif;\"><span style=\"font-size: medium;\">Us ensenyem el resultat de les nostres obres d\u2019art.<\/span><\/span><\/p>\n<p style=\"text-align: justify;\"><span style=\"font-family: Arial, sans-serif;\"><span style=\"font-size: medium;\">Desitgem que us agradi!<\/span><\/span><\/p>\n<p align=\"center\"><span style=\"font-family: Arial, sans-serif;\"><span style=\"font-size: medium;\">Nenes i nens de primer<\/span><\/span><\/p>\n<p style=\"text-align: justify;\" align=\"center\"><strong><em><a href=\"https:\/\/photos.app.goo.gl\/8t15Tce1mFziuVtK8\">FOTOS DE L&#8217;ACTIVITAT<\/a><\/em><\/strong><\/p>\n","protected":false},"excerpt":{"rendered":"<p>A primer de cicle inicial, dins l\u2019\u00e0rea d\u2019educaci\u00f3 visual i pl\u00e0stica fa unes quantes setmanes que hem explorat i observat diverses obres pict\u00f2riques i fotografies sobre paisatges per posteriorment pintar-ne en format paper i sobre un bastidor. Calia escollir primer quin paisatge vol\u00edem representar i decidir quins elements dibuixar\u00edem. Com a t\u00e8cnica i materials, hem [&hellip;]<\/p>\n","protected":false},"author":1,"featured_media":5831,"comment_status":"open","ping_status":"closed","sticky":false,"template":"","format":"standard","meta":{"_bbp_topic_count":0,"_bbp_reply_count":0,"_bbp_total_topic_count":0,"_bbp_total_reply_count":0,"_bbp_voice_count":0,"_bbp_anonymous_reply_count":0,"_bbp_topic_count_hidden":0,"_bbp_reply_count_hidden":0,"_bbp_forum_subforum_count":0,"site-sidebar-layout":"default","site-content-layout":"","ast-site-content-layout":"","site-content-style":"default","site-sidebar-style":"default","ast-global-header-display":"","ast-banner-title-visibility":"","ast-main-header-display":"","ast-hfb-above-header-display":"","ast-hfb-below-header-display":"","ast-hfb-mobile-header-display":"","site-post-title":"","ast-breadcrumbs-content":"","ast-featured-img":"","footer-sml-layout":"","theme-transparent-header-meta":"","adv-header-id-meta":"","stick-header-meta":"","header-above-stick-meta":"","header-main-stick-meta":"","header-below-stick-meta":"","astra-migrate-meta-layouts":"default","ast-page-background-enabled":"default","ast-page-background-meta":{"desktop":{"background-color":"var(--ast-global-color-4)","background-image":"","background-repeat":"repeat","background-position":"center center","background-size":"auto","background-attachment":"scroll","background-type":"","background-media":"","overlay-type":"","overlay-color":"","overlay-opacity":"","overlay-gradient":""},"tablet":{"background-color":"","background-image":"","background-repeat":"repeat","background-position":"center center","background-size":"auto","background-attachment":"scroll","background-type":"","background-media":"","overlay-type":"","overlay-color":"","overlay-opacity":"","overlay-gradient":""},"mobile":{"background-color":"","background-image":"","background-repeat":"repeat","background-position":"center center","background-size":"auto","background-attachment":"scroll","background-type":"","background-media":"","overlay-type":"","overlay-color":"","overlay-opacity":"","overlay-gradient":""}},"ast-content-background-meta":{"desktop":{"background-color":"var(--ast-global-color-5)","background-image":"","background-repeat":"repeat","background-position":"center center","background-size":"auto","background-attachment":"scroll","background-type":"","background-media":"","overlay-type":"","overlay-color":"","overlay-opacity":"","overlay-gradient":""},"tablet":{"background-color":"var(--ast-global-color-5)","background-image":"","background-repeat":"repeat","background-position":"center center","background-size":"auto","background-attachment":"scroll","background-type":"","background-media":"","overlay-type":"","overlay-color":"","overlay-opacity":"","overlay-gradient":""},"mobile":{"background-color":"var(--ast-global-color-5)","background-image":"","background-repeat":"repeat","background-position":"center center","background-size":"auto","background-attachment":"scroll","background-type":"","background-media":"","overlay-type":"","overlay-color":"","overlay-opacity":"","overlay-gradient":""}},"footnotes":""},"categories":[10,4],"tags":[206],"class_list":["post-5830","post","type-post","status-publish","format-standard","has-post-thumbnail","hentry","category-1r","category-portada","tag-educacio-visual-i-plastica"],"post_mailing_queue_ids":[],"_links":{"self":[{"href":"https:\/\/agora.xtec.cat\/escolaforndanells\/wp-json\/wp\/v2\/posts\/5830","targetHints":{"allow":["GET"]}}],"collection":[{"href":"https:\/\/agora.xtec.cat\/escolaforndanells\/wp-json\/wp\/v2\/posts"}],"about":[{"href":"https:\/\/agora.xtec.cat\/escolaforndanells\/wp-json\/wp\/v2\/types\/post"}],"author":[{"embeddable":true,"href":"https:\/\/agora.xtec.cat\/escolaforndanells\/wp-json\/wp\/v2\/users\/1"}],"replies":[{"embeddable":true,"href":"https:\/\/agora.xtec.cat\/escolaforndanells\/wp-json\/wp\/v2\/comments?post=5830"}],"version-history":[{"count":2,"href":"https:\/\/agora.xtec.cat\/escolaforndanells\/wp-json\/wp\/v2\/posts\/5830\/revisions"}],"predecessor-version":[{"id":5833,"href":"https:\/\/agora.xtec.cat\/escolaforndanells\/wp-json\/wp\/v2\/posts\/5830\/revisions\/5833"}],"wp:featuredmedia":[{"embeddable":true,"href":"https:\/\/agora.xtec.cat\/escolaforndanells\/wp-json\/wp\/v2\/media\/5831"}],"wp:attachment":[{"href":"https:\/\/agora.xtec.cat\/escolaforndanells\/wp-json\/wp\/v2\/media?parent=5830"}],"wp:term":[{"taxonomy":"category","embeddable":true,"href":"https:\/\/agora.xtec.cat\/escolaforndanells\/wp-json\/wp\/v2\/categories?post=5830"},{"taxonomy":"post_tag","embeddable":true,"href":"https:\/\/agora.xtec.cat\/escolaforndanells\/wp-json\/wp\/v2\/tags?post=5830"}],"curies":[{"name":"wp","href":"https:\/\/api.w.org\/{rel}","templated":true}]}}