{"id":5710,"date":"2021-03-11T13:05:23","date_gmt":"2021-03-11T12:05:23","guid":{"rendered":"http:\/\/agora.xtec.cat\/escolaforndanells\/?p=5710"},"modified":"2021-03-11T13:31:19","modified_gmt":"2021-03-11T12:31:19","slug":"ajuts-individuals-de-desplacament-curs-2020-2021","status":"publish","type":"post","link":"https:\/\/agora.xtec.cat\/escolaforndanells\/general\/ajuts-individuals-de-desplacament-curs-2020-2021\/","title":{"rendered":"AJUTS INDIVIDUALS DE DESPLA\u00c7AMENT 20\/21"},"content":{"rendered":"<p style=\"text-align: justify;\">Benvolgudes fam\u00edlies,<\/p>\n<p style=\"font-weight: 400; text-align: justify;\"><strong>Us informem que aprovades les Bases que regeixen la\u00a0<u>Convocat\u00f2ria d\u2019Ajuts Individuals de Despla\u00e7ament per al present curs 2020\/2021<\/u>, el termini de presentaci\u00f3 de sol\u00b7licituds s\u2019estableix\u00a0<u>entre el 15 de mar\u00e7 i el 9 d\u2019abril de 2021.<\/u><\/strong><\/p>\n<p style=\"font-weight: 400; text-align: justify;\">Recordem que aquesta convocat\u00f2ria est\u00e0 dirigida a alumnat\u00a0d&#8217;educaci\u00f3 infantil, d&#8217;educaci\u00f3 prim\u00e0ria, d&#8217;educaci\u00f3 secund\u00e0ria obligat\u00f2ria\u00a0<u>que tinguin el seu domicili com a m\u00ednim a 3 Km<\/u> del centre escolar o a la parada de Transport Escolar Col\u00b7lectiu m\u00e9s propera; i sempre que estigui escolaritzat en el centre escolar m\u00e9s proper al seu domicili <u>d&#8217;acord amb el mapa escolar<\/u>; o b\u00e9, en un altre centre escolar quan aix\u00ed hagi estat proposat pel Departament d\u2019Educaci\u00f3.<\/p>\n<p style=\"font-weight: 400; text-align: justify;\"><em>Aquesta convocat\u00f2ria \u00e9s independent de les inscripcions al Transport Escolar Col\u00b7lectiu gestionat pel consell comarcal.<\/em><\/p>\n<p style=\"text-align: justify;\"><span style=\"text-decoration: underline;\"><strong>Termini:<\/strong><\/span><\/p>\n<p style=\"text-align: justify; padding-left: 40px;\"><strong>Entre el 15 de mar\u00e7 i el 9 d\u2019abril de 2021<\/strong><\/p>\n<p style=\"text-align: justify;\"><span style=\"text-decoration: underline;\"><strong>Informaci\u00f3:<\/strong><\/span><\/p>\n<p style=\"text-align: justify; padding-left: 40px;\">Les <strong>Bases de la Convocat\u00f2ria<\/strong> i el <strong>formulari de sol\u00b7licitud<\/strong> d\u2019AJUT INDIVIDUAL DE DESPLA\u00c7AMENT es troben a la web comarcal:<br \/>\n<a href=\"https:\/\/www.girones.cat\/arees\/ensenyament-cultura-turisme-catala-joventut-i-esports\/ensenyament\/transport-escolar\/\"><em><strong>https:\/\/www.girones.cat\/arees\/ensenyament-cultura-turisme-catala-joventut-i-esports\/ensenyament\/transport-escolar\/<\/strong><\/em><\/a><\/p>\n<p style=\"text-align: justify; padding-left: 40px;\"><strong>ATENCI\u00d3:<\/strong> la sol\u00b7licitud d&#8217;Ajut Individual de Despla\u00e7ament no \u00e9s la inscripci\u00f3 al Transport Escolar Col\u00b7lectiu.<\/p>\n<p style=\"text-align: justify;\"><span style=\"text-decoration: underline;\"><strong>Beneficiaris:<\/strong><\/span><\/p>\n<ul>\n<li style=\"list-style-type: none;\">\n<ul style=\"text-align: justify;\">\n<li>Els alumnes d&#8217;educaci\u00f3 infantil, d&#8217;educaci\u00f3 prim\u00e0ria, d&#8217;educaci\u00f3 secund\u00e0ria obligat\u00f2ria escolaritzats en centres escolars sostinguts amb fons p\u00fablics de la comarca que tinguin el seu domicili com a m\u00ednim a 3 Km del centre escolar o a la parada de Transport Escolar Col\u00b7lectiu m\u00e9s propera.<\/li>\n<li>Els alumnes escolaritzats a centres escolars d&#8217;educaci\u00f3 especial, unitats de suport intensiu d&#8217;escolaritzaci\u00f3 inclusiva o agrupament de sords o unitats d&#8217;escolaritzaci\u00f3 compartida sostinguts amb fons p\u00fablics de la comarca que tinguin el seu domicili com a m\u00ednim a 1 Km del centre escolar o a la parada de Transport Escolar Col\u00b7lectiu m\u00e9s propera.<\/li>\n<\/ul>\n<\/li>\n<\/ul>\n<p style=\"text-align: justify; padding-left: 40px;\">En tots els casos, l\u2019alumne\/a beneficiari d\u2019aquest ajut ha d\u2019estar escolaritzat en el centre escolar m\u00e9s proper al seu domicili, d\u2019acord amb l\u2019etapa escolar que estigui cursant i d&#8217;acord amb el mapa escolar; o b\u00e9, en un altre centre escolar quan aix\u00ed hagi estat proposat pel Departament d\u2019Educaci\u00f3.<\/p>\n<p style=\"text-align: justify;\"><span style=\"text-decoration: underline;\"><strong>Sol\u00b7licituds:<\/strong><\/span><\/p>\n<p style=\"text-align: justify; padding-left: 40px;\">Els ciutadans hauran d&#8217;accedir al tr\u00e0mit mitjan\u00e7ant qualsevol dels <strong>certificats digitals autoritzats (FNMT, tCat, Cl@ve, idCat m\u00f2bil, etc.)<\/strong><\/p>\n<p style=\"text-align: justify; padding-left: 40px;\">Alternativament, i <span style=\"text-decoration: underline;\">nom\u00e9s en cas de renovaci\u00f3 d&#8217;una sol\u00b7licitud del curs anterior<\/span>, podran demanar un Codi d&#8217;Expedient que rebran per SMS. Per aix\u00f2 hauran d&#8217;indicar el DNI\/NIE i el n\u00famero de tel\u00e8fon que constava a la sol\u00b7licitud del curs anterior.<\/p>\n<p style=\"text-align: justify; padding-left: 40px;\"><span style=\"text-decoration: underline;\">En cas de nova sol\u00b7licitud o canvi de n\u00famero de compte bancari d\u2019una renovaci\u00f3<\/span>, ser\u00e0 necessari adjuntar la fitxa de creditor degudament signada i segellada o, alternativament, certificat de l\u2019entitat banc\u00e0ria on hi figuri el IBAN, nom complet i DNI\/NIE del titular del compte. <span style=\"text-decoration: underline;\">Sense aquest document no es podr\u00e0 validar la sol\u00b7licitud.<\/span><\/p>\n<p style=\"text-align: justify;\"><span style=\"text-decoration: underline;\"><strong>Atenci\u00f3 a les persones interessades:<\/strong><\/span><\/p>\n<p style=\"text-align: justify; padding-left: 40px;\">Dilluns a divendres (8 a 15h) Tel: 972 213 262<\/p>\n","protected":false},"excerpt":{"rendered":"<p>Benvolgudes fam\u00edlies, Us informem que aprovades les Bases que regeixen la\u00a0Convocat\u00f2ria d\u2019Ajuts Individuals de Despla\u00e7ament per al present curs 2020\/2021, el termini de presentaci\u00f3 de sol\u00b7licituds s\u2019estableix\u00a0entre el 15 de mar\u00e7 i el 9 d\u2019abril de 2021. Recordem que aquesta convocat\u00f2ria est\u00e0 dirigida a alumnat\u00a0d&#8217;educaci\u00f3 infantil, d&#8217;educaci\u00f3 prim\u00e0ria, d&#8217;educaci\u00f3 secund\u00e0ria obligat\u00f2ria\u00a0que tinguin el seu domicili [&hellip;]<\/p>\n","protected":false},"author":1,"featured_media":5718,"comment_status":"open","ping_status":"closed","sticky":false,"template":"","format":"standard","meta":{"_bbp_topic_count":0,"_bbp_reply_count":0,"_bbp_total_topic_count":0,"_bbp_total_reply_count":0,"_bbp_voice_count":0,"_bbp_anonymous_reply_count":0,"_bbp_topic_count_hidden":0,"_bbp_reply_count_hidden":0,"_bbp_forum_subforum_count":0,"site-sidebar-layout":"default","site-content-layout":"","ast-site-content-layout":"","site-content-style":"default","site-sidebar-style":"default","ast-global-header-display":"","ast-banner-title-visibility":"","ast-main-header-display":"","ast-hfb-above-header-display":"","ast-hfb-below-header-display":"","ast-hfb-mobile-header-display":"","site-post-title":"","ast-breadcrumbs-content":"","ast-featured-img":"","footer-sml-layout":"","theme-transparent-header-meta":"","adv-header-id-meta":"","stick-header-meta":"","header-above-stick-meta":"","header-main-stick-meta":"","header-below-stick-meta":"","astra-migrate-meta-layouts":"default","ast-page-background-enabled":"default","ast-page-background-meta":{"desktop":{"background-color":"var(--ast-global-color-4)","background-image":"","background-repeat":"repeat","background-position":"center center","background-size":"auto","background-attachment":"scroll","background-type":"","background-media":"","overlay-type":"","overlay-color":"","overlay-opacity":"","overlay-gradient":""},"tablet":{"background-color":"","background-image":"","background-repeat":"repeat","background-position":"center center","background-size":"auto","background-attachment":"scroll","background-type":"","background-media":"","overlay-type":"","overlay-color":"","overlay-opacity":"","overlay-gradient":""},"mobile":{"background-color":"","background-image":"","background-repeat":"repeat","background-position":"center center","background-size":"auto","background-attachment":"scroll","background-type":"","background-media":"","overlay-type":"","overlay-color":"","overlay-opacity":"","overlay-gradient":""}},"ast-content-background-meta":{"desktop":{"background-color":"var(--ast-global-color-5)","background-image":"","background-repeat":"repeat","background-position":"center center","background-size":"auto","background-attachment":"scroll","background-type":"","background-media":"","overlay-type":"","overlay-color":"","overlay-opacity":"","overlay-gradient":""},"tablet":{"background-color":"var(--ast-global-color-5)","background-image":"","background-repeat":"repeat","background-position":"center center","background-size":"auto","background-attachment":"scroll","background-type":"","background-media":"","overlay-type":"","overlay-color":"","overlay-opacity":"","overlay-gradient":""},"mobile":{"background-color":"var(--ast-global-color-5)","background-image":"","background-repeat":"repeat","background-position":"center center","background-size":"auto","background-attachment":"scroll","background-type":"","background-media":"","overlay-type":"","overlay-color":"","overlay-opacity":"","overlay-gradient":""}},"footnotes":""},"categories":[10,11,12,13,14,15,1,3,8,9,33,4],"tags":[236,267],"class_list":["post-5710","post","type-post","status-publish","format-standard","has-post-thumbnail","hentry","category-1r","category-2n","category-3r","category-4t","category-5e","category-6e","category-general","category-i3","category-i4","category-i5","category-informacions","category-portada","tag-ajuts","tag-desplacament"],"post_mailing_queue_ids":[],"_links":{"self":[{"href":"https:\/\/agora.xtec.cat\/escolaforndanells\/wp-json\/wp\/v2\/posts\/5710","targetHints":{"allow":["GET"]}}],"collection":[{"href":"https:\/\/agora.xtec.cat\/escolaforndanells\/wp-json\/wp\/v2\/posts"}],"about":[{"href":"https:\/\/agora.xtec.cat\/escolaforndanells\/wp-json\/wp\/v2\/types\/post"}],"author":[{"embeddable":true,"href":"https:\/\/agora.xtec.cat\/escolaforndanells\/wp-json\/wp\/v2\/users\/1"}],"replies":[{"embeddable":true,"href":"https:\/\/agora.xtec.cat\/escolaforndanells\/wp-json\/wp\/v2\/comments?post=5710"}],"version-history":[{"count":3,"href":"https:\/\/agora.xtec.cat\/escolaforndanells\/wp-json\/wp\/v2\/posts\/5710\/revisions"}],"predecessor-version":[{"id":5719,"href":"https:\/\/agora.xtec.cat\/escolaforndanells\/wp-json\/wp\/v2\/posts\/5710\/revisions\/5719"}],"wp:featuredmedia":[{"embeddable":true,"href":"https:\/\/agora.xtec.cat\/escolaforndanells\/wp-json\/wp\/v2\/media\/5718"}],"wp:attachment":[{"href":"https:\/\/agora.xtec.cat\/escolaforndanells\/wp-json\/wp\/v2\/media?parent=5710"}],"wp:term":[{"taxonomy":"category","embeddable":true,"href":"https:\/\/agora.xtec.cat\/escolaforndanells\/wp-json\/wp\/v2\/categories?post=5710"},{"taxonomy":"post_tag","embeddable":true,"href":"https:\/\/agora.xtec.cat\/escolaforndanells\/wp-json\/wp\/v2\/tags?post=5710"}],"curies":[{"name":"wp","href":"https:\/\/api.w.org\/{rel}","templated":true}]}}