{"id":5483,"date":"2020-12-14T09:49:53","date_gmt":"2020-12-14T08:49:53","guid":{"rendered":"http:\/\/agora.xtec.cat\/escolaforndanells\/?p=5483"},"modified":"2020-12-14T09:49:53","modified_gmt":"2020-12-14T08:49:53","slug":"6e-bullying-i-ciberbullying","status":"publish","type":"post","link":"https:\/\/agora.xtec.cat\/escolaforndanells\/portada\/6e-bullying-i-ciberbullying\/","title":{"rendered":"6\u00e8 BULLYING I CIBERBULLYING"},"content":{"rendered":"<p style=\"text-align: justify;\"><span style=\"font-weight: 400;\">Aquesta setmana ens ha visitat a l&#8217;escola un treballador social, en Josep, que ens ha explicat en qu\u00e8 consisteix el bullying i el ciberbullying.\u00a0<\/span><\/p>\n<p style=\"text-align: justify;\"><span style=\"font-weight: 400;\">Tan un concepte com l\u2019altre de vegades s\u00f3n dif\u00edcils de detectar, perqu\u00e8 es fa d&#8217;amagat a la vista dels adults.<\/span><\/p>\n<p style=\"text-align: justify;\"><span style=\"font-weight: 400;\">El bullying, que t\u00e9 lloc de manera prolongada en el temps,\u00a0 t\u00e9 diferents formes:\u00a0<\/span><\/p>\n<ul style=\"text-align: justify;\">\n<li style=\"font-weight: 400;\"><b>Bullying psicol\u00f2gic:<\/b><span style=\"font-weight: 400;\"> quan hi ha amenaces, intimidaci\u00f3, persecuci\u00f3. <\/span><span style=\"font-weight: 400;\">S\u00f3n accions que danyen l&#8217;autoestima de la v\u00edctima i fomenten la seva sensaci\u00f3 de por.<\/span><\/li>\n<li style=\"font-weight: 400;\"><b>Bullying verbal:<\/b><span style=\"font-weight: 400;\"> consisteix en <\/span><span style=\"font-weight: 400;\">difondre tafaneries, rumors, bromes insultants, sobrenoms\u2026..\u00a0 amb la finalitat de discriminar.<\/span><\/li>\n<li style=\"font-weight: 400;\"><b>Bullying social:<\/b> <span style=\"font-weight: 400;\">Pret\u00e9n a\u00efllar el nen o jove de la resta del grup, ignorant-lo, a\u00efllant-lo i excloent-lo.<\/span><\/li>\n<li style=\"font-weight: 400;\"><b>Bullying f\u00edsic:<\/b> <span style=\"font-weight: 400;\">\u00c9s el tipus d&#8217;assetjament m\u00e9s com\u00fa, que Inclou cops, empentes i fins i tot pallisses entre un o diversos agressors contra una sola v\u00edctima,<\/span><\/li>\n<li style=\"font-weight: 400;\"><b>Bullying sexual:<\/b> <span style=\"font-weight: 400;\">Es presenta un setge, inducci\u00f3 o ab\u00fas sexual o refer\u00e8ncies malintencionades a parts \u00edntimes del cos de la v\u00edctima.<\/span><\/li>\n<\/ul>\n<p style=\"text-align: justify;\"><span style=\"font-weight: 400;\">Amb la introducci\u00f3 de les xarxes socials ha aparegut un altre tipus de <\/span><span style=\"font-weight: 400;\">bullying anomenat ciberbullying. Consisteix en actes d&#8217;humiliaci\u00f3 i assetjament a la v\u00edctima a trav\u00e9s de:<\/span><span style=\"font-weight: 400;\"> missatges de text en m\u00f2bils, tauletes i ordinadors, p\u00e0gines web i blocs, jocs online, correus electr\u00f2nics, xats, etc. El contingut de l&#8217;assetjament va des dels t\u00edpics insults a muntatges fotogr\u00e0fics o de v\u00eddeo de mal gust, imatges inadequades de la v\u00edctima preses sense el seu perm\u00eds, etc. ,\u00a0<\/span><\/p>\n<p style=\"text-align: justify;\"><span style=\"font-weight: 400;\">Es considerar\u00e0 que s\u2019est\u00e0 patint<\/span><span style=\"font-weight: 400;\"> ciberbullying ja des de la primera vegada que es detecti un acte d\u2019aquest tipus.\u00a0<\/span><\/p>\n<p style=\"text-align: justify;\"><span style=\"font-weight: 400;\">El perfil de l&#8217;assetjador sol ser el d&#8217;una persona f\u00edsicament forta, impulsiva, dominant i amb conductes antisocials.\u00a0<\/span><\/p>\n<p style=\"text-align: justify;\"><span style=\"font-weight: 400;\">Aquesta xerrada ens va agradar molt i va ser molt interessant.<\/span><\/p>\n<p><strong><em><a href=\"https:\/\/photos.app.goo.gl\/atmnv3zHhnu66fga7\">FOTOS DE L&#8217;ACTIVITAT<\/a><\/em><\/strong><\/p>\n","protected":false},"excerpt":{"rendered":"<p>Aquesta setmana ens ha visitat a l&#8217;escola un treballador social, en Josep, que ens ha explicat en qu\u00e8 consisteix el bullying i el ciberbullying.\u00a0 Tan un concepte com l\u2019altre de vegades s\u00f3n dif\u00edcils de detectar, perqu\u00e8 es fa d&#8217;amagat a la vista dels adults. El bullying, que t\u00e9 lloc de manera prolongada en el temps,\u00a0 [&hellip;]<\/p>\n","protected":false},"author":1,"featured_media":5484,"comment_status":"open","ping_status":"closed","sticky":false,"template":"","format":"standard","meta":{"_bbp_topic_count":0,"_bbp_reply_count":0,"_bbp_total_topic_count":0,"_bbp_total_reply_count":0,"_bbp_voice_count":0,"_bbp_anonymous_reply_count":0,"_bbp_topic_count_hidden":0,"_bbp_reply_count_hidden":0,"_bbp_forum_subforum_count":0,"site-sidebar-layout":"default","site-content-layout":"","ast-site-content-layout":"","site-content-style":"default","site-sidebar-style":"default","ast-global-header-display":"","ast-banner-title-visibility":"","ast-main-header-display":"","ast-hfb-above-header-display":"","ast-hfb-below-header-display":"","ast-hfb-mobile-header-display":"","site-post-title":"","ast-breadcrumbs-content":"","ast-featured-img":"","footer-sml-layout":"","theme-transparent-header-meta":"","adv-header-id-meta":"","stick-header-meta":"","header-above-stick-meta":"","header-main-stick-meta":"","header-below-stick-meta":"","astra-migrate-meta-layouts":"default","ast-page-background-enabled":"default","ast-page-background-meta":{"desktop":{"background-color":"var(--ast-global-color-4)","background-image":"","background-repeat":"repeat","background-position":"center center","background-size":"auto","background-attachment":"scroll","background-type":"","background-media":"","overlay-type":"","overlay-color":"","overlay-opacity":"","overlay-gradient":""},"tablet":{"background-color":"","background-image":"","background-repeat":"repeat","background-position":"center center","background-size":"auto","background-attachment":"scroll","background-type":"","background-media":"","overlay-type":"","overlay-color":"","overlay-opacity":"","overlay-gradient":""},"mobile":{"background-color":"","background-image":"","background-repeat":"repeat","background-position":"center center","background-size":"auto","background-attachment":"scroll","background-type":"","background-media":"","overlay-type":"","overlay-color":"","overlay-opacity":"","overlay-gradient":""}},"ast-content-background-meta":{"desktop":{"background-color":"var(--ast-global-color-5)","background-image":"","background-repeat":"repeat","background-position":"center center","background-size":"auto","background-attachment":"scroll","background-type":"","background-media":"","overlay-type":"","overlay-color":"","overlay-opacity":"","overlay-gradient":""},"tablet":{"background-color":"var(--ast-global-color-5)","background-image":"","background-repeat":"repeat","background-position":"center center","background-size":"auto","background-attachment":"scroll","background-type":"","background-media":"","overlay-type":"","overlay-color":"","overlay-opacity":"","overlay-gradient":""},"mobile":{"background-color":"var(--ast-global-color-5)","background-image":"","background-repeat":"repeat","background-position":"center center","background-size":"auto","background-attachment":"scroll","background-type":"","background-media":"","overlay-type":"","overlay-color":"","overlay-opacity":"","overlay-gradient":""}},"footnotes":""},"categories":[15,4],"tags":[309,308,307,218],"class_list":["post-5483","post","type-post","status-publish","format-standard","has-post-thumbnail","hentry","category-6e","category-portada","tag-bullying","tag-ciberbullying","tag-xarxes-socials","tag-xerrada"],"post_mailing_queue_ids":[],"_links":{"self":[{"href":"https:\/\/agora.xtec.cat\/escolaforndanells\/wp-json\/wp\/v2\/posts\/5483","targetHints":{"allow":["GET"]}}],"collection":[{"href":"https:\/\/agora.xtec.cat\/escolaforndanells\/wp-json\/wp\/v2\/posts"}],"about":[{"href":"https:\/\/agora.xtec.cat\/escolaforndanells\/wp-json\/wp\/v2\/types\/post"}],"author":[{"embeddable":true,"href":"https:\/\/agora.xtec.cat\/escolaforndanells\/wp-json\/wp\/v2\/users\/1"}],"replies":[{"embeddable":true,"href":"https:\/\/agora.xtec.cat\/escolaforndanells\/wp-json\/wp\/v2\/comments?post=5483"}],"version-history":[{"count":1,"href":"https:\/\/agora.xtec.cat\/escolaforndanells\/wp-json\/wp\/v2\/posts\/5483\/revisions"}],"predecessor-version":[{"id":5485,"href":"https:\/\/agora.xtec.cat\/escolaforndanells\/wp-json\/wp\/v2\/posts\/5483\/revisions\/5485"}],"wp:featuredmedia":[{"embeddable":true,"href":"https:\/\/agora.xtec.cat\/escolaforndanells\/wp-json\/wp\/v2\/media\/5484"}],"wp:attachment":[{"href":"https:\/\/agora.xtec.cat\/escolaforndanells\/wp-json\/wp\/v2\/media?parent=5483"}],"wp:term":[{"taxonomy":"category","embeddable":true,"href":"https:\/\/agora.xtec.cat\/escolaforndanells\/wp-json\/wp\/v2\/categories?post=5483"},{"taxonomy":"post_tag","embeddable":true,"href":"https:\/\/agora.xtec.cat\/escolaforndanells\/wp-json\/wp\/v2\/tags?post=5483"}],"curies":[{"name":"wp","href":"https:\/\/api.w.org\/{rel}","templated":true}]}}