{"id":5434,"date":"2020-11-05T13:02:01","date_gmt":"2020-11-05T12:02:01","guid":{"rendered":"http:\/\/agora.xtec.cat\/escolaforndanells\/?p=5434"},"modified":"2020-11-05T14:10:34","modified_gmt":"2020-11-05T13:10:34","slug":"article-de-lescola-a-la-revista-forn-danells-num-145","status":"publish","type":"post","link":"https:\/\/agora.xtec.cat\/escolaforndanells\/general\/i3\/article-de-lescola-a-la-revista-forn-danells-num-145\/","title":{"rendered":"ARTICLE DE L&#8217;ESCOLA A LA REVISTA FORN D&#8217;ANELLS N\u00daM 145"},"content":{"rendered":"<p style=\"text-align: justify;\"><strong><u>INTRODUCCI\u00d3<\/u><\/strong><\/p>\n<p style=\"text-align: justify;\">Davant d\u2019aquest nou curs tan especial que hem encetat, s\u00f3n moltes les expectatives que hi dipositem. Ha estat un inici amb moltes emocions trobades i un munt de desitjos que esperem es puguin fer realitat. Els equips dels diferents cicles de l\u2019escola Forn d\u2019Anells volem fer-vos un breu resum d\u2019aquestes primeres sensacions i d\u2019alguns projectes que volem portar a terme al llarg d\u2019aquest curs 2020-2021.<\/p>\n<p style=\"text-align: justify;\">Abans per\u00f2, us presentarem la plantilla per aquest nou curs: l\u2019escola t\u00e9 un total de 266 alumnes i 30 professionals. A excepci\u00f3 del grup de 2n i P3 la resta estan tots desdoblats. Enguany continuaran a l\u2019equip directiu en Ferran Jim\u00e9nez, en Pau Hidalgo i l\u2019Esperan\u00e7a Busquets. La plantilla de mestres a Educaci\u00f3 Infantil est\u00e0 formada per la Gl\u00f2ria Sitjas a P3; la Mireia Vendrell i la Gemma Barneda a P4; l\u2019Aida Mel\u00e9ndez, la Cristina Rebarter i la Judith Parra a P5; aquest curs tenim una TEI: l\u2019Inma Casany i una vetlladora: la Merc\u00e8 Vila. A l\u2019Educaci\u00f3 Prim\u00e0ria hi trobem: la M. \u00c0ngels Masjuan i Lola Cano a 1r; l\u2019Anna Cantalosella a 2n; l\u2019Anna Paguina i la Mar Puig a 3r; en Pau Hidalgo i la Laia Bru a 4t; en Pere Sal\u00f3 i la Marga Pujol a 6\u00e8; la Cristina Ferran i l\u2019Anna Riera a 6\u00e8; com refor\u00e7 a prim\u00e0ria tenim l\u2019\u00c0ngel Alarc\u00f3n. Com a especialistes en Pere Sal\u00f3, l\u2019Ester Fust\u00e9, la Laia Bru i la Sara Tejada a angl\u00e8s; l\u2019Esperan\u00e7a Busquets i en Ferran Jim\u00e9nez a m\u00fasica; la Montse Medina a educaci\u00f3 f\u00edsica; la Cristina Surroca a tradicions cultures i creences del m\u00f3n; la Carme Vilar a educaci\u00f3 especial. La Palmira Peracaula com EAP. La Puri Santander com administrativa i l\u2019Inma Delgado com a conserge.<\/p>\n<p style=\"text-align: justify;\">A continuaci\u00f3, per cicle i etapes, us expliquem com ens ha anat aquesta tornada a l\u2019escola i la festa de Benvinguda al curs 2020-2021.<\/p>\n<p style=\"text-align: justify;\"><strong><u>EDUCACI\u00d3 INFANTIL<\/u><\/strong><\/p>\n<p style=\"text-align: justify;\">14 de setembre del 2020\u2026 nervis, il\u00b7lusi\u00f3, mirades, retrobaments, somriures,&#8230; Un garbuix d\u2019emocions que embolcallen el desig de la tornada a la rutina, l\u2019anhel d\u2019una certa normalitat. L\u2019escola que han trobat els nostres alumnes no \u00e9s l\u2019escola que van deixar al mes de mar\u00e7, els hem rebut amb tot l\u2019amor i il\u00b7lusi\u00f3, tanmateix ho hem fet darrere d\u2019una mascareta i amb molts canvis en el seu dia a dia a l\u2019aula. Per\u00f2 una vegada m\u00e9s han demostrat ser uns petits GRAND\u00cdSSIMS herois. Desprenen tanta alegria, \u00e9s tan gran el seu desig de compartir estones i nous aprenentatges amb els companys i companyes, que s\u2019estan adaptant a tot d\u2019una manera sorprenent. Us felicitem petitons i petitones de l\u2019escola, sou fant\u00e0stics!<\/p>\n<p style=\"text-align: justify;\">Tot i les mesures, s\u00f3n moltes les activitats i projectes que tenim preparats per a aquest curs. Farem racons, educaci\u00f3 emocional, filosofia, experimentarem, jugarem, ens endinsarem en el m\u00f3n dels contes, coneixerem artistes de renom, compartirem, expressarem i anirem aprenent a estimar-nos cada dia una mica m\u00e9s.<\/p>\n<p style=\"text-align: justify;\">Una de les activitats que encetem aquest curs a Infantil \u00e9s el projecte que hem anomenat \u201cParlem de\u2026\u201d. Es tracta d\u2019una proposta que vol partir dels interessos dels alumnes, amb l\u2019objectiu de despertar les seves ganes de saber, la seva curiositat i l\u2019exposici\u00f3 d\u2019un tema en el cas dels m\u00e9s grans del cicle. Esperem que aquesta activitat ens regali molt bones estones i nous aprenentatges ben interessants.<\/p>\n<p style=\"text-align: justify;\">Per altra banda tenim tamb\u00e9 algunes sortides programades: una visita per con\u00e8ixer el bosc mediterrani de l\u2019estany de Banyoles, un dia d\u2019aventures en el circuit \u201cCamina descal\u00e7\u201d a Arb\u00facies, un mat\u00ed ben cultural al teatre, entre d\u2019altres. I no oblidem les col\u00f2nies de P5, que si tot va b\u00e9, passaran dos dies fant\u00e0stics a Can Caball\u00e9.<\/p>\n<p style=\"text-align: justify;\">Sens dubte, aquestes primeres setmanes d\u2019escola han estat molt intenses per a tots i totes.<\/p>\n<p style=\"text-align: justify;\">Els m\u00e9s menuts, els nens i nenes de P3, estan fent una adaptaci\u00f3 fant\u00e0stica. Petites personetes que han comen\u00e7at l\u2019aventura de \u201cl\u2019escola dels grans\u201d amb moltes ganes de jugar i fer coses noves. I tamb\u00e9, val a dir, amb alguns badalls a les tardes i fins i tot alguna becaina. Benvinguts al Forn d\u2019Anells petitons i petitones, esperem que el vostre primer curs amb nosaltres sigui inoblidable!<\/p>\n<p style=\"text-align: justify;\">Els nens i nenes de P4, els <em>dofins<\/em> i els <em>cocodrils<\/em>, per altra banda, ja coneixien una mica m\u00e9s l\u2019escola, tot i que no van poder gaudir d\u2019un P3 com mereixien. Han tornat amb moltes ganes i estan fent moltes cosetes amb les seves noves mestres, que els han acollit amb els bra\u00e7os ben oberts. Ja han muntat el rac\u00f3 del \u201cBon dia\u201d entre tots i totes, ara ja s\u00f3n grans i ells mateixos han elaborat els cartells de les rutines. Tamb\u00e9 han comen\u00e7at els racons, que aquest any no poden ser compartits per\u00f2 que de ben segur tamb\u00e9 els regalaran molts bons moments!<\/p>\n<p style=\"text-align: justify;\">I els m\u00e9s grans del cicle, els<em> crancs i ping\u00fcins<\/em> de P5, han tornat amb les piles ben carregades, amb molt\u00edssimes ganes d\u2019aprofitar cada moment i de gaudir de cada aprenentatge d\u2019aquest darrer curs d\u2019infantil. I han comen\u00e7at amb reptes des del primer dia, en qu\u00e8 els esperava a l\u2019aula la <em>motxilla viatgera<\/em>. Van haver de passar unes proves per esbrinar el codi secret que obria la maleta. El m\u00e9s important era ser un gran equip, i ells sens dubte, ho han estat. Endavant trempats i trempades, us regalarem un P5 inoblidable!<\/p>\n<p style=\"text-align: justify;\">Ja per acabar, l\u2019equip de mestres d\u2019infantil us desitgem molta SALUT i for\u00e7a i esperem de tot cor poder donar als i les nostres alumnes el curs que mereixen. Endavant, tot anir\u00e0 b\u00e9!<\/p>\n<p style=\"text-align: justify;\"><strong><u>CICLE INICIAL<\/u><\/strong><\/p>\n<p style=\"text-align: justify;\">Acabem d\u2019estrenar el curs m\u00e9s especial que ens ha tocat viure i \u00e9s potser, malgrat les dificultats, el que comencem amb m\u00e9s il\u00b7lusi\u00f3, empenta i ganes. Nom\u00e9s cal veure les cares d\u2019alegria dels infants quan arriben a l\u2019escola, quan se\u2019ls proposa una activitat, quan surten al pati.<\/p>\n<p style=\"text-align: justify;\">Segurament \u00e9s que, al llarg d\u2019aquests mesos, hem apr\u00e8s alguna cosa: a apreciar i a gaudir del que fins aleshores trob\u00e0vem tan normal i rutinari.<\/p>\n<p style=\"text-align: justify;\">Els temors i desconfiances que ens acompanyaven el primer dia aviat es van esvair. Nom\u00e9s va caldre un mat\u00ed, que vam voler que fos ben diferent i especial a tots els altres primers matins de curs. Les aules es van omplir de jocs, de can\u00e7ons, d\u2019hist\u00f2ries i converses. Tots els infants tenien un munt d\u2019experi\u00e8ncies per compartir, sentiments per expressar, jocs amb amics que volien intercanviar\u2026<\/p>\n<p style=\"text-align: justify;\">La intenci\u00f3 dels mestres va ser que els infants recuperessin \u201cl\u2019escola\u201d, se sentissin acollits, tranquils i segurs, contents. \u00c9s veritat que vam haver d\u2019introduir un munt de rutines noves, <em>estranyes<\/em>, per\u00f2 necess\u00e0ries; per\u00f2 ells, nens i nenes, van entendre la necessitat de respectar els h\u00e0bits d\u2019higiene i dist\u00e0ncia que ens ha marcat el Departament. En pocs dies s\u2019han fet uns experts en el bon \u00fas de la mascareta i rentat de mans! Aquestes rutines s\u2019han integrat amb tota normalitat a les tasques di\u00e0ries escolars.<\/p>\n<p style=\"text-align: justify;\">Malgrat tot, les difer\u00e8ncies amb els altres cursos s\u00f3n molt evidents. Aquest any, per exemple, els infants comparteixen l\u2019espai de pati nom\u00e9s amb els companys de la seva classe. Tenim la sort, per\u00f2, de gaudir d\u2019un gran espai arbrat, amb pista, camp de futbol, sorral, escenari i -una novetat- un parc del poble molt ben equipat! A m\u00e9s, setmanalment, canviaran d\u2019espai i gaudiran de les difer\u00e8ncies i recursos de joc que cada zona ofereix.<\/p>\n<p style=\"text-align: justify;\">No podrem celebrar els aniversaris convidant els companys i companyes amb un\u00a0esmorzar, per\u00f2 la celebraci\u00f3 hi ser\u00e0 igualment. Ja tenim a punt el detall que ells mateixos han elaborat a la classe de pl\u00e0stica.<\/p>\n<p style=\"text-align: justify;\">I malgrat tots aquests canvis i mesures, esperem gaudir d\u2019un MOLT BON CURS!!<\/p>\n<p style=\"text-align: justify;\"><strong><u>CICLE MITJ\u00c0<\/u><\/strong><\/p>\n<p style=\"text-align: justify;\">Quan el 13 de mar\u00e7 ens van comunicar que es tancava l\u2019escola, poc pod\u00edem imaginar que la cosa s\u2019allargaria tant!<\/p>\n<p style=\"text-align: justify;\">Per fi setembre ha arribat i amb ell l\u2019escola presencial. Tot i que \u00e9s un any diferent, tant alumnes com mestres ten\u00edem moltes ganes de retrobar-nos. El 14 de setembre els nens i nenes esperaven a la porta de l\u2019escola (i els mestres a dins), plens de nervis, il\u00b7lusions, gels hidroalcoh\u00f2lics i mascaretes, doncs la nova situaci\u00f3 comporta un seguit de mesures a les que poc a poc tots ens anem adaptant. Sense dubte ens espera un any ple de reptes que segur que aconseguirem superar!<\/p>\n<p style=\"text-align: justify;\">Aquest curs, tot i estar marcat per la COVID, no volem deixar de fer milers de coses que enriqueixin i facin gaudir als i les nostres alumnes. Aquest any no podrem barrejar-nos amb alumnes d\u2019altres cursos com hav\u00edem fet l\u2019any anterior per\u00f2 apostem per seguir amb la nostra metodologia, treballant per racons i tallers, com per exemple l\u2019hort, la inform\u00e0tica, la lectura o rob\u00f2tica. Tamb\u00e9 farem excursions i, a 3r., fins i tot anirem de col\u00f2nies!!! De ben segur que ens ho passarem d\u2019all\u00f2 m\u00e9s b\u00e9!<\/p>\n<p style=\"text-align: justify;\">Durant aquests primers dies, d\u2019una banda, hem estat treballant conceptes importants que no hav\u00edem pogut estudiar durant el confinament, i d\u2019altra banda, hem anat repassant tot el sistema del Classroom, per si ens tornen a confinar, que tothom ho tingui molt clar!<\/p>\n<p style=\"text-align: justify;\">A 3r a l\u2019hora de pl\u00e0stica hem dissenyat els cartells de les taules, cadires i penjadors per tenir ben clar on seu cada alumne\/a, doncs amb aix\u00f2 de la COVID hem de respectar molt el lloc de cadasc\u00fa . La veritat \u00e9s que hem fet unes creacions magn\u00edfiques!!!<\/p>\n<p style=\"text-align: justify;\">A l\u2019\u00e0rea de medi els i les alumnes de 4rt. hem comen\u00e7at aprenent sobre el Sistema Solar, un tema d\u2019all\u00f2 m\u00e9s interessant i apassionant! L\u2019Univers, el Sol, els planetes\u2026 i per poder entendre-ho millor hem visualitzat un v\u00eddeo on pod\u00edem situar la Terra en el Sistema Solar i con\u00e8ixer els diferents planetes. Hem quedat bocabadats! Tot seguit, hem posat en com\u00fa tot el que hem apr\u00e8s en aquest v\u00eddeo i per acabar d\u2019aprofundir-hi , hem realitzat un mapa de conceptes, on s\u2019ha relacionat tot el que hem apr\u00e8s.<\/p>\n<p style=\"text-align: justify;\">Aquests i molts d\u2019altres projectes ompliran les nostres aules i ens regalaran un munt d\u2019aprenentatges. Som-hi!<\/p>\n<p style=\"text-align: justify;\"><strong><u>CICLE SUPERIOR<\/u><\/strong><\/p>\n<p style=\"text-align: justify;\">A cicle superior, malgrat la situaci\u00f3 actual, volem continuar treballant seguint al m\u00e0xim la metodologia de la nostra escola; racons de llengua, matem\u00e0tiques manipulatives i tallers setmanals d\u2019hort, rob\u00f2tica i lectura (que degut al COVID no podran ser barrejant alumnes de diferents cursos).<\/p>\n<p style=\"text-align: justify;\">Tamb\u00e9 continuarem donant import\u00e0ncia al pla d\u2019acci\u00f3 tutorial per al bon funcionament dels grups i de l\u2019escola en general, \u00e9s per aix\u00f2 que dediquem una estona cada mat\u00ed a aquesta tasca.<\/p>\n<p style=\"text-align: justify;\">Malgrat les incerteses que es presenten aquest curs, des de l\u2019escola hem planificat moltes festes, activitats i sortides que de ben segur agradaran als alumnes. Aquest primer trimestre hem celebrat la festa de benvinguda, farem la de la castanyada i la de Nadal i realitzarem moltes activitats relacionades amb el medi natural: uns tallers sobre l\u2019entorn, uns tallers d\u2019esp\u00e8cies invasores i anirem tamb\u00e9 d\u2019excursi\u00f3 als Aiguamolls de l\u2019Empord\u00e0.<\/p>\n<p style=\"text-align: justify;\">Els alumnes de cinqu\u00e8 han canviat de companys, ja que s\u2019han barrejat els grups del curs passat i a m\u00e9s tenen companys i companyes nous. Els de sis\u00e8 continuen amb els mateixos grups que el curs passat i ja estan pensant en les col\u00f2nies, que si tot va b\u00e9, faran aquest final de curs com a colof\u00f3 del seu pas per l\u2019escola.<\/p>\n<p style=\"text-align: justify;\">Des d\u2019aqu\u00ed volem felicitar a 3 alumnes de 5\u00e8 que, segons els membres del jurat, han merescut un reconeixement pel seu treball en la participaci\u00f3 en el XXV Concurs art\u00edstic i literari del Amics de la UNESCO Girona: Eduardo G, Ivet T. i Mireia S. Tamb\u00e9 volem felicitar molt especialment a un alumne de 6\u00e8: Joel M. que ha obtingut el 2n premi en el concurs de dibuix de tot l\u2019Estat, promogut per la C\u00e1tedra Bancos de Alimentos de la Universidad Polit\u00e9cnica de Madrid i la Fundaci\u00f3 privada Banc dels Aliments de les comarques de Girona.<\/p>\n<p style=\"text-align: justify;\">Quantes aventures i nous aprenentatges ens esperen! Gaudim-los!<\/p>\n<p style=\"text-align: justify;\"><strong><u>FESTA DE BENVINGUDA<\/u><\/strong><\/p>\n<p style=\"text-align: justify;\">Malauradament aquest curs no hem pogut portar a terme una festa de Benvinguda com la ja tradicional des de fa uns anys, en qu\u00e8 ens reunim a la pista tots els nens i nenes, mestres i personal de l\u2019escola. Per\u00f2 tot i aix\u00f2, ten\u00edem clar que no vol\u00edem renunciar al fet de donar la benvinguda a aquest curs tan especial, perqu\u00e8 potser m\u00e9s que mai, \u00e9s ara quan necessitem \u00e0nims i bons desitjos per a encarar-lo amb il\u00b7lusi\u00f3.<\/p>\n<p style=\"text-align: justify;\">Per aix\u00f2 hem emprat la tecnologia per a sentir-nos un xic m\u00e9s propers i poder-nos transmetre els millors desitjos per al nou curs. I \u00e9s aqu\u00ed quan la creativitat i l\u2019enginy de tots han jugat el seu paper! Hem gravat un v\u00eddeo cada classe i el dia de la festa, cada grup a la seva aula, ha visualitzat els v\u00eddeos amb les presentacions i desitjos de tots els cursos de l\u2019escola. Tamb\u00e9 hem decorat tots i totes un petit sobre per a desar-hi la mascareta de recanvi, ja que sembla que de moment el fet de portar-la ser\u00e0 un h\u00e0bit que ens acompanyar\u00e0 al llarg del curs.<\/p>\n<p style=\"text-align: justify;\">Ja per acabar, el claustre de mestres de l\u2019escola volem aprofitar aquesta oportunitat per a desitjar-vos molta SALUT, for\u00e7a i \u00e0nims en aquests dif\u00edcils moments que vivim. Per la nostra banda, no dubteu que intentarem regalar als nostres alumnes el curs que mereixen. Endavant, ens en sortirem!<\/p>\n<p style=\"text-align: justify;\">Equip de mestres de l\u2019escola Forn d\u2019Anells<\/p>\n<p style=\"text-align: justify;\"><a href=\"https:\/\/agora.xtec.cat\/escolaforndanells\/wp-content\/uploads\/usu986\/2020\/11\/FornAnells_145.pdf\"><strong><em>PDF AMB EL TEXT I LES FOTOGRAFIES TAL COM HA SORTIT A LA REVISTA<\/em><\/strong><\/a><\/p>\n","protected":false},"excerpt":{"rendered":"<p>INTRODUCCI\u00d3 Davant d\u2019aquest nou curs tan especial que hem encetat, s\u00f3n moltes les expectatives que hi dipositem. Ha estat un inici amb moltes emocions trobades i un munt de desitjos que esperem es puguin fer realitat. Els equips dels diferents cicles de l\u2019escola Forn d\u2019Anells volem fer-vos un breu resum d\u2019aquestes primeres sensacions i d\u2019alguns [&hellip;]<\/p>\n","protected":false},"author":1,"featured_media":5439,"comment_status":"open","ping_status":"closed","sticky":false,"template":"","format":"standard","meta":{"_bbp_topic_count":0,"_bbp_reply_count":0,"_bbp_total_topic_count":0,"_bbp_total_reply_count":0,"_bbp_voice_count":0,"_bbp_anonymous_reply_count":0,"_bbp_topic_count_hidden":0,"_bbp_reply_count_hidden":0,"_bbp_forum_subforum_count":0,"site-sidebar-layout":"default","site-content-layout":"","ast-site-content-layout":"","site-content-style":"default","site-sidebar-style":"default","ast-global-header-display":"","ast-banner-title-visibility":"","ast-main-header-display":"","ast-hfb-above-header-display":"","ast-hfb-below-header-display":"","ast-hfb-mobile-header-display":"","site-post-title":"","ast-breadcrumbs-content":"","ast-featured-img":"","footer-sml-layout":"","theme-transparent-header-meta":"","adv-header-id-meta":"","stick-header-meta":"","header-above-stick-meta":"","header-main-stick-meta":"","header-below-stick-meta":"","astra-migrate-meta-layouts":"default","ast-page-background-enabled":"default","ast-page-background-meta":{"desktop":{"background-color":"var(--ast-global-color-4)","background-image":"","background-repeat":"repeat","background-position":"center center","background-size":"auto","background-attachment":"scroll","background-type":"","background-media":"","overlay-type":"","overlay-color":"","overlay-opacity":"","overlay-gradient":""},"tablet":{"background-color":"","background-image":"","background-repeat":"repeat","background-position":"center center","background-size":"auto","background-attachment":"scroll","background-type":"","background-media":"","overlay-type":"","overlay-color":"","overlay-opacity":"","overlay-gradient":""},"mobile":{"background-color":"","background-image":"","background-repeat":"repeat","background-position":"center center","background-size":"auto","background-attachment":"scroll","background-type":"","background-media":"","overlay-type":"","overlay-color":"","overlay-opacity":"","overlay-gradient":""}},"ast-content-background-meta":{"desktop":{"background-color":"var(--ast-global-color-5)","background-image":"","background-repeat":"repeat","background-position":"center center","background-size":"auto","background-attachment":"scroll","background-type":"","background-media":"","overlay-type":"","overlay-color":"","overlay-opacity":"","overlay-gradient":""},"tablet":{"background-color":"var(--ast-global-color-5)","background-image":"","background-repeat":"repeat","background-position":"center center","background-size":"auto","background-attachment":"scroll","background-type":"","background-media":"","overlay-type":"","overlay-color":"","overlay-opacity":"","overlay-gradient":""},"mobile":{"background-color":"var(--ast-global-color-5)","background-image":"","background-repeat":"repeat","background-position":"center center","background-size":"auto","background-attachment":"scroll","background-type":"","background-media":"","overlay-type":"","overlay-color":"","overlay-opacity":"","overlay-gradient":""}},"footnotes":""},"categories":[10,11,12,13,14,15,3,8,9,33,4],"tags":[184],"class_list":["post-5434","post","type-post","status-publish","format-standard","has-post-thumbnail","hentry","category-1r","category-2n","category-3r","category-4t","category-5e","category-6e","category-i3","category-i4","category-i5","category-informacions","category-portada","tag-revista"],"post_mailing_queue_ids":[],"_links":{"self":[{"href":"https:\/\/agora.xtec.cat\/escolaforndanells\/wp-json\/wp\/v2\/posts\/5434","targetHints":{"allow":["GET"]}}],"collection":[{"href":"https:\/\/agora.xtec.cat\/escolaforndanells\/wp-json\/wp\/v2\/posts"}],"about":[{"href":"https:\/\/agora.xtec.cat\/escolaforndanells\/wp-json\/wp\/v2\/types\/post"}],"author":[{"embeddable":true,"href":"https:\/\/agora.xtec.cat\/escolaforndanells\/wp-json\/wp\/v2\/users\/1"}],"replies":[{"embeddable":true,"href":"https:\/\/agora.xtec.cat\/escolaforndanells\/wp-json\/wp\/v2\/comments?post=5434"}],"version-history":[{"count":2,"href":"https:\/\/agora.xtec.cat\/escolaforndanells\/wp-json\/wp\/v2\/posts\/5434\/revisions"}],"predecessor-version":[{"id":5437,"href":"https:\/\/agora.xtec.cat\/escolaforndanells\/wp-json\/wp\/v2\/posts\/5434\/revisions\/5437"}],"wp:featuredmedia":[{"embeddable":true,"href":"https:\/\/agora.xtec.cat\/escolaforndanells\/wp-json\/wp\/v2\/media\/5439"}],"wp:attachment":[{"href":"https:\/\/agora.xtec.cat\/escolaforndanells\/wp-json\/wp\/v2\/media?parent=5434"}],"wp:term":[{"taxonomy":"category","embeddable":true,"href":"https:\/\/agora.xtec.cat\/escolaforndanells\/wp-json\/wp\/v2\/categories?post=5434"},{"taxonomy":"post_tag","embeddable":true,"href":"https:\/\/agora.xtec.cat\/escolaforndanells\/wp-json\/wp\/v2\/tags?post=5434"}],"curies":[{"name":"wp","href":"https:\/\/api.w.org\/{rel}","templated":true}]}}