{"id":4190,"date":"2019-06-19T14:26:22","date_gmt":"2019-06-19T12:26:22","guid":{"rendered":"http:\/\/agora.xtec.cat\/escolafontfargas\/?p=4190"},"modified":"2019-06-19T14:26:22","modified_gmt":"2019-06-19T12:26:22","slug":"recomanacions-destiu-de-1r","status":"publish","type":"post","link":"https:\/\/agora.xtec.cat\/escolafontfargas\/primaria\/primer-cicle\/recomanacions-destiu-de-1r\/","title":{"rendered":"Recomanacions d&#8217;estiu de 1r"},"content":{"rendered":"<p style=\"text-align: center;\"><strong>RECOMANACIONS D\u2019ESTIU-CICLE INICIAL-PRIMER NIVELL<\/strong><\/p>\n<p style=\"text-align: right;\">\u00a0\u00a0\u00a0\u00a0\u00a0\u00a0\u00a0\u00a0\u00a0\u00a0\u00a0\u00a0\u00a0\u00a0\u00a0\u00a0\u00a0\u00a0\u00a0\u00a0\u00a0\u00a0\u00a0\u00a0\u00a0\u00a0\u00a0 Barcelona,\u00a0 juny de 2019<\/p>\n<p>&nbsp;<\/p>\n<p>Benvolgudes fam\u00edlies:<\/p>\n<p>&nbsp;<\/p>\n<p>En arribar les vacances els nens i nenes podran gaudir de moltes estones lliures, que fins i tot de vegades no sabran com omplir. \u00c9s important que juguin i que es diverteixin, que aprenguin coses noves de tot el que els envolta, per\u00f2 tamb\u00e9 els anir\u00e0 molt i molt b\u00e9 repassar els conceptes treballats durant l&#8217;any, per tal que no els oblidin i puguin arribar al mes de setembre recordant tot el que han anat aprenent.<\/p>\n<p>&nbsp;<\/p>\n<p>Per aix\u00f2 recomanem una mica de treball continuat per a l&#8217;estiu. Donada l&#8217;edat dels nens i nenes i els continguts b\u00e0sics treballats, us suggerim:<\/p>\n<p>&nbsp;<\/p>\n<p>&#8211; <strong><u>Repassar la lectura<\/u><\/strong>, dedicant una estona a la lectura en veu alta cada dia.<\/p>\n<p>&nbsp;<\/p>\n<p>&#8211; Repassar <strong><u>la lectura, pel propi plaer de llegir<\/u><\/strong>. Podeu regalar als vostres fills i filles algun que altre llibre que ells tri\u00efn i que els faci gr\u00e0cia de llegir, ells sols, a la fresca d&#8217;un jard\u00ed o a la nit, abans d&#8217;anar a dormir.<\/p>\n<p>&nbsp;<\/p>\n<p>&#8211; <strong><u>Repassar l&#8217;escriptura<\/u><\/strong> fent petites c\u00f2pies en alguna llibreta, fent petits dictats o fent textos curtets a la llibreta diari, amb la idea de que siguin capa\u00e7os de fixar-se b\u00e9 en com s&#8217;escriu correctament cada paraula.<\/p>\n<p>&nbsp;<\/p>\n<p>&#8211; Caldr\u00e0 repassar tamb\u00e9 <strong><u>la numeraci\u00f3 i els mecanismes de la suma, sense portar i portant-ne i de la resta, sense portar<\/u><\/strong>. Podeu fer-ho posant-los vosaltres mateixos unes quantes operacions en una llibreteta o, si voleu, utilitzar qualsevol dels quaderns que ja porten les operacions escrites, i que trobareu a moltes papereries, llibreries o centres de material escolar.<\/p>\n<p>&nbsp;<\/p>\n<ul>\n<li><strong><u>Llibres d\u2019angl\u00e8s:<\/u><\/strong> rep\u00e0s dels continguts treballats durant el curs.<\/li>\n<\/ul>\n<p>&nbsp;<\/p>\n<ul>\n<li><strong>Codi del llibre d\u2019angl\u00e8s<\/strong> per\u00a0 recordar el vocabulari treballat,. Tamb\u00e9 poden escoltar les can\u00e7ons, jugar amb les cartes que tenen a la carpeta.<\/li>\n<\/ul>\n<p>&nbsp;<\/p>\n<ul>\n<li>Veure alguns fragments de pel\u00b7l\u00edcules en versi\u00f3 original tamb\u00e9 ajudar\u00e0.<\/li>\n<\/ul>\n<p>&nbsp;<\/p>\n<p>&nbsp;<\/p>\n<ul>\n<li>Tamb\u00e9 ser\u00e0 molt important que si viatgeu o visiteu qualsevol lloc, de la ciutat o del pa\u00eds, comenteu amb els nens i nenes tot el que s&#8217;hi pugui veure, ja que aix\u00f2 <strong><u>enriquir\u00e0 els seus coneixements globals<\/u><\/strong> de l&#8217;entorn social i natural.<\/li>\n<\/ul>\n<p>&nbsp;<\/p>\n<ul>\n<li>A la p\u00e0gina web de l\u2019escola http:\/\/xtec.cat\/ceipfontfargas\/ trobareu els links per accedir a la <strong>xtec i a edu.365<\/strong> on faciliten moltes activitats per a tota Prim\u00e0ria.<\/li>\n<\/ul>\n<p>&nbsp;<\/p>\n<p>Aquestes vacances han ser per a tots una nova oportunitat per passar m\u00e9s hores junts, per compartir viv\u00e8ncies, per observar, per parlar i per aprendre coses noves.<\/p>\n<p>&nbsp;<\/p>\n<p>Esperem que pugueu aprofitar molt b\u00e9 aquest temps de vacances. Us desitgem molt bon estiu i esperem retrobar-nos tots plegats al setembre.<\/p>\n<p>&nbsp;<\/p>\n<p>Ben cordialment,<\/p>\n<p>&nbsp;<\/p>\n<p>Mestres de primer<\/p>\n","protected":false},"excerpt":{"rendered":"<p>RECOMANACIONS D\u2019ESTIU-CICLE INICIAL-PRIMER NIVELL \u00a0\u00a0\u00a0\u00a0\u00a0\u00a0\u00a0\u00a0\u00a0\u00a0\u00a0\u00a0\u00a0\u00a0\u00a0\u00a0\u00a0\u00a0\u00a0\u00a0\u00a0\u00a0\u00a0\u00a0\u00a0\u00a0\u00a0 Barcelona,\u00a0 juny de 2019 &nbsp; Benvolgudes fam\u00edlies: &nbsp; En arribar les vacances els nens i [&hellip;]<\/p>\n","protected":false},"author":11,"featured_media":0,"comment_status":"open","ping_status":"closed","sticky":false,"template":"","format":"standard","meta":{"_bbp_topic_count":0,"_bbp_reply_count":0,"_bbp_total_topic_count":0,"_bbp_total_reply_count":0,"_bbp_voice_count":0,"_bbp_anonymous_reply_count":0,"_bbp_topic_count_hidden":0,"_bbp_reply_count_hidden":0,"_bbp_forum_subforum_count":0,"site-sidebar-layout":"default","site-content-layout":"","ast-site-content-layout":"","site-content-style":"default","site-sidebar-style":"default","ast-global-header-display":"","ast-banner-title-visibility":"","ast-main-header-display":"","ast-hfb-above-header-display":"","ast-hfb-below-header-display":"","ast-hfb-mobile-header-display":"","site-post-title":"","ast-breadcrumbs-content":"","ast-featured-img":"","footer-sml-layout":"","theme-transparent-header-meta":"","adv-header-id-meta":"","stick-header-meta":"","header-above-stick-meta":"","header-main-stick-meta":"","header-below-stick-meta":"","astra-migrate-meta-layouts":"default","ast-page-background-enabled":"default","ast-page-background-meta":{"desktop":{"background-color":"var(--ast-global-color-4)","background-image":"","background-repeat":"repeat","background-position":"center center","background-size":"auto","background-attachment":"scroll","background-type":"","background-media":"","overlay-type":"","overlay-color":"","overlay-opacity":"","overlay-gradient":""},"tablet":{"background-color":"","background-image":"","background-repeat":"repeat","background-position":"center center","background-size":"auto","background-attachment":"scroll","background-type":"","background-media":"","overlay-type":"","overlay-color":"","overlay-opacity":"","overlay-gradient":""},"mobile":{"background-color":"","background-image":"","background-repeat":"repeat","background-position":"center center","background-size":"auto","background-attachment":"scroll","background-type":"","background-media":"","overlay-type":"","overlay-color":"","overlay-opacity":"","overlay-gradient":""}},"ast-content-background-meta":{"desktop":{"background-color":"var(--ast-global-color-5)","background-image":"","background-repeat":"repeat","background-position":"center center","background-size":"auto","background-attachment":"scroll","background-type":"","background-media":"","overlay-type":"","overlay-color":"","overlay-opacity":"","overlay-gradient":""},"tablet":{"background-color":"var(--ast-global-color-5)","background-image":"","background-repeat":"repeat","background-position":"center center","background-size":"auto","background-attachment":"scroll","background-type":"","background-media":"","overlay-type":"","overlay-color":"","overlay-opacity":"","overlay-gradient":""},"mobile":{"background-color":"var(--ast-global-color-5)","background-image":"","background-repeat":"repeat","background-position":"center center","background-size":"auto","background-attachment":"scroll","background-type":"","background-media":"","overlay-type":"","overlay-color":"","overlay-opacity":"","overlay-gradient":""}},"footnotes":""},"categories":[80],"tags":[],"class_list":["post-4190","post","type-post","status-publish","format-standard","hentry","category-primer-cicle"],"post_mailing_queue_ids":[],"_links":{"self":[{"href":"https:\/\/agora.xtec.cat\/escolafontfargas\/wp-json\/wp\/v2\/posts\/4190","targetHints":{"allow":["GET"]}}],"collection":[{"href":"https:\/\/agora.xtec.cat\/escolafontfargas\/wp-json\/wp\/v2\/posts"}],"about":[{"href":"https:\/\/agora.xtec.cat\/escolafontfargas\/wp-json\/wp\/v2\/types\/post"}],"author":[{"embeddable":true,"href":"https:\/\/agora.xtec.cat\/escolafontfargas\/wp-json\/wp\/v2\/users\/11"}],"replies":[{"embeddable":true,"href":"https:\/\/agora.xtec.cat\/escolafontfargas\/wp-json\/wp\/v2\/comments?post=4190"}],"version-history":[{"count":3,"href":"https:\/\/agora.xtec.cat\/escolafontfargas\/wp-json\/wp\/v2\/posts\/4190\/revisions"}],"predecessor-version":[{"id":4210,"href":"https:\/\/agora.xtec.cat\/escolafontfargas\/wp-json\/wp\/v2\/posts\/4190\/revisions\/4210"}],"wp:attachment":[{"href":"https:\/\/agora.xtec.cat\/escolafontfargas\/wp-json\/wp\/v2\/media?parent=4190"}],"wp:term":[{"taxonomy":"category","embeddable":true,"href":"https:\/\/agora.xtec.cat\/escolafontfargas\/wp-json\/wp\/v2\/categories?post=4190"},{"taxonomy":"post_tag","embeddable":true,"href":"https:\/\/agora.xtec.cat\/escolafontfargas\/wp-json\/wp\/v2\/tags?post=4190"}],"curies":[{"name":"wp","href":"https:\/\/api.w.org\/{rel}","templated":true}]}}