{"id":14502,"date":"2022-11-17T14:54:36","date_gmt":"2022-11-17T13:54:36","guid":{"rendered":"https:\/\/agora.xtec.cat\/escolafontfargas\/?p=14502"},"modified":"2022-11-17T18:58:59","modified_gmt":"2022-11-17T17:58:59","slug":"ma-me-mi-mozart-a-lauditori-amb-i4","status":"publish","type":"post","link":"https:\/\/agora.xtec.cat\/escolafontfargas\/noticies\/ma-me-mi-mozart-a-lauditori-amb-i4\/","title":{"rendered":"Ma, me, mi, Mozart a l&#8217;Auditori amb I4"},"content":{"rendered":"<p>Avui Dimecres, els nens i nenes d&#8217;I4 hem gaudit de l&#8217;espectacle musical <em>Ma, me, mi, Mozart<\/em> a l&#8217;Auditori de Barcelona.<\/p>\n<p>El repertori estava format \u00edntegrament per obres del compositor W. A. Mozart, arranjades en diferents estils musicals.<\/p>\n<p>En el concert, els infants han pogut veure de molt a prop i escoltar el so de diversos instruments: l&#8217;acordi\u00f3, la mandola, el clarinet, el viol\u00ed, el carill\u00f3&#8230; i tamb\u00e9 la veu.<\/p>\n<p>Els infants han pogut participar en el concert cantant la can\u00e7\u00f3 <em>Cada dia al demat\u00ed,\u00a0<\/em>que hav\u00edem apr\u00e8s a classe.<\/p>\n<p>Ha estat un mat\u00ed ple de m\u00fasica i color que hem gaudit molt tots plegats.<\/p>\n<p>Us adjuntem algunes imatges d&#8217;aquest dia i tamb\u00e9 uns enlla\u00e7os de l&#8217;espectacle.<\/p>\n<p><img loading=\"lazy\" decoding=\"async\" class=\"wp-image-14514 aligncenter\" src=\"https:\/\/agora.xtec.cat\/escolafontfargas\/wp-content\/uploads\/usu1543\/2022\/11\/Ma.-me-mi-Mozart-1-1024x768.jpg\" alt=\"\" width=\"482\" height=\"362\" srcset=\"https:\/\/agora.xtec.cat\/escolafontfargas\/wp-content\/uploads\/usu1543\/2022\/11\/Ma.-me-mi-Mozart-1-1024x768.jpg 1024w, https:\/\/agora.xtec.cat\/escolafontfargas\/wp-content\/uploads\/usu1543\/2022\/11\/Ma.-me-mi-Mozart-1-300x225.jpg 300w, https:\/\/agora.xtec.cat\/escolafontfargas\/wp-content\/uploads\/usu1543\/2022\/11\/Ma.-me-mi-Mozart-1-768x576.jpg 768w, https:\/\/agora.xtec.cat\/escolafontfargas\/wp-content\/uploads\/usu1543\/2022\/11\/Ma.-me-mi-Mozart-1-1536x1152.jpg 1536w, https:\/\/agora.xtec.cat\/escolafontfargas\/wp-content\/uploads\/usu1543\/2022\/11\/Ma.-me-mi-Mozart-1-200x150.jpg 200w, https:\/\/agora.xtec.cat\/escolafontfargas\/wp-content\/uploads\/usu1543\/2022\/11\/Ma.-me-mi-Mozart-1.jpg 2000w\" sizes=\"auto, (max-width: 482px) 100vw, 482px\" \/><\/p>\n<p><img loading=\"lazy\" decoding=\"async\" class=\"wp-image-14515 aligncenter\" src=\"https:\/\/agora.xtec.cat\/escolafontfargas\/wp-content\/uploads\/usu1543\/2022\/11\/Ma-me-mi-Mozart-2-1024x768.jpg\" alt=\"\" width=\"478\" height=\"359\" srcset=\"https:\/\/agora.xtec.cat\/escolafontfargas\/wp-content\/uploads\/usu1543\/2022\/11\/Ma-me-mi-Mozart-2-1024x768.jpg 1024w, https:\/\/agora.xtec.cat\/escolafontfargas\/wp-content\/uploads\/usu1543\/2022\/11\/Ma-me-mi-Mozart-2-300x225.jpg 300w, https:\/\/agora.xtec.cat\/escolafontfargas\/wp-content\/uploads\/usu1543\/2022\/11\/Ma-me-mi-Mozart-2-768x576.jpg 768w, https:\/\/agora.xtec.cat\/escolafontfargas\/wp-content\/uploads\/usu1543\/2022\/11\/Ma-me-mi-Mozart-2-1536x1152.jpg 1536w, https:\/\/agora.xtec.cat\/escolafontfargas\/wp-content\/uploads\/usu1543\/2022\/11\/Ma-me-mi-Mozart-2-200x150.jpg 200w, https:\/\/agora.xtec.cat\/escolafontfargas\/wp-content\/uploads\/usu1543\/2022\/11\/Ma-me-mi-Mozart-2.jpg 2000w\" sizes=\"auto, (max-width: 478px) 100vw, 478px\" \/><\/p>\n<p><img loading=\"lazy\" decoding=\"async\" class=\"wp-image-14516 aligncenter\" src=\"https:\/\/agora.xtec.cat\/escolafontfargas\/wp-content\/uploads\/usu1543\/2022\/11\/Ma-me-mi-Mozart-3-1024x768.jpg\" alt=\"\" width=\"474\" height=\"355\" srcset=\"https:\/\/agora.xtec.cat\/escolafontfargas\/wp-content\/uploads\/usu1543\/2022\/11\/Ma-me-mi-Mozart-3-1024x768.jpg 1024w, https:\/\/agora.xtec.cat\/escolafontfargas\/wp-content\/uploads\/usu1543\/2022\/11\/Ma-me-mi-Mozart-3-300x225.jpg 300w, https:\/\/agora.xtec.cat\/escolafontfargas\/wp-content\/uploads\/usu1543\/2022\/11\/Ma-me-mi-Mozart-3-768x576.jpg 768w, https:\/\/agora.xtec.cat\/escolafontfargas\/wp-content\/uploads\/usu1543\/2022\/11\/Ma-me-mi-Mozart-3-1536x1152.jpg 1536w, https:\/\/agora.xtec.cat\/escolafontfargas\/wp-content\/uploads\/usu1543\/2022\/11\/Ma-me-mi-Mozart-3-200x150.jpg 200w, https:\/\/agora.xtec.cat\/escolafontfargas\/wp-content\/uploads\/usu1543\/2022\/11\/Ma-me-mi-Mozart-3.jpg 2000w\" sizes=\"auto, (max-width: 474px) 100vw, 474px\" \/><\/p>\n<p><a href=\"https:\/\/agora.xtec.cat\/escolafontfargas\/wp-content\/uploads\/usu1543\/2022\/11\/Ma-me-mi-Mozart.jpg\"><img loading=\"lazy\" decoding=\"async\" class=\"wp-image-14517 aligncenter\" src=\"https:\/\/agora.xtec.cat\/escolafontfargas\/wp-content\/uploads\/usu1543\/2022\/11\/Ma-me-mi-Mozart-1024x768.jpg\" alt=\"\" width=\"479\" height=\"360\" srcset=\"https:\/\/agora.xtec.cat\/escolafontfargas\/wp-content\/uploads\/usu1543\/2022\/11\/Ma-me-mi-Mozart-1024x768.jpg 1024w, https:\/\/agora.xtec.cat\/escolafontfargas\/wp-content\/uploads\/usu1543\/2022\/11\/Ma-me-mi-Mozart-300x225.jpg 300w, https:\/\/agora.xtec.cat\/escolafontfargas\/wp-content\/uploads\/usu1543\/2022\/11\/Ma-me-mi-Mozart-768x576.jpg 768w, https:\/\/agora.xtec.cat\/escolafontfargas\/wp-content\/uploads\/usu1543\/2022\/11\/Ma-me-mi-Mozart-1536x1152.jpg 1536w, https:\/\/agora.xtec.cat\/escolafontfargas\/wp-content\/uploads\/usu1543\/2022\/11\/Ma-me-mi-Mozart-200x150.jpg 200w, https:\/\/agora.xtec.cat\/escolafontfargas\/wp-content\/uploads\/usu1543\/2022\/11\/Ma-me-mi-Mozart.jpg 2000w\" sizes=\"auto, (max-width: 479px) 100vw, 479px\" \/><\/a><\/p>\n<div class=\"ast-oembed-container \" style=\"height: 100%;\"><iframe loading=\"lazy\" title=\"Ma, me, mi, Mozart!.avi\" width=\"500\" height=\"281\" src=\"https:\/\/www.youtube.com\/embed\/OKffM31MdOk?feature=oembed\" frameborder=\"0\" allow=\"accelerometer; autoplay; clipboard-write; encrypted-media; gyroscope; picture-in-picture; web-share\" referrerpolicy=\"strict-origin-when-cross-origin\" allowfullscreen><\/iframe><\/div>\n","protected":false},"excerpt":{"rendered":"<p>Avui Dimecres, els nens i nenes d&#8217;I4 hem gaudit de l&#8217;espectacle musical Ma, me, mi, Mozart a l&#8217;Auditori de Barcelona. [&hellip;]<\/p>\n","protected":false},"author":18,"featured_media":14514,"comment_status":"open","ping_status":"closed","sticky":false,"template":"","format":"standard","meta":{"_bbp_topic_count":0,"_bbp_reply_count":0,"_bbp_total_topic_count":0,"_bbp_total_reply_count":0,"_bbp_voice_count":0,"_bbp_anonymous_reply_count":0,"_bbp_topic_count_hidden":0,"_bbp_reply_count_hidden":0,"_bbp_forum_subforum_count":0,"site-sidebar-layout":"default","site-content-layout":"","ast-site-content-layout":"","site-content-style":"default","site-sidebar-style":"default","ast-global-header-display":"","ast-banner-title-visibility":"","ast-main-header-display":"","ast-hfb-above-header-display":"","ast-hfb-below-header-display":"","ast-hfb-mobile-header-display":"","site-post-title":"","ast-breadcrumbs-content":"","ast-featured-img":"","footer-sml-layout":"","theme-transparent-header-meta":"","adv-header-id-meta":"","stick-header-meta":"","header-above-stick-meta":"","header-main-stick-meta":"","header-below-stick-meta":"","astra-migrate-meta-layouts":"default","ast-page-background-enabled":"default","ast-page-background-meta":{"desktop":{"background-color":"var(--ast-global-color-4)","background-image":"","background-repeat":"repeat","background-position":"center center","background-size":"auto","background-attachment":"scroll","background-type":"","background-media":"","overlay-type":"","overlay-color":"","overlay-opacity":"","overlay-gradient":""},"tablet":{"background-color":"","background-image":"","background-repeat":"repeat","background-position":"center center","background-size":"auto","background-attachment":"scroll","background-type":"","background-media":"","overlay-type":"","overlay-color":"","overlay-opacity":"","overlay-gradient":""},"mobile":{"background-color":"","background-image":"","background-repeat":"repeat","background-position":"center center","background-size":"auto","background-attachment":"scroll","background-type":"","background-media":"","overlay-type":"","overlay-color":"","overlay-opacity":"","overlay-gradient":""}},"ast-content-background-meta":{"desktop":{"background-color":"var(--ast-global-color-5)","background-image":"","background-repeat":"repeat","background-position":"center center","background-size":"auto","background-attachment":"scroll","background-type":"","background-media":"","overlay-type":"","overlay-color":"","overlay-opacity":"","overlay-gradient":""},"tablet":{"background-color":"var(--ast-global-color-5)","background-image":"","background-repeat":"repeat","background-position":"center center","background-size":"auto","background-attachment":"scroll","background-type":"","background-media":"","overlay-type":"","overlay-color":"","overlay-opacity":"","overlay-gradient":""},"mobile":{"background-color":"var(--ast-global-color-5)","background-image":"","background-repeat":"repeat","background-position":"center center","background-size":"auto","background-attachment":"scroll","background-type":"","background-media":"","overlay-type":"","overlay-color":"","overlay-opacity":"","overlay-gradient":""}},"footnotes":""},"categories":[58,110,1],"tags":[199,196],"class_list":["post-14502","post","type-post","status-publish","format-standard","has-post-thumbnail","hentry","category-aula-de-musica","category-musica-ed-infantil","category-noticies","tag-curs-2022-2023","tag-musica"],"post_mailing_queue_ids":[],"_links":{"self":[{"href":"https:\/\/agora.xtec.cat\/escolafontfargas\/wp-json\/wp\/v2\/posts\/14502","targetHints":{"allow":["GET"]}}],"collection":[{"href":"https:\/\/agora.xtec.cat\/escolafontfargas\/wp-json\/wp\/v2\/posts"}],"about":[{"href":"https:\/\/agora.xtec.cat\/escolafontfargas\/wp-json\/wp\/v2\/types\/post"}],"author":[{"embeddable":true,"href":"https:\/\/agora.xtec.cat\/escolafontfargas\/wp-json\/wp\/v2\/users\/18"}],"replies":[{"embeddable":true,"href":"https:\/\/agora.xtec.cat\/escolafontfargas\/wp-json\/wp\/v2\/comments?post=14502"}],"version-history":[{"count":3,"href":"https:\/\/agora.xtec.cat\/escolafontfargas\/wp-json\/wp\/v2\/posts\/14502\/revisions"}],"predecessor-version":[{"id":14520,"href":"https:\/\/agora.xtec.cat\/escolafontfargas\/wp-json\/wp\/v2\/posts\/14502\/revisions\/14520"}],"wp:featuredmedia":[{"embeddable":true,"href":"https:\/\/agora.xtec.cat\/escolafontfargas\/wp-json\/wp\/v2\/media\/14514"}],"wp:attachment":[{"href":"https:\/\/agora.xtec.cat\/escolafontfargas\/wp-json\/wp\/v2\/media?parent=14502"}],"wp:term":[{"taxonomy":"category","embeddable":true,"href":"https:\/\/agora.xtec.cat\/escolafontfargas\/wp-json\/wp\/v2\/categories?post=14502"},{"taxonomy":"post_tag","embeddable":true,"href":"https:\/\/agora.xtec.cat\/escolafontfargas\/wp-json\/wp\/v2\/tags?post=14502"}],"curies":[{"name":"wp","href":"https:\/\/api.w.org\/{rel}","templated":true}]}}