{"id":9539,"date":"2018-11-23T20:48:30","date_gmt":"2018-11-23T19:48:30","guid":{"rendered":"http:\/\/agora.xtec.cat\/escolafmistral\/?p=9539"},"modified":"2018-11-27T00:38:37","modified_gmt":"2018-11-26T23:38:37","slug":"eleccions-al-consell-escolar","status":"publish","type":"post","link":"https:\/\/agora.xtec.cat\/escolafmistral\/general\/eleccions-al-consell-escolar\/","title":{"rendered":"ELECCIONS AL CONSELL ESCOLAR"},"content":{"rendered":"<h1><strong style=\"font-family: inherit; font-size: 1em;\"><a href=\"https:\/\/agora.xtec.cat\/escolafmistral\/wp-content\/uploads\/usu688\/2018\/11\/cartell-eleccions-1.png\"><img loading=\"lazy\" decoding=\"async\" class=\"size-full wp-image-9625 aligncenter\" src=\"https:\/\/agora.xtec.cat\/escolafmistral\/wp-content\/uploads\/usu688\/2018\/11\/cartell-eleccions-1.png\" alt=\"\" width=\"397\" height=\"559\" srcset=\"https:\/\/agora.xtec.cat\/escolafmistral\/wp-content\/uploads\/usu688\/2018\/11\/cartell-eleccions-1.png 397w, https:\/\/agora.xtec.cat\/escolafmistral\/wp-content\/uploads\/usu688\/2018\/11\/cartell-eleccions-1-213x300.png 213w\" sizes=\"auto, (max-width: 397px) 100vw, 397px\" \/><\/a><\/strong><\/h1>\n<h1><strong style=\"font-family: inherit; font-size: 1em;\">Qu\u00e8 \u00e9s el Consell Escolar?<\/strong><\/h1>\n<p>Cada dos anys hi ha eleccions als Consells Escolars de tots els centres, les darreres van ser el curs 2016-17. El Consell Escolar \u00a0\u00e9s l\u2019\u00f2rgan de participaci\u00f3 dels diferents sectors de la comunitat educativa en el govern dels centres. A la nostra escola est\u00e0 format pels seg\u00fcents \u00a0sectors i components: direcci\u00f3 (3 representants), professors (5 representants), \u00a0fam\u00edlies (5 representants+1 AMPA), personal d\u2019administraci\u00f3 i serveis (1 representant), representant de l\u2019administraci\u00f3 local (1 representant).<\/p>\n<p>Aquest any cal renovar la meitat del sector pares\/mares i del sector mestres. S\u2019han de renovar 2 membres del sector pares\/mares.<\/p>\n<ul>\n<li><strong>Com poden participar les fam\u00edlies?<\/strong><\/li>\n<\/ul>\n<p>Poden participar presentant candidatura per ser escollit o b\u00e9 votant les candidatures presentades com a pare, mare, tutor o tutora legal. Tamb\u00e9 us pot tocar estar a la mesa electoral del sector pares\/mares.<\/p>\n<p>Si voleu presentar candidatura dirigiu-vos a direcci\u00f3 que us informarem de com ho podeu fer.\u00a0 Podeu presentar candidatura del 5 al 15 de novembre.<\/p>\n<ul>\n<li><strong>Qui pot votar?<\/strong><\/li>\n<\/ul>\n<p>Poden votar cadascun dels pares,\u00a0 mares, tutors i tutores legals dels nens i nenes matriculats a l\u2019escola en el moment de la convocat\u00f2ria.<\/p>\n<p>NO \u00c9S UN VOT PER FAM\u00cdLIA.<\/p>\n<ul>\n<li><strong>Quan i com podreu votar?<\/strong><\/li>\n<\/ul>\n<p>Com a pare, mare o tutors legals heu de venir a votar dijous 29 de novembre a les 16:30. Heu de portar el DNI o carnet de conduir o passaport o targeta de resid\u00e8ncia.<\/p>\n<p>\u00c9s important que els dies 5, 6 i 7 passeu per l\u2019escola a comprovar si esteu en el cens electoral que estar\u00e0 exposat al taulell d\u2019anuncis del vest\u00edbul de l&#8217;escola a partir del dia 5 de novembre.<\/p>\n<h5><strong>Per\u00a0 una informaci\u00f3 m\u00e9s ampliada cliqueu<\/strong><a href=\"http:\/\/familiaiescola.gencat.cat\/ca\/escolaritat\/participacio-compromis\/participacio-coresponsabilitzacio\/participacio-funcionament-centre\/consell-escolar\/\"><strong>\u00a0aqu\u00ed<\/strong><\/a><\/h5>\n<p>&nbsp;<\/p>\n<p>Aprofitem l&#8217;ocasi\u00f3 per animar-vos a participar a l\u2019AMPA. Per a poder visitar la web de l&#8217;AMPA cliqueu a la imatge.<\/p>\n<p><a href=\"http:\/\/www.ampafredericmistral.cat\/\"><img decoding=\"async\" class=\"alignright\" src=\"https:\/\/scontent-mad1-1.xx.fbcdn.net\/v\/t1.0-1\/c27.0.200.200\/p200x200\/551100_429928320359387_1099065182_n.jpg?_nc_cat=103&amp;_nc_ht=scontent-mad1-1.xx&amp;oh=1f2031104b255378d009c9300ff89ad5&amp;oe=5C443EF0\" \/><\/a><\/p>\n","protected":false},"excerpt":{"rendered":"<p>Qu\u00e8 \u00e9s el Consell Escolar? Cada dos anys hi ha eleccions als Consells Escolars de tots els centres, les darreres van ser el curs 2016-17. El Consell Escolar \u00a0\u00e9s l\u2019\u00f2rgan de participaci\u00f3 dels diferents sectors de la comunitat educativa en el govern dels centres. A la nostra escola est\u00e0 format pels seg\u00fcents \u00a0sectors i components: [&hellip;]<\/p>\n","protected":false},"author":17,"featured_media":9722,"comment_status":"open","ping_status":"closed","sticky":false,"template":"","format":"standard","meta":{"_bbp_topic_count":0,"_bbp_reply_count":0,"_bbp_total_topic_count":0,"_bbp_total_reply_count":0,"_bbp_voice_count":0,"_bbp_anonymous_reply_count":0,"_bbp_topic_count_hidden":0,"_bbp_reply_count_hidden":0,"_bbp_forum_subforum_count":0,"site-sidebar-layout":"default","site-content-layout":"","ast-site-content-layout":"","site-content-style":"default","site-sidebar-style":"default","ast-global-header-display":"","ast-banner-title-visibility":"","ast-main-header-display":"","ast-hfb-above-header-display":"","ast-hfb-below-header-display":"","ast-hfb-mobile-header-display":"","site-post-title":"","ast-breadcrumbs-content":"","ast-featured-img":"","footer-sml-layout":"","theme-transparent-header-meta":"","adv-header-id-meta":"","stick-header-meta":"","header-above-stick-meta":"","header-main-stick-meta":"","header-below-stick-meta":"","astra-migrate-meta-layouts":"default","ast-page-background-enabled":"default","ast-page-background-meta":{"desktop":{"background-color":"var(--ast-global-color-4)","background-image":"","background-repeat":"repeat","background-position":"center center","background-size":"auto","background-attachment":"scroll","background-type":"","background-media":"","overlay-type":"","overlay-color":"","overlay-opacity":"","overlay-gradient":""},"tablet":{"background-color":"","background-image":"","background-repeat":"repeat","background-position":"center center","background-size":"auto","background-attachment":"scroll","background-type":"","background-media":"","overlay-type":"","overlay-color":"","overlay-opacity":"","overlay-gradient":""},"mobile":{"background-color":"","background-image":"","background-repeat":"repeat","background-position":"center center","background-size":"auto","background-attachment":"scroll","background-type":"","background-media":"","overlay-type":"","overlay-color":"","overlay-opacity":"","overlay-gradient":""}},"ast-content-background-meta":{"desktop":{"background-color":"var(--ast-global-color-5)","background-image":"","background-repeat":"repeat","background-position":"center center","background-size":"auto","background-attachment":"scroll","background-type":"","background-media":"","overlay-type":"","overlay-color":"","overlay-opacity":"","overlay-gradient":""},"tablet":{"background-color":"var(--ast-global-color-5)","background-image":"","background-repeat":"repeat","background-position":"center center","background-size":"auto","background-attachment":"scroll","background-type":"","background-media":"","overlay-type":"","overlay-color":"","overlay-opacity":"","overlay-gradient":""},"mobile":{"background-color":"var(--ast-global-color-5)","background-image":"","background-repeat":"repeat","background-position":"center center","background-size":"auto","background-attachment":"scroll","background-type":"","background-media":"","overlay-type":"","overlay-color":"","overlay-opacity":"","overlay-gradient":""}},"footnotes":""},"categories":[1,4],"tags":[],"class_list":["post-9539","post","type-post","status-publish","format-standard","has-post-thumbnail","hentry","category-general","category-portada"],"post_mailing_queue_ids":[],"_links":{"self":[{"href":"https:\/\/agora.xtec.cat\/escolafmistral\/wp-json\/wp\/v2\/posts\/9539","targetHints":{"allow":["GET"]}}],"collection":[{"href":"https:\/\/agora.xtec.cat\/escolafmistral\/wp-json\/wp\/v2\/posts"}],"about":[{"href":"https:\/\/agora.xtec.cat\/escolafmistral\/wp-json\/wp\/v2\/types\/post"}],"author":[{"embeddable":true,"href":"https:\/\/agora.xtec.cat\/escolafmistral\/wp-json\/wp\/v2\/users\/17"}],"replies":[{"embeddable":true,"href":"https:\/\/agora.xtec.cat\/escolafmistral\/wp-json\/wp\/v2\/comments?post=9539"}],"version-history":[{"count":3,"href":"https:\/\/agora.xtec.cat\/escolafmistral\/wp-json\/wp\/v2\/posts\/9539\/revisions"}],"predecessor-version":[{"id":9627,"href":"https:\/\/agora.xtec.cat\/escolafmistral\/wp-json\/wp\/v2\/posts\/9539\/revisions\/9627"}],"wp:featuredmedia":[{"embeddable":true,"href":"https:\/\/agora.xtec.cat\/escolafmistral\/wp-json\/wp\/v2\/media\/9722"}],"wp:attachment":[{"href":"https:\/\/agora.xtec.cat\/escolafmistral\/wp-json\/wp\/v2\/media?parent=9539"}],"wp:term":[{"taxonomy":"category","embeddable":true,"href":"https:\/\/agora.xtec.cat\/escolafmistral\/wp-json\/wp\/v2\/categories?post=9539"},{"taxonomy":"post_tag","embeddable":true,"href":"https:\/\/agora.xtec.cat\/escolafmistral\/wp-json\/wp\/v2\/tags?post=9539"}],"curies":[{"name":"wp","href":"https:\/\/api.w.org\/{rel}","templated":true}]}}