{"id":9340,"date":"2018-09-28T13:58:55","date_gmt":"2018-09-28T11:58:55","guid":{"rendered":"http:\/\/agora.xtec.cat\/escolafmistral\/?p=9340"},"modified":"2018-10-05T11:47:20","modified_gmt":"2018-10-05T09:47:20","slug":"quan-tot-senlaira-5e","status":"publish","type":"post","link":"https:\/\/agora.xtec.cat\/escolafmistral\/general\/quan-tot-senlaira-5e\/","title":{"rendered":"Quan tot s&#8217;enlaira 5\u00e8"},"content":{"rendered":"<p>Un curs que comen\u00e7a, projectes nous, il\u00b7lusions dins la maleta. El curs ja s&#8217;ha enlairat, i hem comen\u00e7at tot cantant.<\/p>\n<p>Gaudiu d&#8217;aquesta dol\u00e7a interpretaci\u00f3 del grup de 5\u00e8 B<\/p>\n<!--[if lt IE 9]><script>document.createElement('audio');<\/script><![endif]-->\n<audio class=\"wp-audio-shortcode\" id=\"audio-9340-1\" preload=\"none\" style=\"width: 100%;\" controls=\"controls\"><source type=\"audio\/mpeg\" src=\"http:\/\/agora.xtec.cat\/escolafmistral\/wp-content\/uploads\/usu688\/2018\/09\/Quan-tot-senlaira-5\u00e8A-1.mp3?_=1\" \/><a href=\"http:\/\/agora.xtec.cat\/escolafmistral\/wp-content\/uploads\/usu688\/2018\/09\/Quan-tot-senlaira-5\u00e8A-1.mp3\">http:\/\/agora.xtec.cat\/escolafmistral\/wp-content\/uploads\/usu688\/2018\/09\/Quan-tot-senlaira-5\u00e8A-1.mp3<\/a><\/audio>\n<p><span style=\"font-family: inherit; font-size: 1em;\">A continuaci\u00f3 teniu la la interpretaci\u00f3 de 5\u00e8 A<\/span><\/p>\n<audio class=\"wp-audio-shortcode\" id=\"audio-9340-2\" preload=\"none\" style=\"width: 100%;\" controls=\"controls\"><source type=\"audio\/mpeg\" src=\"http:\/\/agora.xtec.cat\/escolafmistral\/wp-content\/uploads\/usu688\/2018\/09\/quan-tot-senlaira-5eB.mp3?_=2\" \/><a href=\"http:\/\/agora.xtec.cat\/escolafmistral\/wp-content\/uploads\/usu688\/2018\/09\/quan-tot-senlaira-5eB.mp3\">http:\/\/agora.xtec.cat\/escolafmistral\/wp-content\/uploads\/usu688\/2018\/09\/quan-tot-senlaira-5eB.mp3<\/a><\/audio>\n<p><span style=\"font-family: inherit; font-size: 1em;\">Si us ha agradat no dubteu en compartir amb tots nosaltres els vostres comentaris.<\/span><\/p>\n<p>M\u00e9s info de M\u00fasica a l&#8217;escola a <a href=\"https:\/\/sites.google.com\/xtec.cat\/musicasergi\/m%C3%BAsica-anar-al-teu-curs\/5%C3%A8\">&#8220;Les classes d&#8217;en Sergi&#8221;<\/a><\/p>\n","protected":false},"excerpt":{"rendered":"<p>Un curs que comen\u00e7a, projectes nous, il\u00b7lusions dins la maleta. El curs ja s&#8217;ha enlairat, i hem comen\u00e7at tot cantant. Gaudiu d&#8217;aquesta dol\u00e7a interpretaci\u00f3 del grup de 5\u00e8 B A continuaci\u00f3 teniu la la interpretaci\u00f3 de 5\u00e8 A Si us ha agradat no dubteu en compartir amb tots nosaltres els vostres comentaris. M\u00e9s info de [&hellip;]<\/p>\n","protected":false},"author":25,"featured_media":0,"comment_status":"open","ping_status":"closed","sticky":false,"template":"","format":"standard","meta":{"_bbp_topic_count":0,"_bbp_reply_count":0,"_bbp_total_topic_count":0,"_bbp_total_reply_count":0,"_bbp_voice_count":0,"_bbp_anonymous_reply_count":0,"_bbp_topic_count_hidden":0,"_bbp_reply_count_hidden":0,"_bbp_forum_subforum_count":0,"site-sidebar-layout":"default","site-content-layout":"","ast-site-content-layout":"","site-content-style":"default","site-sidebar-style":"default","ast-global-header-display":"","ast-banner-title-visibility":"","ast-main-header-display":"","ast-hfb-above-header-display":"","ast-hfb-below-header-display":"","ast-hfb-mobile-header-display":"","site-post-title":"","ast-breadcrumbs-content":"","ast-featured-img":"","footer-sml-layout":"","theme-transparent-header-meta":"","adv-header-id-meta":"","stick-header-meta":"","header-above-stick-meta":"","header-main-stick-meta":"","header-below-stick-meta":"","astra-migrate-meta-layouts":"default","ast-page-background-enabled":"default","ast-page-background-meta":{"desktop":{"background-color":"var(--ast-global-color-4)","background-image":"","background-repeat":"repeat","background-position":"center center","background-size":"auto","background-attachment":"scroll","background-type":"","background-media":"","overlay-type":"","overlay-color":"","overlay-opacity":"","overlay-gradient":""},"tablet":{"background-color":"","background-image":"","background-repeat":"repeat","background-position":"center center","background-size":"auto","background-attachment":"scroll","background-type":"","background-media":"","overlay-type":"","overlay-color":"","overlay-opacity":"","overlay-gradient":""},"mobile":{"background-color":"","background-image":"","background-repeat":"repeat","background-position":"center center","background-size":"auto","background-attachment":"scroll","background-type":"","background-media":"","overlay-type":"","overlay-color":"","overlay-opacity":"","overlay-gradient":""}},"ast-content-background-meta":{"desktop":{"background-color":"var(--ast-global-color-5)","background-image":"","background-repeat":"repeat","background-position":"center center","background-size":"auto","background-attachment":"scroll","background-type":"","background-media":"","overlay-type":"","overlay-color":"","overlay-opacity":"","overlay-gradient":""},"tablet":{"background-color":"var(--ast-global-color-5)","background-image":"","background-repeat":"repeat","background-position":"center center","background-size":"auto","background-attachment":"scroll","background-type":"","background-media":"","overlay-type":"","overlay-color":"","overlay-opacity":"","overlay-gradient":""},"mobile":{"background-color":"var(--ast-global-color-5)","background-image":"","background-repeat":"repeat","background-position":"center center","background-size":"auto","background-attachment":"scroll","background-type":"","background-media":"","overlay-type":"","overlay-color":"","overlay-opacity":"","overlay-gradient":""}},"footnotes":""},"categories":[14,1,49,4],"tags":[],"class_list":["post-9340","post","type-post","status-publish","format-standard","hentry","category-5e","category-general","category-musica","category-portada"],"post_mailing_queue_ids":[],"_links":{"self":[{"href":"https:\/\/agora.xtec.cat\/escolafmistral\/wp-json\/wp\/v2\/posts\/9340","targetHints":{"allow":["GET"]}}],"collection":[{"href":"https:\/\/agora.xtec.cat\/escolafmistral\/wp-json\/wp\/v2\/posts"}],"about":[{"href":"https:\/\/agora.xtec.cat\/escolafmistral\/wp-json\/wp\/v2\/types\/post"}],"author":[{"embeddable":true,"href":"https:\/\/agora.xtec.cat\/escolafmistral\/wp-json\/wp\/v2\/users\/25"}],"replies":[{"embeddable":true,"href":"https:\/\/agora.xtec.cat\/escolafmistral\/wp-json\/wp\/v2\/comments?post=9340"}],"version-history":[{"count":3,"href":"https:\/\/agora.xtec.cat\/escolafmistral\/wp-json\/wp\/v2\/posts\/9340\/revisions"}],"predecessor-version":[{"id":9395,"href":"https:\/\/agora.xtec.cat\/escolafmistral\/wp-json\/wp\/v2\/posts\/9340\/revisions\/9395"}],"wp:attachment":[{"href":"https:\/\/agora.xtec.cat\/escolafmistral\/wp-json\/wp\/v2\/media?parent=9340"}],"wp:term":[{"taxonomy":"category","embeddable":true,"href":"https:\/\/agora.xtec.cat\/escolafmistral\/wp-json\/wp\/v2\/categories?post=9340"},{"taxonomy":"post_tag","embeddable":true,"href":"https:\/\/agora.xtec.cat\/escolafmistral\/wp-json\/wp\/v2\/tags?post=9340"}],"curies":[{"name":"wp","href":"https:\/\/api.w.org\/{rel}","templated":true}]}}