{"id":9337,"date":"2018-09-28T13:54:59","date_gmt":"2018-09-28T11:54:59","guid":{"rendered":"http:\/\/agora.xtec.cat\/escolafmistral\/?p=9337"},"modified":"2018-10-04T16:29:09","modified_gmt":"2018-10-04T14:29:09","slug":"comencar-de-nou-6e","status":"publish","type":"post","link":"https:\/\/agora.xtec.cat\/escolafmistral\/portada\/comencar-de-nou-6e\/","title":{"rendered":"Comen\u00e7ar de nou 6\u00e8"},"content":{"rendered":"<p id=\"h.p_rZzk_CXGxkSs\" class=\"zfr3Q\">A m\u00fasica hem comen\u00e7at el nou el curs, i els alumnes de 6\u00e8 hem decidit fer-ho cantant, amb aquesta interpretaci\u00f3 d\u2019un grup poc conegut que \u00e9s diu \u201cEls convidats\u201d<\/p>\n<p id=\"h.p_A7qzjhzex7Q5\" class=\"zfr3Q\">A la gravaci\u00f3 hi sentiu la versi\u00f3 original en catal\u00e0 interpretada per els alumnes de 6\u00e8A i 6\u00e8B, per\u00f2 en breu rebreu les nostres modificacions a la lletra de la can\u00e7\u00f3, en un treball que estem fent de creaci\u00f3 de lletres.<\/p>\n<!--[if lt IE 9]><script>document.createElement('audio');<\/script><![endif]-->\n<audio class=\"wp-audio-shortcode\" id=\"audio-9337-1\" preload=\"none\" style=\"width: 100%;\" controls=\"controls\"><source type=\"audio\/mpeg\" src=\"http:\/\/agora.xtec.cat\/escolafmistral\/wp-content\/uploads\/usu688\/2018\/09\/Comen\u00e7ar-de-nou-6\u00e8A.mp3?_=1\" \/><a href=\"http:\/\/agora.xtec.cat\/escolafmistral\/wp-content\/uploads\/usu688\/2018\/09\/Comen\u00e7ar-de-nou-6\u00e8A.mp3\">http:\/\/agora.xtec.cat\/escolafmistral\/wp-content\/uploads\/usu688\/2018\/09\/Comen\u00e7ar-de-nou-6\u00e8A.mp3<\/a><\/audio>\n<audio class=\"wp-audio-shortcode\" id=\"audio-9337-2\" preload=\"none\" style=\"width: 100%;\" controls=\"controls\"><source type=\"audio\/mpeg\" src=\"http:\/\/agora.xtec.cat\/escolafmistral\/wp-content\/uploads\/usu688\/2018\/09\/6B-comen\u00e7ar-bona.mp3?_=2\" \/><a href=\"http:\/\/agora.xtec.cat\/escolafmistral\/wp-content\/uploads\/usu688\/2018\/09\/6B-comen\u00e7ar-bona.mp3\">http:\/\/agora.xtec.cat\/escolafmistral\/wp-content\/uploads\/usu688\/2018\/09\/6B-comen\u00e7ar-bona.mp3<\/a><\/audio>\n<p>Si us ha agradat no dubteu en deixar els vostres comentaris.<\/p>\n<p>M\u00e9s info de M\u00fasica a l\u2019escola a\u00a0<a href=\"https:\/\/sites.google.com\/xtec.cat\/musicasergi\/m%C3%BAsica-anar-al-teu-curs\/6%C3%A8\">\u201cLes classes d\u2019en Sergi\u201d<\/a><\/p>\n","protected":false},"excerpt":{"rendered":"<p>A m\u00fasica hem comen\u00e7at el nou el curs, i els alumnes de 6\u00e8 hem decidit fer-ho cantant, amb aquesta interpretaci\u00f3 d\u2019un grup poc conegut que \u00e9s diu \u201cEls convidats\u201d A la gravaci\u00f3 hi sentiu la versi\u00f3 original en catal\u00e0 interpretada per els alumnes de 6\u00e8A i 6\u00e8B, per\u00f2 en breu rebreu les nostres modificacions a [&hellip;]<\/p>\n","protected":false},"author":25,"featured_media":0,"comment_status":"open","ping_status":"closed","sticky":false,"template":"","format":"standard","meta":{"_bbp_topic_count":0,"_bbp_reply_count":0,"_bbp_total_topic_count":0,"_bbp_total_reply_count":0,"_bbp_voice_count":0,"_bbp_anonymous_reply_count":0,"_bbp_topic_count_hidden":0,"_bbp_reply_count_hidden":0,"_bbp_forum_subforum_count":0,"site-sidebar-layout":"default","site-content-layout":"","ast-site-content-layout":"","site-content-style":"default","site-sidebar-style":"default","ast-global-header-display":"","ast-banner-title-visibility":"","ast-main-header-display":"","ast-hfb-above-header-display":"","ast-hfb-below-header-display":"","ast-hfb-mobile-header-display":"","site-post-title":"","ast-breadcrumbs-content":"","ast-featured-img":"","footer-sml-layout":"","theme-transparent-header-meta":"","adv-header-id-meta":"","stick-header-meta":"","header-above-stick-meta":"","header-main-stick-meta":"","header-below-stick-meta":"","astra-migrate-meta-layouts":"default","ast-page-background-enabled":"default","ast-page-background-meta":{"desktop":{"background-color":"var(--ast-global-color-4)","background-image":"","background-repeat":"repeat","background-position":"center center","background-size":"auto","background-attachment":"scroll","background-type":"","background-media":"","overlay-type":"","overlay-color":"","overlay-opacity":"","overlay-gradient":""},"tablet":{"background-color":"","background-image":"","background-repeat":"repeat","background-position":"center center","background-size":"auto","background-attachment":"scroll","background-type":"","background-media":"","overlay-type":"","overlay-color":"","overlay-opacity":"","overlay-gradient":""},"mobile":{"background-color":"","background-image":"","background-repeat":"repeat","background-position":"center center","background-size":"auto","background-attachment":"scroll","background-type":"","background-media":"","overlay-type":"","overlay-color":"","overlay-opacity":"","overlay-gradient":""}},"ast-content-background-meta":{"desktop":{"background-color":"var(--ast-global-color-5)","background-image":"","background-repeat":"repeat","background-position":"center center","background-size":"auto","background-attachment":"scroll","background-type":"","background-media":"","overlay-type":"","overlay-color":"","overlay-opacity":"","overlay-gradient":""},"tablet":{"background-color":"var(--ast-global-color-5)","background-image":"","background-repeat":"repeat","background-position":"center center","background-size":"auto","background-attachment":"scroll","background-type":"","background-media":"","overlay-type":"","overlay-color":"","overlay-opacity":"","overlay-gradient":""},"mobile":{"background-color":"var(--ast-global-color-5)","background-image":"","background-repeat":"repeat","background-position":"center center","background-size":"auto","background-attachment":"scroll","background-type":"","background-media":"","overlay-type":"","overlay-color":"","overlay-opacity":"","overlay-gradient":""}},"footnotes":""},"categories":[15,49,4],"tags":[],"class_list":["post-9337","post","type-post","status-publish","format-standard","hentry","category-6e","category-musica","category-portada"],"post_mailing_queue_ids":[],"_links":{"self":[{"href":"https:\/\/agora.xtec.cat\/escolafmistral\/wp-json\/wp\/v2\/posts\/9337","targetHints":{"allow":["GET"]}}],"collection":[{"href":"https:\/\/agora.xtec.cat\/escolafmistral\/wp-json\/wp\/v2\/posts"}],"about":[{"href":"https:\/\/agora.xtec.cat\/escolafmistral\/wp-json\/wp\/v2\/types\/post"}],"author":[{"embeddable":true,"href":"https:\/\/agora.xtec.cat\/escolafmistral\/wp-json\/wp\/v2\/users\/25"}],"replies":[{"embeddable":true,"href":"https:\/\/agora.xtec.cat\/escolafmistral\/wp-json\/wp\/v2\/comments?post=9337"}],"version-history":[{"count":3,"href":"https:\/\/agora.xtec.cat\/escolafmistral\/wp-json\/wp\/v2\/posts\/9337\/revisions"}],"predecessor-version":[{"id":9374,"href":"https:\/\/agora.xtec.cat\/escolafmistral\/wp-json\/wp\/v2\/posts\/9337\/revisions\/9374"}],"wp:attachment":[{"href":"https:\/\/agora.xtec.cat\/escolafmistral\/wp-json\/wp\/v2\/media?parent=9337"}],"wp:term":[{"taxonomy":"category","embeddable":true,"href":"https:\/\/agora.xtec.cat\/escolafmistral\/wp-json\/wp\/v2\/categories?post=9337"},{"taxonomy":"post_tag","embeddable":true,"href":"https:\/\/agora.xtec.cat\/escolafmistral\/wp-json\/wp\/v2\/tags?post=9337"}],"curies":[{"name":"wp","href":"https:\/\/api.w.org\/{rel}","templated":true}]}}