{"id":9181,"date":"2018-09-17T15:42:49","date_gmt":"2018-09-17T13:42:49","guid":{"rendered":"http:\/\/agora.xtec.cat\/escolafmistral\/?p=9181"},"modified":"2018-09-17T15:50:47","modified_gmt":"2018-09-17T13:50:47","slug":"informacio-general-curs-2018-2019","status":"publish","type":"post","link":"https:\/\/agora.xtec.cat\/escolafmistral\/general\/informacio-general-curs-2018-2019\/","title":{"rendered":"INFORMACI\u00d3 GENERAL CURS 2018-2019"},"content":{"rendered":"<p><a href=\"http:\/\/agora.xtec.cat\/escolafmistral\/wp-content\/uploads\/usu688\/2018\/09\/Circular.-Informaci\u00f3-General-1.pdf\">Circular d&#8217;informacions generals d&#8217;inici de curs<\/a><\/p>\n<p>Benvolgudes fam\u00edlies:<\/p>\n<p>El curs 2018-2019 ja \u00e9s aqu\u00ed i un any m\u00e9s la direcci\u00f3 i el claustre us volem donar la benvinguda a l\u2019escola. Iniciem aquesta etapa amb molta il\u00b7lusi\u00f3, emocions i nous reptes.<\/p>\n<p>Tenim davant nostre 10 mesos de tasca educativa que voldr\u00edem que fos del m\u00e0xim profit per als vostres fills i filles. Agrair-vos la vostra confian\u00e7a per tal de desenvolupar aquesta important tasca.<\/p>\n<p>Escola i fam\u00edlia hem de treballar conjuntament i, per tal de comen\u00e7ar el curs amb bon peu, us fem arribar <strong><a href=\"http:\/\/agora.xtec.cat\/escolafmistral\/wp-content\/uploads\/usu688\/2018\/09\/Circular.-Informaci\u00f3-General.pdf\">algunes informacions b\u00e0siques<\/a><\/strong> que cal llegir amb atenci\u00f3.<\/p>\n<p>Aprofitem l\u2019avinentesa per a enviar-vos una salutaci\u00f3 ben cordial.<\/p>\n<p>UN BON SOMRIURE \u00c9S EL PRIMER PAS. CAMINEM JUNTS!<br \/>\nAtentament,<br \/>\nElisabeth Lucena<\/p>\n","protected":false},"excerpt":{"rendered":"<p>Circular d&#8217;informacions generals d&#8217;inici de curs Benvolgudes fam\u00edlies: El curs 2018-2019 ja \u00e9s aqu\u00ed i un any m\u00e9s la direcci\u00f3 i el claustre us volem donar la benvinguda a l\u2019escola. Iniciem aquesta etapa amb molta il\u00b7lusi\u00f3, emocions i nous reptes. Tenim davant nostre 10 mesos de tasca educativa que voldr\u00edem que fos del m\u00e0xim profit [&hellip;]<\/p>\n","protected":false},"author":25,"featured_media":0,"comment_status":"open","ping_status":"closed","sticky":false,"template":"","format":"standard","meta":{"_bbp_topic_count":0,"_bbp_reply_count":0,"_bbp_total_topic_count":0,"_bbp_total_reply_count":0,"_bbp_voice_count":0,"_bbp_anonymous_reply_count":0,"_bbp_topic_count_hidden":0,"_bbp_reply_count_hidden":0,"_bbp_forum_subforum_count":0,"site-sidebar-layout":"default","site-content-layout":"","ast-site-content-layout":"","site-content-style":"default","site-sidebar-style":"default","ast-global-header-display":"","ast-banner-title-visibility":"","ast-main-header-display":"","ast-hfb-above-header-display":"","ast-hfb-below-header-display":"","ast-hfb-mobile-header-display":"","site-post-title":"","ast-breadcrumbs-content":"","ast-featured-img":"","footer-sml-layout":"","theme-transparent-header-meta":"","adv-header-id-meta":"","stick-header-meta":"","header-above-stick-meta":"","header-main-stick-meta":"","header-below-stick-meta":"","astra-migrate-meta-layouts":"default","ast-page-background-enabled":"default","ast-page-background-meta":{"desktop":{"background-color":"var(--ast-global-color-4)","background-image":"","background-repeat":"repeat","background-position":"center center","background-size":"auto","background-attachment":"scroll","background-type":"","background-media":"","overlay-type":"","overlay-color":"","overlay-opacity":"","overlay-gradient":""},"tablet":{"background-color":"","background-image":"","background-repeat":"repeat","background-position":"center center","background-size":"auto","background-attachment":"scroll","background-type":"","background-media":"","overlay-type":"","overlay-color":"","overlay-opacity":"","overlay-gradient":""},"mobile":{"background-color":"","background-image":"","background-repeat":"repeat","background-position":"center center","background-size":"auto","background-attachment":"scroll","background-type":"","background-media":"","overlay-type":"","overlay-color":"","overlay-opacity":"","overlay-gradient":""}},"ast-content-background-meta":{"desktop":{"background-color":"var(--ast-global-color-5)","background-image":"","background-repeat":"repeat","background-position":"center center","background-size":"auto","background-attachment":"scroll","background-type":"","background-media":"","overlay-type":"","overlay-color":"","overlay-opacity":"","overlay-gradient":""},"tablet":{"background-color":"var(--ast-global-color-5)","background-image":"","background-repeat":"repeat","background-position":"center center","background-size":"auto","background-attachment":"scroll","background-type":"","background-media":"","overlay-type":"","overlay-color":"","overlay-opacity":"","overlay-gradient":""},"mobile":{"background-color":"var(--ast-global-color-5)","background-image":"","background-repeat":"repeat","background-position":"center center","background-size":"auto","background-attachment":"scroll","background-type":"","background-media":"","overlay-type":"","overlay-color":"","overlay-opacity":"","overlay-gradient":""}},"footnotes":""},"categories":[1,4],"tags":[],"class_list":["post-9181","post","type-post","status-publish","format-standard","hentry","category-general","category-portada"],"post_mailing_queue_ids":[],"_links":{"self":[{"href":"https:\/\/agora.xtec.cat\/escolafmistral\/wp-json\/wp\/v2\/posts\/9181","targetHints":{"allow":["GET"]}}],"collection":[{"href":"https:\/\/agora.xtec.cat\/escolafmistral\/wp-json\/wp\/v2\/posts"}],"about":[{"href":"https:\/\/agora.xtec.cat\/escolafmistral\/wp-json\/wp\/v2\/types\/post"}],"author":[{"embeddable":true,"href":"https:\/\/agora.xtec.cat\/escolafmistral\/wp-json\/wp\/v2\/users\/25"}],"replies":[{"embeddable":true,"href":"https:\/\/agora.xtec.cat\/escolafmistral\/wp-json\/wp\/v2\/comments?post=9181"}],"version-history":[{"count":3,"href":"https:\/\/agora.xtec.cat\/escolafmistral\/wp-json\/wp\/v2\/posts\/9181\/revisions"}],"predecessor-version":[{"id":9190,"href":"https:\/\/agora.xtec.cat\/escolafmistral\/wp-json\/wp\/v2\/posts\/9181\/revisions\/9190"}],"wp:attachment":[{"href":"https:\/\/agora.xtec.cat\/escolafmistral\/wp-json\/wp\/v2\/media?parent=9181"}],"wp:term":[{"taxonomy":"category","embeddable":true,"href":"https:\/\/agora.xtec.cat\/escolafmistral\/wp-json\/wp\/v2\/categories?post=9181"},{"taxonomy":"post_tag","embeddable":true,"href":"https:\/\/agora.xtec.cat\/escolafmistral\/wp-json\/wp\/v2\/tags?post=9181"}],"curies":[{"name":"wp","href":"https:\/\/api.w.org\/{rel}","templated":true}]}}