{"id":822,"date":"2014-05-26T13:19:37","date_gmt":"2014-05-26T11:19:37","guid":{"rendered":"http:\/\/agora.xtec.cat\/escolafmistral\/general\/jocs-populars-2014\/"},"modified":"2014-05-26T13:19:37","modified_gmt":"2014-05-26T11:19:37","slug":"jocs-populars-2014","status":"publish","type":"post","link":"https:\/\/agora.xtec.cat\/escolafmistral\/general\/jocs-populars-2014\/","title":{"rendered":"JOCS POPULARS 2014"},"content":{"rendered":"<\/p>\n<p>El passat divendres dia 9 de maig, els nois&nbsp; i noies de Cinqu\u00e8 A i Cinqu\u00e8 B vam anar al<br \/>\ncamp de beisbol de la Feixa Llarga per participar, com cada any, en els Jocs<br \/>\nPopulars escolars. <\/p>\n<p>Quan vam baixar de l\u2019autocar vam anar fins el camp, i all\u00e0<br \/>\nel Javier, el nostre professor d\u2019Educaci\u00f3 F\u00edsica ens va repartir una enganxina<br \/>\non posava un n\u00famero i el circuit de jocs que ens tocava. Nosaltres ten\u00edem el<br \/>\nnegre, per\u00f2 hi havia dos m\u00e9s, el blanc i el groc.&nbsp; El n\u00famero era per saber per quin joc hav\u00edem<br \/>\nde comen\u00e7ar i amb quins companys an\u00e0vem. Totes les escoles est\u00e0vem barrejades.<br \/>\nHi havia 15 jocs: les gomes, mata bolets, la mel, llan\u00e7ament d\u2019espardenya, el<br \/>\nparacaigudes, els equilibris&#8230; Quan acab\u00e0vem un, hav\u00edem d\u2019anar al seg\u00fcent. A<br \/>\nmig mat\u00ed vam fer una breu parada per descansar, esmorzar i beure aigua i,<br \/>\ndespr\u00e9s vam continuar. Quan vam acabar els jocs, tots els nois i noies vam<br \/>\nballar junts un ball molt xulo que hav\u00edem preparat a l\u2019escola.&nbsp; Quan ja va ser hora de marxar, no an\u00e0vem tant<br \/>\nde pressa com a l\u2019anada, est\u00e0vem ben cansats!<\/p>\n<p>Aquesta sortida ens ha agradat molt perqu\u00e8 ens ho hem passat<br \/>\nmolt b\u00e9 amb els jocs i perqu\u00e8 hem pogut fer amics d\u2019altres escoles  <img decoding=\"async\" <img decoding=\"async\" src=\"http:\/\/agora.xtec.cat\/escolafmistral\/wp-content\/uploads\/usu688\/2016\/10\/20140509_0938411.jpg\" \/><\/p>\n<\/p>\n<p> <img decoding=\"async\" <img decoding=\"async\" src=\"http:\/\/agora.xtec.cat\/escolafmistral\/wp-content\/uploads\/usu688\/2016\/10\/20140509_093841.jpg\" \/><img decoding=\"async\" src=\"El%20passat%20divendres%20dia%209%20de%20maig,%20els%20nois%20%20i%20noies%20de%20Cinqu%E8%20A%20i%20Cinqu%E8%20B%20vam%20anar%20al%20camp%20de%20beisbol%20de%20la%20Feixa%20Llarga%20per%20participar,%20com%20cada%20any,%20en%20els%20Jocs%20Populars%20escolars.%20%20Quan%20vam%20baixar%20de%20l%u2019autocar%20vam%20anar%20fins%20el%20camp,%20i%20all%E0%20el%20Javier,%20el%20nostre%20professor%20d%u2019Educaci%F3%20F%EDsica%20ens%20va%20repartir%20una%20enganxina%20on%20posava%20un%20n%FAmero%20i%20el%20circuit%20de%20jocs%20que%20ens%20tocava.%20Nosaltres%20ten%EDem%20el%20negre,%20per%F2%20hi%20havia%20dos%20m%E9s,%20el%20blanc%20i%20el%20groc.%20%20El%20n%FAmero%20era%20per%20saber%20per%20quin%20joc%20hav%EDem%20de%20comen%E7ar%20i%20amb%20quins%20companys%20an%E0vem.%20Totes%20les%20escoles%20est%E0vem%20barrejades.%20Hi%20havia%2015%20jocs:%20les%20gomes,%20mata%20bolets,%20la%20mel,%20llan%E7ament%20d%u2019espardenya,%20el%20paracaigudes,%20els%20equilibris...%20Quan%20acab%E0vem%20un,%20hav%EDem%20d%u2019anar%20al%20seg%FCent.%20A%20mig%20mat%ED%20vam%20fer%20una%20breu%20parada%20per%20descansar,%20esmorzar%20i%20beure%20aigua%20i,%20despr%E9s%20vam%20continuar.%20Quan%20vam%20acabar%20els%20jocs,%20tots%20els%20nois%20i%20noies%20vam%20ballar%20junts%20un%20ball%20molt%20xulo%20que%20hav%EDem%20preparat%20a%20l%u2019escola.%20%20Quan%20ja%20va%20ser%20hora%20de%20marxar,%20no%20an%E0vem%20tant%20de%20pressa%20com%20a%20l%u2019anada,%20est%E0vem%20ben%20cansats!%20Aquesta%20sortida%20ens%20ha%20agradat%20molt%20perqu%E8%20ens%20ho%20hem%20passat%20molt%20b%E9%20amb%20els%20jocs%20i%20perqu%E8%20hem%20pogut%20fer%20amics%20d%u2019altres%20escoles\" \/><\/p>\n<\/p>\n<\/p>\n<\/p>\n<\/p>\n<\/p>\n<\/p>\n<\/p>\n<\/p>\n<\/p>\n<p> <img decoding=\"async\" <img decoding=\"async\" src=\"http:\/\/agora.xtec.cat\/escolafmistral\/wp-content\/uploads\/usu688\/2016\/10\/20140509_093841.jpg\" \/>\n    <link href=\"\/ceipfmistral-hospitalet\/intranet\/modules\/scribite\/pnconfig\/xinha\/editor.css\" type=\"text\/css\" rel=\"stylesheet\" \/><\/p>\n","protected":false},"excerpt":{"rendered":"<p>El passat divendres dia 9 de maig, els nois&nbsp; i noies de Cinqu\u00e8 A i Cinqu\u00e8 B vam anar al camp de beisbol de la Feixa Llarga per participar, com cada any, en els Jocs Populars escolars. Quan vam baixar de l\u2019autocar vam anar fins el camp, i all\u00e0 el Javier, el nostre professor d\u2019Educaci\u00f3 [&hellip;]<\/p>\n","protected":false},"author":1,"featured_media":0,"comment_status":"open","ping_status":"open","sticky":false,"template":"","format":"standard","meta":{"_bbp_topic_count":0,"_bbp_reply_count":0,"_bbp_total_topic_count":0,"_bbp_total_reply_count":0,"_bbp_voice_count":0,"_bbp_anonymous_reply_count":0,"_bbp_topic_count_hidden":0,"_bbp_reply_count_hidden":0,"_bbp_forum_subforum_count":0,"site-sidebar-layout":"default","site-content-layout":"","ast-site-content-layout":"","site-content-style":"default","site-sidebar-style":"default","ast-global-header-display":"","ast-banner-title-visibility":"","ast-main-header-display":"","ast-hfb-above-header-display":"","ast-hfb-below-header-display":"","ast-hfb-mobile-header-display":"","site-post-title":"","ast-breadcrumbs-content":"","ast-featured-img":"","footer-sml-layout":"","theme-transparent-header-meta":"","adv-header-id-meta":"","stick-header-meta":"","header-above-stick-meta":"","header-main-stick-meta":"","header-below-stick-meta":"","astra-migrate-meta-layouts":"default","ast-page-background-enabled":"default","ast-page-background-meta":{"desktop":{"background-color":"var(--ast-global-color-4)","background-image":"","background-repeat":"repeat","background-position":"center center","background-size":"auto","background-attachment":"scroll","background-type":"","background-media":"","overlay-type":"","overlay-color":"","overlay-opacity":"","overlay-gradient":""},"tablet":{"background-color":"","background-image":"","background-repeat":"repeat","background-position":"center center","background-size":"auto","background-attachment":"scroll","background-type":"","background-media":"","overlay-type":"","overlay-color":"","overlay-opacity":"","overlay-gradient":""},"mobile":{"background-color":"","background-image":"","background-repeat":"repeat","background-position":"center center","background-size":"auto","background-attachment":"scroll","background-type":"","background-media":"","overlay-type":"","overlay-color":"","overlay-opacity":"","overlay-gradient":""}},"ast-content-background-meta":{"desktop":{"background-color":"var(--ast-global-color-5)","background-image":"","background-repeat":"repeat","background-position":"center center","background-size":"auto","background-attachment":"scroll","background-type":"","background-media":"","overlay-type":"","overlay-color":"","overlay-opacity":"","overlay-gradient":""},"tablet":{"background-color":"var(--ast-global-color-5)","background-image":"","background-repeat":"repeat","background-position":"center center","background-size":"auto","background-attachment":"scroll","background-type":"","background-media":"","overlay-type":"","overlay-color":"","overlay-opacity":"","overlay-gradient":""},"mobile":{"background-color":"var(--ast-global-color-5)","background-image":"","background-repeat":"repeat","background-position":"center center","background-size":"auto","background-attachment":"scroll","background-type":"","background-media":"","overlay-type":"","overlay-color":"","overlay-opacity":"","overlay-gradient":""}},"footnotes":""},"categories":[1],"tags":[64,67],"class_list":["post-822","post","type-post","status-publish","format-standard","hentry","category-general","tag-intraweb","tag-noticies"],"post_mailing_queue_ids":[],"_links":{"self":[{"href":"https:\/\/agora.xtec.cat\/escolafmistral\/wp-json\/wp\/v2\/posts\/822","targetHints":{"allow":["GET"]}}],"collection":[{"href":"https:\/\/agora.xtec.cat\/escolafmistral\/wp-json\/wp\/v2\/posts"}],"about":[{"href":"https:\/\/agora.xtec.cat\/escolafmistral\/wp-json\/wp\/v2\/types\/post"}],"author":[{"embeddable":true,"href":"https:\/\/agora.xtec.cat\/escolafmistral\/wp-json\/wp\/v2\/users\/1"}],"replies":[{"embeddable":true,"href":"https:\/\/agora.xtec.cat\/escolafmistral\/wp-json\/wp\/v2\/comments?post=822"}],"version-history":[{"count":0,"href":"https:\/\/agora.xtec.cat\/escolafmistral\/wp-json\/wp\/v2\/posts\/822\/revisions"}],"wp:attachment":[{"href":"https:\/\/agora.xtec.cat\/escolafmistral\/wp-json\/wp\/v2\/media?parent=822"}],"wp:term":[{"taxonomy":"category","embeddable":true,"href":"https:\/\/agora.xtec.cat\/escolafmistral\/wp-json\/wp\/v2\/categories?post=822"},{"taxonomy":"post_tag","embeddable":true,"href":"https:\/\/agora.xtec.cat\/escolafmistral\/wp-json\/wp\/v2\/tags?post=822"}],"curies":[{"name":"wp","href":"https:\/\/api.w.org\/{rel}","templated":true}]}}