{"id":810,"date":"2014-04-07T13:29:06","date_gmt":"2014-04-07T11:29:06","guid":{"rendered":"http:\/\/agora.xtec.cat\/escolafmistral\/general\/homenatge-a-frederic-mistral\/"},"modified":"2014-04-07T13:29:06","modified_gmt":"2014-04-07T11:29:06","slug":"homenatge-a-frederic-mistral","status":"publish","type":"post","link":"https:\/\/agora.xtec.cat\/escolafmistral\/general\/homenatge-a-frederic-mistral\/","title":{"rendered":"Homenatge a Frederic Mistral"},"content":{"rendered":"<p><span lang=\"CA\" style=\"line-height: 115%;\">Divendres passat, dia 28 de mar\u00e7, una<br \/>\nrepresentaci\u00f3 d\u2019alumnes de 6\u00e8 de prim\u00e0ria de la nostra escola vam participar a<br \/>\nl&#8217;acte d&#8217;ofrena floral al monument de Frederic Mistral a Montju\u00efc, a Barcelona,<br \/>\ni vam llegir una part de l&#8217;obra de Frederic Mistral acompanyant al Felibritge.<\/span><\/p>\n<p><span lang=\"CA\" style=\"line-height: 115%;\">L\u2019acte es va fer al peu del restaurat monument<br \/>\ndel poeta, i a m\u00e9s de&nbsp; <\/span>la lectura dels<br \/>\npoemes van portar un ram de roses que van dipositar al peu del seu bust.<\/p>\n<p><span lang=\"CA\" style=\"line-height: 115%;\">Ens va agradar molt col\u00b7laborar en aquest<br \/>\nacte commemoratiu per la persona que d\u00f3na el nom a la nostra escola.<\/span><\/p>\n<p align=\"center\"><embed width=\"600\" height=\"400\" pluginspage=\"http:\/\/www.macromedia.com\/go\/getflashplayer\" flashvars=\"host=picasaweb.google.com&amp;hl=es&amp;feat=flashalbum&amp;RGB=0x000000&amp;feed=https%3A%2F%2Fpicasaweb.google.com%2Fdata%2Ffeed%2Fapi%2Fuser%2FFREDERICMISTRAL1974%2Falbumid%2F5999508893802529057%3Falt%3Drss%26kind%3Dphoto%26authkey%3DGv1sRgCNzX4_OJ5ZnlCA%26hl%3Des\" src=\"https:\/\/photos.gstatic.com\/media\/slideshow.swf\" type=\"application\/x-shockwave-flash\" \/> <\/p>\n<\/p>\n<p align=\"center\"> <a href=\"https:\/\/www.youtube.com\/watch?v=FlNZ1WJPwhY&amp;&lt;span%20id=\" target=\"_blank\"><img loading=\"lazy\" decoding=\"async\" width=\"400\" height=\"300\" src=\"https:\/\/lh4.googleusercontent.com\/-j1PX9XHUZ_4\/U0KRw-nGyOI\/AAAAAAAAKmM\/q2KE-O9Jx_k\/s400\/video%2520ofrena%2520Frederic%2520Mistral.jpg\" \/><\/a><\/p>\n","protected":false},"excerpt":{"rendered":"<p>Divendres passat, dia 28 de mar\u00e7, una representaci\u00f3 d\u2019alumnes de 6\u00e8 de prim\u00e0ria de la nostra escola vam participar a l&#8217;acte d&#8217;ofrena floral al monument de Frederic Mistral a Montju\u00efc, a Barcelona, i vam llegir una part de l&#8217;obra de Frederic Mistral acompanyant al Felibritge. L\u2019acte es va fer al peu del restaurat monument del [&hellip;]<\/p>\n","protected":false},"author":1,"featured_media":0,"comment_status":"open","ping_status":"open","sticky":false,"template":"","format":"standard","meta":{"_bbp_topic_count":0,"_bbp_reply_count":0,"_bbp_total_topic_count":0,"_bbp_total_reply_count":0,"_bbp_voice_count":0,"_bbp_anonymous_reply_count":0,"_bbp_topic_count_hidden":0,"_bbp_reply_count_hidden":0,"_bbp_forum_subforum_count":0,"site-sidebar-layout":"default","site-content-layout":"","ast-site-content-layout":"","site-content-style":"default","site-sidebar-style":"default","ast-global-header-display":"","ast-banner-title-visibility":"","ast-main-header-display":"","ast-hfb-above-header-display":"","ast-hfb-below-header-display":"","ast-hfb-mobile-header-display":"","site-post-title":"","ast-breadcrumbs-content":"","ast-featured-img":"","footer-sml-layout":"","theme-transparent-header-meta":"","adv-header-id-meta":"","stick-header-meta":"","header-above-stick-meta":"","header-main-stick-meta":"","header-below-stick-meta":"","astra-migrate-meta-layouts":"default","ast-page-background-enabled":"default","ast-page-background-meta":{"desktop":{"background-color":"var(--ast-global-color-4)","background-image":"","background-repeat":"repeat","background-position":"center center","background-size":"auto","background-attachment":"scroll","background-type":"","background-media":"","overlay-type":"","overlay-color":"","overlay-opacity":"","overlay-gradient":""},"tablet":{"background-color":"","background-image":"","background-repeat":"repeat","background-position":"center center","background-size":"auto","background-attachment":"scroll","background-type":"","background-media":"","overlay-type":"","overlay-color":"","overlay-opacity":"","overlay-gradient":""},"mobile":{"background-color":"","background-image":"","background-repeat":"repeat","background-position":"center center","background-size":"auto","background-attachment":"scroll","background-type":"","background-media":"","overlay-type":"","overlay-color":"","overlay-opacity":"","overlay-gradient":""}},"ast-content-background-meta":{"desktop":{"background-color":"var(--ast-global-color-5)","background-image":"","background-repeat":"repeat","background-position":"center center","background-size":"auto","background-attachment":"scroll","background-type":"","background-media":"","overlay-type":"","overlay-color":"","overlay-opacity":"","overlay-gradient":""},"tablet":{"background-color":"var(--ast-global-color-5)","background-image":"","background-repeat":"repeat","background-position":"center center","background-size":"auto","background-attachment":"scroll","background-type":"","background-media":"","overlay-type":"","overlay-color":"","overlay-opacity":"","overlay-gradient":""},"mobile":{"background-color":"var(--ast-global-color-5)","background-image":"","background-repeat":"repeat","background-position":"center center","background-size":"auto","background-attachment":"scroll","background-type":"","background-media":"","overlay-type":"","overlay-color":"","overlay-opacity":"","overlay-gradient":""}},"footnotes":""},"categories":[1],"tags":[64,67],"class_list":["post-810","post","type-post","status-publish","format-standard","hentry","category-general","tag-intraweb","tag-noticies"],"post_mailing_queue_ids":[],"_links":{"self":[{"href":"https:\/\/agora.xtec.cat\/escolafmistral\/wp-json\/wp\/v2\/posts\/810","targetHints":{"allow":["GET"]}}],"collection":[{"href":"https:\/\/agora.xtec.cat\/escolafmistral\/wp-json\/wp\/v2\/posts"}],"about":[{"href":"https:\/\/agora.xtec.cat\/escolafmistral\/wp-json\/wp\/v2\/types\/post"}],"author":[{"embeddable":true,"href":"https:\/\/agora.xtec.cat\/escolafmistral\/wp-json\/wp\/v2\/users\/1"}],"replies":[{"embeddable":true,"href":"https:\/\/agora.xtec.cat\/escolafmistral\/wp-json\/wp\/v2\/comments?post=810"}],"version-history":[{"count":0,"href":"https:\/\/agora.xtec.cat\/escolafmistral\/wp-json\/wp\/v2\/posts\/810\/revisions"}],"wp:attachment":[{"href":"https:\/\/agora.xtec.cat\/escolafmistral\/wp-json\/wp\/v2\/media?parent=810"}],"wp:term":[{"taxonomy":"category","embeddable":true,"href":"https:\/\/agora.xtec.cat\/escolafmistral\/wp-json\/wp\/v2\/categories?post=810"},{"taxonomy":"post_tag","embeddable":true,"href":"https:\/\/agora.xtec.cat\/escolafmistral\/wp-json\/wp\/v2\/tags?post=810"}],"curies":[{"name":"wp","href":"https:\/\/api.w.org\/{rel}","templated":true}]}}