{"id":809,"date":"2014-03-31T12:42:14","date_gmt":"2014-03-31T10:42:14","guid":{"rendered":"http:\/\/agora.xtec.cat\/escolafmistral\/general\/visita-al-museu-de-la-xocolata\/"},"modified":"2014-03-31T12:42:14","modified_gmt":"2014-03-31T10:42:14","slug":"visita-al-museu-de-la-xocolata","status":"publish","type":"post","link":"https:\/\/agora.xtec.cat\/escolafmistral\/general\/visita-al-museu-de-la-xocolata\/","title":{"rendered":"Visita al Museu de la Xocolata"},"content":{"rendered":"<p align=\"center\" style=\"text-align: center;\"><strong><span lang=\"ES\" style=\"line-height: 115%;\">VISITA AL MUSEU DE LA XOCOLATA<\/span><\/strong><\/p>\n<p style=\"text-align: justify;\"><span style=\"line-height: 115%;\"> <\/span><\/p>\n<p style=\"text-align: justify;\"><span style=\"line-height: 115%;\">El dimarts 25 de mar\u00e7, els<br \/>\nalumnes de primer hem anat al museu de la xocolata. Ens vam ensenyar en<br \/>\nfotografies com \u00e9s el fruit del cacau, com creix en el tronc del arbre, les<br \/>\nllavors i tot el proc\u00e9s que segueix fins arribar a cacau en pols, el vam<br \/>\ntastar. Vam fer dues activitats: primer figures de xocolata i despr\u00e9s dibuixar<br \/>\namb xocolata desfeta!! La resta de xocolata que quedava en la paperina-pinzell<br \/>\nens la vam menjar, Mmmm&#8230; estava deliciosa!!<\/span><\/p>\n<p style=\"text-align: justify;\"><span style=\"line-height: 115%;\">Despr\u00e9s vam donar un tomb pel<br \/>\nparc de la Ciutadella i vam arribar fins el Parlament de Catalunya. Veieu<br \/>\naquesta mostra de fotografies de la nostra&nbsp;<br \/>\n<\/span>dol\u00e7a sortida.<\/p>\n<\/p>\n<p> <embed width=\"600\" height=\"400\" pluginspage=\"http:\/\/www.macromedia.com\/go\/getflashplayer\" flashvars=\"host=picasaweb.google.com&amp;hl=es&amp;feat=flashalbum&amp;RGB=0x000000&amp;feed=https%3A%2F%2Fpicasaweb.google.com%2Fdata%2Ffeed%2Fapi%2Fuser%2FFREDERICMISTRAL1974%2Falbumid%2F5996893569036471281%3Falt%3Drss%26kind%3Dphoto%26hl%3Des\" src=\"https:\/\/photos.gstatic.com\/media\/slideshow.swf\" type=\"application\/x-shockwave-flash\" \/><\/p>\n","protected":false},"excerpt":{"rendered":"<p>VISITA AL MUSEU DE LA XOCOLATA El dimarts 25 de mar\u00e7, els alumnes de primer hem anat al museu de la xocolata. Ens vam ensenyar en fotografies com \u00e9s el fruit del cacau, com creix en el tronc del arbre, les llavors i tot el proc\u00e9s que segueix fins arribar a cacau en pols, el [&hellip;]<\/p>\n","protected":false},"author":1,"featured_media":0,"comment_status":"open","ping_status":"open","sticky":false,"template":"","format":"standard","meta":{"_bbp_topic_count":0,"_bbp_reply_count":0,"_bbp_total_topic_count":0,"_bbp_total_reply_count":0,"_bbp_voice_count":0,"_bbp_anonymous_reply_count":0,"_bbp_topic_count_hidden":0,"_bbp_reply_count_hidden":0,"_bbp_forum_subforum_count":0,"site-sidebar-layout":"default","site-content-layout":"","ast-site-content-layout":"","site-content-style":"default","site-sidebar-style":"default","ast-global-header-display":"","ast-banner-title-visibility":"","ast-main-header-display":"","ast-hfb-above-header-display":"","ast-hfb-below-header-display":"","ast-hfb-mobile-header-display":"","site-post-title":"","ast-breadcrumbs-content":"","ast-featured-img":"","footer-sml-layout":"","theme-transparent-header-meta":"","adv-header-id-meta":"","stick-header-meta":"","header-above-stick-meta":"","header-main-stick-meta":"","header-below-stick-meta":"","astra-migrate-meta-layouts":"default","ast-page-background-enabled":"default","ast-page-background-meta":{"desktop":{"background-color":"var(--ast-global-color-4)","background-image":"","background-repeat":"repeat","background-position":"center center","background-size":"auto","background-attachment":"scroll","background-type":"","background-media":"","overlay-type":"","overlay-color":"","overlay-opacity":"","overlay-gradient":""},"tablet":{"background-color":"","background-image":"","background-repeat":"repeat","background-position":"center center","background-size":"auto","background-attachment":"scroll","background-type":"","background-media":"","overlay-type":"","overlay-color":"","overlay-opacity":"","overlay-gradient":""},"mobile":{"background-color":"","background-image":"","background-repeat":"repeat","background-position":"center center","background-size":"auto","background-attachment":"scroll","background-type":"","background-media":"","overlay-type":"","overlay-color":"","overlay-opacity":"","overlay-gradient":""}},"ast-content-background-meta":{"desktop":{"background-color":"var(--ast-global-color-5)","background-image":"","background-repeat":"repeat","background-position":"center center","background-size":"auto","background-attachment":"scroll","background-type":"","background-media":"","overlay-type":"","overlay-color":"","overlay-opacity":"","overlay-gradient":""},"tablet":{"background-color":"var(--ast-global-color-5)","background-image":"","background-repeat":"repeat","background-position":"center center","background-size":"auto","background-attachment":"scroll","background-type":"","background-media":"","overlay-type":"","overlay-color":"","overlay-opacity":"","overlay-gradient":""},"mobile":{"background-color":"var(--ast-global-color-5)","background-image":"","background-repeat":"repeat","background-position":"center center","background-size":"auto","background-attachment":"scroll","background-type":"","background-media":"","overlay-type":"","overlay-color":"","overlay-opacity":"","overlay-gradient":""}},"footnotes":""},"categories":[1],"tags":[64,67],"class_list":["post-809","post","type-post","status-publish","format-standard","hentry","category-general","tag-intraweb","tag-noticies"],"post_mailing_queue_ids":[],"_links":{"self":[{"href":"https:\/\/agora.xtec.cat\/escolafmistral\/wp-json\/wp\/v2\/posts\/809","targetHints":{"allow":["GET"]}}],"collection":[{"href":"https:\/\/agora.xtec.cat\/escolafmistral\/wp-json\/wp\/v2\/posts"}],"about":[{"href":"https:\/\/agora.xtec.cat\/escolafmistral\/wp-json\/wp\/v2\/types\/post"}],"author":[{"embeddable":true,"href":"https:\/\/agora.xtec.cat\/escolafmistral\/wp-json\/wp\/v2\/users\/1"}],"replies":[{"embeddable":true,"href":"https:\/\/agora.xtec.cat\/escolafmistral\/wp-json\/wp\/v2\/comments?post=809"}],"version-history":[{"count":0,"href":"https:\/\/agora.xtec.cat\/escolafmistral\/wp-json\/wp\/v2\/posts\/809\/revisions"}],"wp:attachment":[{"href":"https:\/\/agora.xtec.cat\/escolafmistral\/wp-json\/wp\/v2\/media?parent=809"}],"wp:term":[{"taxonomy":"category","embeddable":true,"href":"https:\/\/agora.xtec.cat\/escolafmistral\/wp-json\/wp\/v2\/categories?post=809"},{"taxonomy":"post_tag","embeddable":true,"href":"https:\/\/agora.xtec.cat\/escolafmistral\/wp-json\/wp\/v2\/tags?post=809"}],"curies":[{"name":"wp","href":"https:\/\/api.w.org\/{rel}","templated":true}]}}