{"id":805,"date":"2014-03-05T14:13:07","date_gmt":"2014-03-05T12:13:07","guid":{"rendered":"http:\/\/agora.xtec.cat\/escolafmistral\/general\/els-nens-i-nenes-de-p4-visiten-el-museu-picasso\/"},"modified":"2014-03-05T14:13:07","modified_gmt":"2014-03-05T12:13:07","slug":"els-nens-i-nenes-de-p4-visiten-el-museu-picasso","status":"publish","type":"post","link":"https:\/\/agora.xtec.cat\/escolafmistral\/general\/els-nens-i-nenes-de-p4-visiten-el-museu-picasso\/","title":{"rendered":"ELS NENS I NENES DE P4 VISITEN EL MUSEU PICASSO"},"content":{"rendered":"<p>Avui dia 5 de mar\u00e7 els nens i nenes de P4 han visitat el Museu Picasso de Barcelona. La visita s&#8217;ha fet com a part del projecte Coneguem Picasso que hem comen\u00e7at ara al mes de mar\u00e7.<\/p>\n<p>Despr\u00e9s d&#8217;accedir a un antic palau del carrer Montcada de Barcelona hem descobert com un pintor com Picasso va anar evolucionant al llarg de la seva vida. Al principi, quan era ben jove ja pintava retrats d&#8217;all\u00f3 m\u00e9s b\u00e9. De mica en mica va anar deixant el realisme per endissar-se en un m\u00f3n de color blau. Sentiments forts, sensacions,&#8230; hem pogut descobrir quadres impactants que de mica en mica s&#8217;anaven transformant fins acabar en el cubisme. Impressionant! Picasso era capa\u00e7 de pintar en un \u00fanic quadre totes les cares de la realitat! Amb colors impactants com els que hem descobert a les seves menines o el blanc i negre intrigant d&#8217;uns altres quadres. <\/p>\n<p>&nbsp;En resum, una visita en qu\u00e8 ens ho hem passat d&#8217;all\u00f2 m\u00e9s b\u00e9 i que ens ha ajudat a entendre millor a un nou amic: Pablo Picasso.<\/p>\n<\/p>\n<p align=\"center\"><embed width=\"600\" height=\"400\" pluginspage=\"http:\/\/www.macromedia.com\/go\/getflashplayer\" flashvars=\"host=picasaweb.google.com&amp;hl=es&amp;feat=flashalbum&amp;RGB=0x000000&amp;feed=https%3A%2F%2Fpicasaweb.google.com%2Fdata%2Ffeed%2Fapi%2Fuser%2FFREDERICMISTRAL1974%2Falbumid%2F5987292179399731153%3Falt%3Drss%26kind%3Dphoto%26authkey%3DGv1sRgCOfH_ITFzKKehQE%26hl%3Des\" src=\"https:\/\/photos.gstatic.com\/media\/slideshow.swf\" type=\"application\/x-shockwave-flash\" \/> <\/p>\n<\/p>\n<p><\/p>\n","protected":false},"excerpt":{"rendered":"<p>Avui dia 5 de mar\u00e7 els nens i nenes de P4 han visitat el Museu Picasso de Barcelona. La visita s&#8217;ha fet com a part del projecte Coneguem Picasso que hem comen\u00e7at ara al mes de mar\u00e7. Despr\u00e9s d&#8217;accedir a un antic palau del carrer Montcada de Barcelona hem descobert com un pintor com Picasso [&hellip;]<\/p>\n","protected":false},"author":1,"featured_media":0,"comment_status":"open","ping_status":"open","sticky":false,"template":"","format":"standard","meta":{"_bbp_topic_count":0,"_bbp_reply_count":0,"_bbp_total_topic_count":0,"_bbp_total_reply_count":0,"_bbp_voice_count":0,"_bbp_anonymous_reply_count":0,"_bbp_topic_count_hidden":0,"_bbp_reply_count_hidden":0,"_bbp_forum_subforum_count":0,"site-sidebar-layout":"default","site-content-layout":"","ast-site-content-layout":"","site-content-style":"default","site-sidebar-style":"default","ast-global-header-display":"","ast-banner-title-visibility":"","ast-main-header-display":"","ast-hfb-above-header-display":"","ast-hfb-below-header-display":"","ast-hfb-mobile-header-display":"","site-post-title":"","ast-breadcrumbs-content":"","ast-featured-img":"","footer-sml-layout":"","theme-transparent-header-meta":"","adv-header-id-meta":"","stick-header-meta":"","header-above-stick-meta":"","header-main-stick-meta":"","header-below-stick-meta":"","astra-migrate-meta-layouts":"default","ast-page-background-enabled":"default","ast-page-background-meta":{"desktop":{"background-color":"var(--ast-global-color-4)","background-image":"","background-repeat":"repeat","background-position":"center center","background-size":"auto","background-attachment":"scroll","background-type":"","background-media":"","overlay-type":"","overlay-color":"","overlay-opacity":"","overlay-gradient":""},"tablet":{"background-color":"","background-image":"","background-repeat":"repeat","background-position":"center center","background-size":"auto","background-attachment":"scroll","background-type":"","background-media":"","overlay-type":"","overlay-color":"","overlay-opacity":"","overlay-gradient":""},"mobile":{"background-color":"","background-image":"","background-repeat":"repeat","background-position":"center center","background-size":"auto","background-attachment":"scroll","background-type":"","background-media":"","overlay-type":"","overlay-color":"","overlay-opacity":"","overlay-gradient":""}},"ast-content-background-meta":{"desktop":{"background-color":"var(--ast-global-color-5)","background-image":"","background-repeat":"repeat","background-position":"center center","background-size":"auto","background-attachment":"scroll","background-type":"","background-media":"","overlay-type":"","overlay-color":"","overlay-opacity":"","overlay-gradient":""},"tablet":{"background-color":"var(--ast-global-color-5)","background-image":"","background-repeat":"repeat","background-position":"center center","background-size":"auto","background-attachment":"scroll","background-type":"","background-media":"","overlay-type":"","overlay-color":"","overlay-opacity":"","overlay-gradient":""},"mobile":{"background-color":"var(--ast-global-color-5)","background-image":"","background-repeat":"repeat","background-position":"center center","background-size":"auto","background-attachment":"scroll","background-type":"","background-media":"","overlay-type":"","overlay-color":"","overlay-opacity":"","overlay-gradient":""}},"footnotes":""},"categories":[1],"tags":[64,67],"class_list":["post-805","post","type-post","status-publish","format-standard","hentry","category-general","tag-intraweb","tag-noticies"],"post_mailing_queue_ids":[],"_links":{"self":[{"href":"https:\/\/agora.xtec.cat\/escolafmistral\/wp-json\/wp\/v2\/posts\/805","targetHints":{"allow":["GET"]}}],"collection":[{"href":"https:\/\/agora.xtec.cat\/escolafmistral\/wp-json\/wp\/v2\/posts"}],"about":[{"href":"https:\/\/agora.xtec.cat\/escolafmistral\/wp-json\/wp\/v2\/types\/post"}],"author":[{"embeddable":true,"href":"https:\/\/agora.xtec.cat\/escolafmistral\/wp-json\/wp\/v2\/users\/1"}],"replies":[{"embeddable":true,"href":"https:\/\/agora.xtec.cat\/escolafmistral\/wp-json\/wp\/v2\/comments?post=805"}],"version-history":[{"count":0,"href":"https:\/\/agora.xtec.cat\/escolafmistral\/wp-json\/wp\/v2\/posts\/805\/revisions"}],"wp:attachment":[{"href":"https:\/\/agora.xtec.cat\/escolafmistral\/wp-json\/wp\/v2\/media?parent=805"}],"wp:term":[{"taxonomy":"category","embeddable":true,"href":"https:\/\/agora.xtec.cat\/escolafmistral\/wp-json\/wp\/v2\/categories?post=805"},{"taxonomy":"post_tag","embeddable":true,"href":"https:\/\/agora.xtec.cat\/escolafmistral\/wp-json\/wp\/v2\/tags?post=805"}],"curies":[{"name":"wp","href":"https:\/\/api.w.org\/{rel}","templated":true}]}}