{"id":802,"date":"2014-02-24T12:19:49","date_gmt":"2014-02-24T10:19:49","guid":{"rendered":"http:\/\/agora.xtec.cat\/escolafmistral\/general\/recorregut-per-la-barcelona-medieval\/"},"modified":"2014-02-24T12:19:49","modified_gmt":"2014-02-24T10:19:49","slug":"recorregut-per-la-barcelona-medieval","status":"publish","type":"post","link":"https:\/\/agora.xtec.cat\/escolafmistral\/general\/recorregut-per-la-barcelona-medieval\/","title":{"rendered":"Recorregut per la Barcelona medieval"},"content":{"rendered":"<\/p>\n<p>ELS ALUMNES DE CINQU\u00c8 VISITEM LA BARCELONA MEDIEVAL<\/p>\n<p style=\"text-indent: -18pt;\">&#8211;<span style=\"font: 7pt &quot;Times New Roman&quot;;\"> <\/span>Sabeu que el divendres dia 21 de febrer, els<br \/>\nalumnes de Cinqu\u00e8 vam anar d\u2019excursi\u00f3 a la Barcelona medieval?<\/p>\n<p style=\"text-indent: -18pt;\">&#8211;<span style=\"font: 7pt &quot;Times New Roman&quot;;\"> <\/span>Ah s\u00ed? I qu\u00e8 \u00e9s el que vau veure?<\/p>\n<p style=\"text-indent: -18pt;\">&#8211;<span style=\"font: 7pt &quot;Times New Roman&quot;;\"> <\/span>Primer vam veure el museu de la Pla\u00e7a del Rei,<br \/>\nel palau visigot, la capella reial de Santa \u00c0gata, maquetes de l\u2019antiga ciutat<br \/>\nde Barkinona,&#8230; I la nostra monitora ens va explicar coses molt curioses de la<br \/>\nvida a l\u2019Edat Mitjana.&nbsp; Sabeu que no<br \/>\nfeien servir ganivets&nbsp; ni forquilles per<br \/>\nmenjar i que la carn la tallaven amb un plat?<\/p>\n<p style=\"text-indent: -18pt;\">&#8211;<span style=\"font: 7pt &quot;Times New Roman&quot;;\"> <\/span>I despr\u00e9s qu\u00e8 vau fer?<\/p>\n<p style=\"text-indent: -18pt;\">&#8211;<span style=\"font: 7pt &quot;Times New Roman&quot;;\"> <\/span>Vam fer un recorregut pels carrers&nbsp; del voltant de Santa Maria del Mar.<\/p>\n<p style=\"text-indent: -18pt;\">&#8211;<span style=\"font: 7pt &quot;Times New Roman&quot;;\"> <\/span>I com s\u00f3n?<\/p>\n<p style=\"text-indent: -18pt;\">&#8211;<span style=\"font: 7pt &quot;Times New Roman&quot;;\"> <\/span>S\u00f3n molt estrets i tenen noms d\u2019oficis, perqu\u00e8<br \/>\nall\u00e0 hi havia els gremis d\u2019artesans.<\/p>\n<p style=\"text-indent: -18pt;\">&#8211;<span style=\"font: 7pt &quot;Times New Roman&quot;;\"> <\/span>I us va agradar la sortida?<\/p>\n<p style=\"text-indent: -18pt;\">&#8211;<span style=\"font: 7pt &quot;Times New Roman&quot;;\"> <\/span>Molt, ens ho vam passar molt b\u00e9. Si no coneixeu<br \/>\naquesta part de Barcelona us recomanem que hi aneu.<\/p>\n<\/p>\n<p><embed width=\"600\" height=\"400\" pluginspage=\"http:\/\/www.macromedia.com\/go\/getflashplayer\" flashvars=\"host=picasaweb.google.com&amp;hl=es&amp;feat=flashalbum&amp;RGB=0x000000&amp;feed=https%3A%2F%2Fpicasaweb.google.com%2Fdata%2Ffeed%2Fapi%2Fuser%2FFREDERICMISTRAL1974%2Falbumid%2F5983904324283288417%3Falt%3Drss%26kind%3Dphoto%26hl%3Des\" src=\"https:\/\/photos.gstatic.com\/media\/slideshow.swf\" type=\"application\/x-shockwave-flash\" \/><\/p>\n","protected":false},"excerpt":{"rendered":"<p>ELS ALUMNES DE CINQU\u00c8 VISITEM LA BARCELONA MEDIEVAL &#8211; Sabeu que el divendres dia 21 de febrer, els alumnes de Cinqu\u00e8 vam anar d\u2019excursi\u00f3 a la Barcelona medieval? &#8211; Ah s\u00ed? I qu\u00e8 \u00e9s el que vau veure? &#8211; Primer vam veure el museu de la Pla\u00e7a del Rei, el palau visigot, la capella reial [&hellip;]<\/p>\n","protected":false},"author":1,"featured_media":0,"comment_status":"open","ping_status":"open","sticky":false,"template":"","format":"standard","meta":{"_bbp_topic_count":0,"_bbp_reply_count":0,"_bbp_total_topic_count":0,"_bbp_total_reply_count":0,"_bbp_voice_count":0,"_bbp_anonymous_reply_count":0,"_bbp_topic_count_hidden":0,"_bbp_reply_count_hidden":0,"_bbp_forum_subforum_count":0,"site-sidebar-layout":"default","site-content-layout":"","ast-site-content-layout":"","site-content-style":"default","site-sidebar-style":"default","ast-global-header-display":"","ast-banner-title-visibility":"","ast-main-header-display":"","ast-hfb-above-header-display":"","ast-hfb-below-header-display":"","ast-hfb-mobile-header-display":"","site-post-title":"","ast-breadcrumbs-content":"","ast-featured-img":"","footer-sml-layout":"","theme-transparent-header-meta":"","adv-header-id-meta":"","stick-header-meta":"","header-above-stick-meta":"","header-main-stick-meta":"","header-below-stick-meta":"","astra-migrate-meta-layouts":"default","ast-page-background-enabled":"default","ast-page-background-meta":{"desktop":{"background-color":"var(--ast-global-color-4)","background-image":"","background-repeat":"repeat","background-position":"center center","background-size":"auto","background-attachment":"scroll","background-type":"","background-media":"","overlay-type":"","overlay-color":"","overlay-opacity":"","overlay-gradient":""},"tablet":{"background-color":"","background-image":"","background-repeat":"repeat","background-position":"center center","background-size":"auto","background-attachment":"scroll","background-type":"","background-media":"","overlay-type":"","overlay-color":"","overlay-opacity":"","overlay-gradient":""},"mobile":{"background-color":"","background-image":"","background-repeat":"repeat","background-position":"center center","background-size":"auto","background-attachment":"scroll","background-type":"","background-media":"","overlay-type":"","overlay-color":"","overlay-opacity":"","overlay-gradient":""}},"ast-content-background-meta":{"desktop":{"background-color":"var(--ast-global-color-5)","background-image":"","background-repeat":"repeat","background-position":"center center","background-size":"auto","background-attachment":"scroll","background-type":"","background-media":"","overlay-type":"","overlay-color":"","overlay-opacity":"","overlay-gradient":""},"tablet":{"background-color":"var(--ast-global-color-5)","background-image":"","background-repeat":"repeat","background-position":"center center","background-size":"auto","background-attachment":"scroll","background-type":"","background-media":"","overlay-type":"","overlay-color":"","overlay-opacity":"","overlay-gradient":""},"mobile":{"background-color":"var(--ast-global-color-5)","background-image":"","background-repeat":"repeat","background-position":"center center","background-size":"auto","background-attachment":"scroll","background-type":"","background-media":"","overlay-type":"","overlay-color":"","overlay-opacity":"","overlay-gradient":""}},"footnotes":""},"categories":[1],"tags":[64,67],"class_list":["post-802","post","type-post","status-publish","format-standard","hentry","category-general","tag-intraweb","tag-noticies"],"post_mailing_queue_ids":[],"_links":{"self":[{"href":"https:\/\/agora.xtec.cat\/escolafmistral\/wp-json\/wp\/v2\/posts\/802","targetHints":{"allow":["GET"]}}],"collection":[{"href":"https:\/\/agora.xtec.cat\/escolafmistral\/wp-json\/wp\/v2\/posts"}],"about":[{"href":"https:\/\/agora.xtec.cat\/escolafmistral\/wp-json\/wp\/v2\/types\/post"}],"author":[{"embeddable":true,"href":"https:\/\/agora.xtec.cat\/escolafmistral\/wp-json\/wp\/v2\/users\/1"}],"replies":[{"embeddable":true,"href":"https:\/\/agora.xtec.cat\/escolafmistral\/wp-json\/wp\/v2\/comments?post=802"}],"version-history":[{"count":0,"href":"https:\/\/agora.xtec.cat\/escolafmistral\/wp-json\/wp\/v2\/posts\/802\/revisions"}],"wp:attachment":[{"href":"https:\/\/agora.xtec.cat\/escolafmistral\/wp-json\/wp\/v2\/media?parent=802"}],"wp:term":[{"taxonomy":"category","embeddable":true,"href":"https:\/\/agora.xtec.cat\/escolafmistral\/wp-json\/wp\/v2\/categories?post=802"},{"taxonomy":"post_tag","embeddable":true,"href":"https:\/\/agora.xtec.cat\/escolafmistral\/wp-json\/wp\/v2\/tags?post=802"}],"curies":[{"name":"wp","href":"https:\/\/api.w.org\/{rel}","templated":true}]}}