{"id":797,"date":"2013-12-19T13:22:02","date_gmt":"2013-12-19T11:22:02","guid":{"rendered":"http:\/\/agora.xtec.cat\/escolafmistral\/general\/concert-de-nadal-2013\/"},"modified":"2013-12-19T13:22:02","modified_gmt":"2013-12-19T11:22:02","slug":"concert-de-nadal-2013","status":"publish","type":"post","link":"https:\/\/agora.xtec.cat\/escolafmistral\/general\/concert-de-nadal-2013\/","title":{"rendered":"Concert de Nadal 2013"},"content":{"rendered":"<p style=\"text-align: justify;\">El<br \/>\npassat divendres, dia 13 de desembre, vam celebrar a l\u2019escola el desitjat<br \/>\nconcert de Nadal!<\/p>\n<p style=\"text-align: justify;\">\n<p style=\"text-align: justify;\">Despr\u00e9s<br \/>\nde dies d\u2019assajos i nervis per fi va arribar el moment! I tot i que l\u2019ac\u00fastica<br \/>\ndel gimn\u00e0s no \u00e9s del tot excel\u00b7lent el resultat final va ser magn\u00edfic!<\/p>\n<p style=\"text-align: justify;\">\n<p style=\"text-align: justify;\">Totes<br \/>\nles classes de Prim\u00e0ria s\u2019havien preparat una can\u00e7\u00f3 de Nadal i un poema per<br \/>\nrecitar davant de les nostres fam\u00edlies i amics presents al gimn\u00e0s.<\/p>\n<p style=\"text-align: justify;\">Aquest<br \/>\nany els presentadors van ser el Tom\u00e0s Fern\u00e0ndez i l\u2019Andrea Caire de Sis\u00e8; ells<br \/>\nvan fer el seu paper molt b\u00e9 i tamb\u00e9 anaven molt elegants per l\u2019ocasi\u00f3.<\/p>\n<p style=\"text-align: justify;\">\n<p style=\"text-align: justify;\">Volem<br \/>\nagrair la vostra pres\u00e8ncia i els pares i mares que van guarnir el gimn\u00e0s i van<br \/>\nmuntar l\u2019escenari, i als mestres que ens han ajudat perqu\u00e8 qued\u00e9s un concert<br \/>\ntan llu\u00eft!<\/p>\n<p style=\"text-align: justify;\">Ens<br \/>\nveiem el proper any! Desitgem que tingueu unes Bones Festes!<\/p>\n<\/p>\n<p><embed type=\"application\/x-shockwave-flash\" src=\"https:\/\/static.googleusercontent.com\/external_content\/picasaweb.googleusercontent.com\/slideshow.swf\" width=\"600\" height=\"400\" flashvars=\"host=picasaweb.google.com&#038;hl=es&#038;feat=flashalbum&#038;RGB=0x000000&#038;feed=https%3A%2F%2Fpicasaweb.google.com%2Fdata%2Ffeed%2Fapi%2Fuser%2FFREDERICMISTRAL1974%2Falbumid%2F5959074954628270721%3Falt%3Drss%26kind%3Dphoto%26hl%3Des\" pluginspage=\"http:\/\/www.macromedia.com\/go\/getflashplayer\"><\/embed><\/p>\n","protected":false},"excerpt":{"rendered":"<p>El passat divendres, dia 13 de desembre, vam celebrar a l\u2019escola el desitjat concert de Nadal! Despr\u00e9s de dies d\u2019assajos i nervis per fi va arribar el moment! I tot i que l\u2019ac\u00fastica del gimn\u00e0s no \u00e9s del tot excel\u00b7lent el resultat final va ser magn\u00edfic! Totes les classes de Prim\u00e0ria s\u2019havien preparat una can\u00e7\u00f3 [&hellip;]<\/p>\n","protected":false},"author":1,"featured_media":0,"comment_status":"open","ping_status":"open","sticky":false,"template":"","format":"standard","meta":{"_bbp_topic_count":0,"_bbp_reply_count":0,"_bbp_total_topic_count":0,"_bbp_total_reply_count":0,"_bbp_voice_count":0,"_bbp_anonymous_reply_count":0,"_bbp_topic_count_hidden":0,"_bbp_reply_count_hidden":0,"_bbp_forum_subforum_count":0,"site-sidebar-layout":"default","site-content-layout":"","ast-site-content-layout":"","site-content-style":"default","site-sidebar-style":"default","ast-global-header-display":"","ast-banner-title-visibility":"","ast-main-header-display":"","ast-hfb-above-header-display":"","ast-hfb-below-header-display":"","ast-hfb-mobile-header-display":"","site-post-title":"","ast-breadcrumbs-content":"","ast-featured-img":"","footer-sml-layout":"","theme-transparent-header-meta":"","adv-header-id-meta":"","stick-header-meta":"","header-above-stick-meta":"","header-main-stick-meta":"","header-below-stick-meta":"","astra-migrate-meta-layouts":"default","ast-page-background-enabled":"default","ast-page-background-meta":{"desktop":{"background-color":"var(--ast-global-color-4)","background-image":"","background-repeat":"repeat","background-position":"center center","background-size":"auto","background-attachment":"scroll","background-type":"","background-media":"","overlay-type":"","overlay-color":"","overlay-opacity":"","overlay-gradient":""},"tablet":{"background-color":"","background-image":"","background-repeat":"repeat","background-position":"center center","background-size":"auto","background-attachment":"scroll","background-type":"","background-media":"","overlay-type":"","overlay-color":"","overlay-opacity":"","overlay-gradient":""},"mobile":{"background-color":"","background-image":"","background-repeat":"repeat","background-position":"center center","background-size":"auto","background-attachment":"scroll","background-type":"","background-media":"","overlay-type":"","overlay-color":"","overlay-opacity":"","overlay-gradient":""}},"ast-content-background-meta":{"desktop":{"background-color":"var(--ast-global-color-5)","background-image":"","background-repeat":"repeat","background-position":"center center","background-size":"auto","background-attachment":"scroll","background-type":"","background-media":"","overlay-type":"","overlay-color":"","overlay-opacity":"","overlay-gradient":""},"tablet":{"background-color":"var(--ast-global-color-5)","background-image":"","background-repeat":"repeat","background-position":"center center","background-size":"auto","background-attachment":"scroll","background-type":"","background-media":"","overlay-type":"","overlay-color":"","overlay-opacity":"","overlay-gradient":""},"mobile":{"background-color":"var(--ast-global-color-5)","background-image":"","background-repeat":"repeat","background-position":"center center","background-size":"auto","background-attachment":"scroll","background-type":"","background-media":"","overlay-type":"","overlay-color":"","overlay-opacity":"","overlay-gradient":""}},"footnotes":""},"categories":[1],"tags":[64,67],"class_list":["post-797","post","type-post","status-publish","format-standard","hentry","category-general","tag-intraweb","tag-noticies"],"post_mailing_queue_ids":[],"_links":{"self":[{"href":"https:\/\/agora.xtec.cat\/escolafmistral\/wp-json\/wp\/v2\/posts\/797","targetHints":{"allow":["GET"]}}],"collection":[{"href":"https:\/\/agora.xtec.cat\/escolafmistral\/wp-json\/wp\/v2\/posts"}],"about":[{"href":"https:\/\/agora.xtec.cat\/escolafmistral\/wp-json\/wp\/v2\/types\/post"}],"author":[{"embeddable":true,"href":"https:\/\/agora.xtec.cat\/escolafmistral\/wp-json\/wp\/v2\/users\/1"}],"replies":[{"embeddable":true,"href":"https:\/\/agora.xtec.cat\/escolafmistral\/wp-json\/wp\/v2\/comments?post=797"}],"version-history":[{"count":0,"href":"https:\/\/agora.xtec.cat\/escolafmistral\/wp-json\/wp\/v2\/posts\/797\/revisions"}],"wp:attachment":[{"href":"https:\/\/agora.xtec.cat\/escolafmistral\/wp-json\/wp\/v2\/media?parent=797"}],"wp:term":[{"taxonomy":"category","embeddable":true,"href":"https:\/\/agora.xtec.cat\/escolafmistral\/wp-json\/wp\/v2\/categories?post=797"},{"taxonomy":"post_tag","embeddable":true,"href":"https:\/\/agora.xtec.cat\/escolafmistral\/wp-json\/wp\/v2\/tags?post=797"}],"curies":[{"name":"wp","href":"https:\/\/api.w.org\/{rel}","templated":true}]}}