{"id":7931,"date":"2018-04-06T22:10:48","date_gmt":"2018-04-06T20:10:48","guid":{"rendered":"http:\/\/agora.xtec.cat\/escolafmistral\/?p=7931"},"modified":"2018-04-25T13:19:56","modified_gmt":"2018-04-25T11:19:56","slug":"preinscripcio-2018-2019","status":"publish","type":"post","link":"https:\/\/agora.xtec.cat\/escolafmistral\/general\/preinscripcio-2018-2019\/","title":{"rendered":"PREINSCRIPCI\u00d3 2018-2019"},"content":{"rendered":"<p><a href=\"http:\/\/agora.xtec.cat\/escolafmistral\/wp-content\/uploads\/usu688\/2018\/04\/2018-03-14_094734.png\"><img loading=\"lazy\" decoding=\"async\" class=\"wp-image-7932 alignleft\" src=\"http:\/\/agora.xtec.cat\/escolafmistral\/wp-content\/uploads\/usu688\/2018\/04\/2018-03-14_094734.png\" alt=\"\" width=\"377\" height=\"281\" srcset=\"https:\/\/agora.xtec.cat\/escolafmistral\/wp-content\/uploads\/usu688\/2018\/04\/2018-03-14_094734.png 548w, https:\/\/agora.xtec.cat\/escolafmistral\/wp-content\/uploads\/usu688\/2018\/04\/2018-03-14_094734-300x223.png 300w, https:\/\/agora.xtec.cat\/escolafmistral\/wp-content\/uploads\/usu688\/2018\/04\/2018-03-14_094734-200x150.png 200w\" sizes=\"auto, (max-width: 377px) 100vw, 377px\" \/><\/a>Us recordem que el termini de presentaci\u00f3 de sol\u00b7licituds per la <strong>Preinscripci\u00f3 2018\/2019<\/strong>\u00a0 per al segon cicle d\u2019educaci\u00f3 infantil, prim\u00e0ria i secund\u00e0ria obligat\u00f2ria ser\u00e0<strong> del 13 al 24 d\u2019abril.<\/strong><\/p>\n<p>En aquests moments est\u00e0 pendent la publicaci\u00f3 de la <strong>sol\u00b7licitud<\/strong>. En el moment que sigui p\u00fablica us ho farem saber a la<strong> p\u00e0gina web i al taulell d\u2019anuncis<\/strong> de la porta de l&#8217;escola.<\/p>\n<p><strong>Horari de preinscripci\u00f3:<\/strong><\/p>\n<ul>\n<li>Mat\u00ed: De 9:30 a 11:00 i de 11:30 a 12:30h<\/li>\n<li>Tarda: De 15:00 a 16:00 h<\/li>\n<li>Altres horaris, trucar per comentar el cas i convenir hora si escau. TEL\u00c8FON: <span class=\"LrzXr zdqRlf kno-fv\"><a class=\"fl r-iJU7EGj_Jb30\" title=\"Truca mitjan\u00e7ant Hangouts\" href=\"https:\/\/www.google.es\/search?client=firefox-b-ab&amp;dcr=0&amp;ei=RdTHWsGnIozsUo6wn9gB&amp;q=ESCOLA+FREDERIC+MISTRAL+HOSPITALET&amp;oq=ESCOLA+FREDERIC+MISTRAL+HOSPITALET&amp;gs_l=psy-ab.3..0i19k1j0i22i30i19k1l2j38.3116.6144.0.6362.21.17.2.0.0.0.224.1940.1j10j2.13.0....0...1c.1.64.psy-ab..6.14.1888...0j33i160k1j0i8i13i30i19k1j33i21k1.0.ITerF4az21s#\">933 32 46 39<\/a><\/span><\/li>\n<\/ul>\n<p><strong>Calendari de Preinscripci\u00f3 2018-2019<\/strong><\/p>\n<table border=\"0\" cellspacing=\"0\" cellpadding=\"0\">\n<tbody>\n<tr style=\"height: 33px;\">\n<td style=\"height: 33px;\">Publicaci\u00f3 de l\u2019oferta inicial de places<\/td>\n<td style=\"height: 33px;\">9 d\u2019abril de 2018<\/td>\n<\/tr>\n<tr style=\"height: 33px;\">\n<td style=\"height: 33px;\">Per\u00edode de presentaci\u00f3 de sol\u00b7licituds<\/td>\n<td style=\"height: 33px;\">del 13 al 24 d\u2019abril<\/td>\n<\/tr>\n<tr style=\"height: 33px;\">\n<td style=\"height: 33px;\">Presentaci\u00f3 de documentaci\u00f3<\/td>\n<td style=\"height: 33px;\">fins el 25 d\u2019abril<\/td>\n<\/tr>\n<tr style=\"height: 33px;\">\n<td style=\"height: 33px;\">Publicaci\u00f3 de llistes amb el barem provisional<\/td>\n<td style=\"height: 33px;\">3 de maig<\/td>\n<\/tr>\n<tr style=\"height: 33px;\">\n<td style=\"height: 33px;\">Presentaci\u00f3 de reclamacions<\/td>\n<td style=\"height: 33px;\">del 4 al 8 de maig<\/td>\n<\/tr>\n<tr style=\"height: 33px;\">\n<td style=\"height: 33px;\">Publicaci\u00f3 de les llistes amb el barem definitiu<\/td>\n<td style=\"height: 33px;\">10 de maig<\/td>\n<\/tr>\n<tr style=\"height: 33px;\">\n<td style=\"height: 33px;\">Sorteig del n\u00famero pel desempat<\/td>\n<td style=\"height: 33px;\">11 de maig<\/td>\n<\/tr>\n<tr style=\"height: 33px;\">\n<td style=\"height: 33px;\">Publicaci\u00f3 de llistes ordenades definitives<\/td>\n<td style=\"height: 33px;\">15 de maig<\/td>\n<\/tr>\n<tr style=\"height: 33px;\">\n<td style=\"height: 33px;\">Publicaci\u00f3 de l\u2019oferta final de places<\/td>\n<td style=\"height: 33px;\">11 de juny<\/td>\n<\/tr>\n<tr style=\"height: 33px;\">\n<td style=\"height: 33px;\">Publicaci\u00f3 de les llistes d\u2019alumnat adm\u00e8s<\/td>\n<td style=\"height: 33px;\">12 de juny<\/td>\n<\/tr>\n<tr style=\"height: 33px;\">\n<td style=\"height: 33px;\">Per\u00edode de matr\u00edcula:<\/td>\n<td style=\"height: 33px;\">del 21 al 27de juny<\/td>\n<\/tr>\n<\/tbody>\n<\/table>\n<p><strong>Documentaci\u00f3 a presentar<\/strong>: <a href=\"http:\/\/www.l-h.cat\/gdocs\/d2844797.pdf\">http:\/\/www.l-h.cat\/gdocs\/d2844797.pdf<\/a><\/p>\n<p><strong>Per a m\u00e9s informaci\u00f3<\/strong>:\u00a0<a href=\"http:\/\/www.l-h.cat\/educacio\/1159700_1.aspx?id=1\">http:\/\/www.l-h.cat\/educacio\/1159700_1.aspx?id=1<\/a><\/p>\n<p>&nbsp;<\/p>\n","protected":false},"excerpt":{"rendered":"<p>Us recordem que el termini de presentaci\u00f3 de sol\u00b7licituds per la Preinscripci\u00f3 2018\/2019\u00a0 per al segon cicle d\u2019educaci\u00f3 infantil, prim\u00e0ria i secund\u00e0ria obligat\u00f2ria ser\u00e0 del 13 al 24 d\u2019abril. En aquests moments est\u00e0 pendent la publicaci\u00f3 de la sol\u00b7licitud. En el moment que sigui p\u00fablica us ho farem saber a la p\u00e0gina web i al [&hellip;]<\/p>\n","protected":false},"author":17,"featured_media":7932,"comment_status":"open","ping_status":"closed","sticky":false,"template":"","format":"standard","meta":{"_bbp_topic_count":0,"_bbp_reply_count":0,"_bbp_total_topic_count":0,"_bbp_total_reply_count":0,"_bbp_voice_count":0,"_bbp_anonymous_reply_count":0,"_bbp_topic_count_hidden":0,"_bbp_reply_count_hidden":0,"_bbp_forum_subforum_count":0,"site-sidebar-layout":"default","site-content-layout":"","ast-site-content-layout":"","site-content-style":"default","site-sidebar-style":"default","ast-global-header-display":"","ast-banner-title-visibility":"","ast-main-header-display":"","ast-hfb-above-header-display":"","ast-hfb-below-header-display":"","ast-hfb-mobile-header-display":"","site-post-title":"","ast-breadcrumbs-content":"","ast-featured-img":"","footer-sml-layout":"","theme-transparent-header-meta":"","adv-header-id-meta":"","stick-header-meta":"","header-above-stick-meta":"","header-main-stick-meta":"","header-below-stick-meta":"","astra-migrate-meta-layouts":"default","ast-page-background-enabled":"default","ast-page-background-meta":{"desktop":{"background-color":"var(--ast-global-color-4)","background-image":"","background-repeat":"repeat","background-position":"center center","background-size":"auto","background-attachment":"scroll","background-type":"","background-media":"","overlay-type":"","overlay-color":"","overlay-opacity":"","overlay-gradient":""},"tablet":{"background-color":"","background-image":"","background-repeat":"repeat","background-position":"center center","background-size":"auto","background-attachment":"scroll","background-type":"","background-media":"","overlay-type":"","overlay-color":"","overlay-opacity":"","overlay-gradient":""},"mobile":{"background-color":"","background-image":"","background-repeat":"repeat","background-position":"center center","background-size":"auto","background-attachment":"scroll","background-type":"","background-media":"","overlay-type":"","overlay-color":"","overlay-opacity":"","overlay-gradient":""}},"ast-content-background-meta":{"desktop":{"background-color":"var(--ast-global-color-5)","background-image":"","background-repeat":"repeat","background-position":"center center","background-size":"auto","background-attachment":"scroll","background-type":"","background-media":"","overlay-type":"","overlay-color":"","overlay-opacity":"","overlay-gradient":""},"tablet":{"background-color":"var(--ast-global-color-5)","background-image":"","background-repeat":"repeat","background-position":"center center","background-size":"auto","background-attachment":"scroll","background-type":"","background-media":"","overlay-type":"","overlay-color":"","overlay-opacity":"","overlay-gradient":""},"mobile":{"background-color":"var(--ast-global-color-5)","background-image":"","background-repeat":"repeat","background-position":"center center","background-size":"auto","background-attachment":"scroll","background-type":"","background-media":"","overlay-type":"","overlay-color":"","overlay-opacity":"","overlay-gradient":""}},"footnotes":""},"categories":[1,4],"tags":[],"class_list":["post-7931","post","type-post","status-publish","format-standard","has-post-thumbnail","hentry","category-general","category-portada"],"post_mailing_queue_ids":[],"_links":{"self":[{"href":"https:\/\/agora.xtec.cat\/escolafmistral\/wp-json\/wp\/v2\/posts\/7931","targetHints":{"allow":["GET"]}}],"collection":[{"href":"https:\/\/agora.xtec.cat\/escolafmistral\/wp-json\/wp\/v2\/posts"}],"about":[{"href":"https:\/\/agora.xtec.cat\/escolafmistral\/wp-json\/wp\/v2\/types\/post"}],"author":[{"embeddable":true,"href":"https:\/\/agora.xtec.cat\/escolafmistral\/wp-json\/wp\/v2\/users\/17"}],"replies":[{"embeddable":true,"href":"https:\/\/agora.xtec.cat\/escolafmistral\/wp-json\/wp\/v2\/comments?post=7931"}],"version-history":[{"count":3,"href":"https:\/\/agora.xtec.cat\/escolafmistral\/wp-json\/wp\/v2\/posts\/7931\/revisions"}],"predecessor-version":[{"id":8294,"href":"https:\/\/agora.xtec.cat\/escolafmistral\/wp-json\/wp\/v2\/posts\/7931\/revisions\/8294"}],"wp:featuredmedia":[{"embeddable":true,"href":"https:\/\/agora.xtec.cat\/escolafmistral\/wp-json\/wp\/v2\/media\/7932"}],"wp:attachment":[{"href":"https:\/\/agora.xtec.cat\/escolafmistral\/wp-json\/wp\/v2\/media?parent=7931"}],"wp:term":[{"taxonomy":"category","embeddable":true,"href":"https:\/\/agora.xtec.cat\/escolafmistral\/wp-json\/wp\/v2\/categories?post=7931"},{"taxonomy":"post_tag","embeddable":true,"href":"https:\/\/agora.xtec.cat\/escolafmistral\/wp-json\/wp\/v2\/tags?post=7931"}],"curies":[{"name":"wp","href":"https:\/\/api.w.org\/{rel}","templated":true}]}}