{"id":785,"date":"2013-06-11T12:16:52","date_gmt":"2013-06-11T10:16:52","guid":{"rendered":"http:\/\/agora.xtec.cat\/escolafmistral\/general\/adeu-frederic-mistral\/"},"modified":"2013-06-11T12:16:52","modified_gmt":"2013-06-11T10:16:52","slug":"adeu-frederic-mistral","status":"publish","type":"post","link":"https:\/\/agora.xtec.cat\/escolafmistral\/general\/adeu-frederic-mistral\/","title":{"rendered":"AD\u00c9U FREDERIC MISTRAL !!!"},"content":{"rendered":"<p><span lang=\"ES\">Ad\u00e9u FREDERIC MISTRAL!!!&nbsp;&nbsp;&nbsp;&nbsp;&nbsp;&nbsp;&nbsp;&nbsp;&nbsp;&nbsp; <\/span><\/p>\n<p><span lang=\"ES\"> <\/span><\/p>\n<p style=\"text-align: justify;\"><span lang=\"ES\">Arriba l&#8217;hora i aviat haurem de marxar de l&#8217;escola.<\/span><\/p>\n<p style=\"text-align: justify;\"><span lang=\"EN-US\">La majoria hem passat molts<br \/>\nanys al Frederic. <\/span><span lang=\"ES\">Altres nom\u00e9s hi<br \/>\nportem un o dos anys, per\u00f2, tot i aix\u00ed , en portarem un munt de records.<\/span><\/p>\n<p style=\"text-align: justify;\"><span lang=\"ES\">Quan mirem les nostres autobiografies que tenim penjades al suro de la<br \/>\nclasse pensem :<\/span><\/p>\n<p style=\"text-align: justify;\"><strong><span lang=\"ES\">&quot; Qu\u00e8 petits \u00e9rem! <\/span><\/strong><\/p>\n<p style=\"text-align: justify;\"><span lang=\"ES\">Alguns, els que \u00e9rem m\u00e9s menuts no ten\u00edem ni tres anys encara i,<br \/>\nara,&nbsp; <\/span>fixeu-vos, som els m\u00e9s grans,<br \/>\nencara que per poc temps, doncs, dintre de poc anirem a l&#8217;Institut i tornarem a<br \/>\nser els m\u00e9s petits<strong>. Coses de la vida<\/strong>!<\/p>\n<p style=\"text-align: justify;\"><span lang=\"ES\">Ja hem arribat a sis\u00e8. Ens fa una mica de pena&nbsp; <\/span>perqu\u00e8 \u00e9s l&#8217;\u00faltim curs de cicle superior, de<br \/>\nprim\u00e0ria i \u00e9s l&#8217;\u00faltim que estarem tots junts.<\/p>\n<p style=\"text-align: justify;\"><span lang=\"ES\"> <\/span>Quan acabem, haurem de passar a<br \/>\nl&#8217;ESO. I encara que quedem els caps de setmana i parlem pel What&#8217;s App o el<br \/>\nFacebook, no ser\u00e0 el mateix que veure&#8217;ns cada dia. Tamb\u00e9 ens fa una mica de<br \/>\npor, perqu\u00e8 les coses noves sempre espanten una mica, per\u00f2 som valents i hem<br \/>\nd&#8217;afrontar les noves etapes de la vida, tot \u00e9s q\u00fcesti\u00f3 d&#8217;adaptar-s&#8217;hi. <\/p>\n<p style=\"text-align: justify;\"><span lang=\"ES\">Per una banda estem contents: \u00e9s una nova experi\u00e8ncia,&nbsp; <\/span>coneixerem companys nous i nous professors i<br \/>\npodrem comprovar si aquesta nova etapa \u00e9s tan dificil com diuen,&nbsp;&nbsp;&nbsp; per\u00f2 a la vegada tamb\u00e9&nbsp; una mica tristos perqu\u00e8 trobarem a faltar<br \/>\ntotes les coses que ens han passat a l&#8217;escola.<\/p>\n<p style=\"text-align: justify;\"><span lang=\"ES\">La nostra estada al Mistral ha estat plena de moltes coses bones i de<br \/>\nalgunes no tan bones, per\u00f2 ara que estem a punt de marxar a l&#8217;institut,<br \/>\nrecordem les bones.&nbsp; <\/span>Els records dolents<br \/>\nels llencem a la paperera.<\/p>\n<p style=\"text-align: justify;\"><span lang=\"ES\">L&#8217;escola \u00e9s el lloc on hem fet els nostres primers amics i amigues,<br \/>\nalguns ens coneixem des de P-3 !!!<strong>Tota<br \/>\nla nostra curta vida, com aquell que diu<\/strong>. Molts dels moments importants de<br \/>\nla nostra vida, han sigut a l&#8217;escola amb aquests amics i amigues.<\/span><\/p>\n<p style=\"text-align: justify;\"><span lang=\"ES\">A l&#8217;escola hem sapigut el que \u00e9s valorar el que t&#8217;ajudin a fer les<br \/>\ncoses. La majoria de les coses que sabem, les hem apr\u00e9s aqu\u00ed, alguns hem apr\u00e9s<br \/>\na parlar el catal\u00e0,&nbsp; <\/span>perqu\u00e8 quan vam<br \/>\narribar no en sab\u00edem.<\/p>\n<p style=\"text-align: justify;\"><span lang=\"ES\">No oblidarem els professors que hem tingut tots aquests anys.&nbsp; <\/span>Tots ens han aportat alguna cosa bona, alguns<br \/>\nsensibilitat, d&#8217;altres responsabilitat, d&#8217;altres, alegria&#8230; De vegades poden<br \/>\nser molt estrictes, per\u00f2 si ens criden l&#8217;atenci\u00f3 ho fan per ajudar-nos. I,<br \/>\nentre tots ells, no&nbsp; ens volem oblidar<br \/>\ndel pobre Ramiro&nbsp; que ens va deixar ja fa<br \/>\nuns anys.<\/p>\n<p style=\"text-align: justify;\"><span lang=\"ES\"> <\/span>Estranyarem els professors i<br \/>\ntotes les activitats&nbsp; que hem fet aquests<br \/>\nanys: la Cant\u00e0nia,<br \/>\nles col\u00f2nies,&#8230;de cada sortida ten\u00edem un record preci\u00f3s, i quan passaven uns<br \/>\ndies d\u00e8iem: &quot;Te&#8217;n recordes aquell dia, ens ho vam passar genial!!!&quot;<\/p>\n<p style=\"text-align: justify;\"><span lang=\"ES\">Per nosaltres el Frederic \u00e9s la millor escola de tot el m\u00f3n i mai la<br \/>\ndeixarem enrera.<\/span><\/p>\n<p style=\"text-align: justify;\"><span lang=\"ES\"> <\/span><\/p>\n<p style=\"text-align: justify;\"><span lang=\"ES\">SEMPRE SER\u00c0S LA NOSTRA ESCOLA, FREDERIC MISTRAL!!!!<\/span><\/p>\n<p style=\"text-align: justify;\"><span lang=\"ES\"> <\/span><\/p>\n<p style=\"text-align: justify;\"><span lang=\"ES\">Promoci\u00f3 \u201cParra\u201d&nbsp; <\/span>2013<\/p>\n<p style=\"text-align: justify;\"><span lang=\"ES\">Iker, Dani, Pol, Mar\u00eda Encarnaci\u00f3n, Anna Clarice, Carlos, Sara J.,<br \/>\n\u00darsula, Roc\u00edo, Eric M., Oihane, Sara Mas,&nbsp;<br \/>\n<\/span>Anna Nicole, Den\u00eds, Gina, Eric P. , Alba, Alberto, Diksha, Zahra i Joel<\/p>\n<\/p>\n<p> <embed width=\"600\" height=\"400\" type=\"application\/x-shockwave-flash\" src=\"https:\/\/static.googleusercontent.com\/external_content\/picasaweb.googleusercontent.com\/slideshow.swf\" flashvars=\"host=picasaweb.google.com&amp;hl=es&amp;feat=flashalbum&amp;RGB=0x000000&amp;feed=https%3A%2F%2Fpicasaweb.google.com%2Fdata%2Ffeed%2Fapi%2Fuser%2FFREDERICMISTRAL1974%2Falbumid%2F5888165943531842433%3Falt%3Drss%26kind%3Dphoto%26authkey%3DGv1sRgCPPTuMqBwIu8EA%26hl%3Des\" pluginspage=\"http:\/\/www.macromedia.com\/go\/getflashplayer\" \/> <\/p>\n","protected":false},"excerpt":{"rendered":"<p>Ad\u00e9u FREDERIC MISTRAL!!!&nbsp;&nbsp;&nbsp;&nbsp;&nbsp;&nbsp;&nbsp;&nbsp;&nbsp;&nbsp; Arriba l&#8217;hora i aviat haurem de marxar de l&#8217;escola. La majoria hem passat molts anys al Frederic. Altres nom\u00e9s hi portem un o dos anys, per\u00f2, tot i aix\u00ed , en portarem un munt de records. Quan mirem les nostres autobiografies que tenim penjades al suro de la classe pensem : &quot; [&hellip;]<\/p>\n","protected":false},"author":1,"featured_media":0,"comment_status":"open","ping_status":"open","sticky":false,"template":"","format":"standard","meta":{"_bbp_topic_count":0,"_bbp_reply_count":0,"_bbp_total_topic_count":0,"_bbp_total_reply_count":0,"_bbp_voice_count":0,"_bbp_anonymous_reply_count":0,"_bbp_topic_count_hidden":0,"_bbp_reply_count_hidden":0,"_bbp_forum_subforum_count":0,"site-sidebar-layout":"default","site-content-layout":"","ast-site-content-layout":"","site-content-style":"default","site-sidebar-style":"default","ast-global-header-display":"","ast-banner-title-visibility":"","ast-main-header-display":"","ast-hfb-above-header-display":"","ast-hfb-below-header-display":"","ast-hfb-mobile-header-display":"","site-post-title":"","ast-breadcrumbs-content":"","ast-featured-img":"","footer-sml-layout":"","theme-transparent-header-meta":"","adv-header-id-meta":"","stick-header-meta":"","header-above-stick-meta":"","header-main-stick-meta":"","header-below-stick-meta":"","astra-migrate-meta-layouts":"default","ast-page-background-enabled":"default","ast-page-background-meta":{"desktop":{"background-color":"var(--ast-global-color-4)","background-image":"","background-repeat":"repeat","background-position":"center center","background-size":"auto","background-attachment":"scroll","background-type":"","background-media":"","overlay-type":"","overlay-color":"","overlay-opacity":"","overlay-gradient":""},"tablet":{"background-color":"","background-image":"","background-repeat":"repeat","background-position":"center center","background-size":"auto","background-attachment":"scroll","background-type":"","background-media":"","overlay-type":"","overlay-color":"","overlay-opacity":"","overlay-gradient":""},"mobile":{"background-color":"","background-image":"","background-repeat":"repeat","background-position":"center center","background-size":"auto","background-attachment":"scroll","background-type":"","background-media":"","overlay-type":"","overlay-color":"","overlay-opacity":"","overlay-gradient":""}},"ast-content-background-meta":{"desktop":{"background-color":"var(--ast-global-color-5)","background-image":"","background-repeat":"repeat","background-position":"center center","background-size":"auto","background-attachment":"scroll","background-type":"","background-media":"","overlay-type":"","overlay-color":"","overlay-opacity":"","overlay-gradient":""},"tablet":{"background-color":"var(--ast-global-color-5)","background-image":"","background-repeat":"repeat","background-position":"center center","background-size":"auto","background-attachment":"scroll","background-type":"","background-media":"","overlay-type":"","overlay-color":"","overlay-opacity":"","overlay-gradient":""},"mobile":{"background-color":"var(--ast-global-color-5)","background-image":"","background-repeat":"repeat","background-position":"center center","background-size":"auto","background-attachment":"scroll","background-type":"","background-media":"","overlay-type":"","overlay-color":"","overlay-opacity":"","overlay-gradient":""}},"footnotes":""},"categories":[1],"tags":[64,67],"class_list":["post-785","post","type-post","status-publish","format-standard","hentry","category-general","tag-intraweb","tag-noticies"],"post_mailing_queue_ids":[],"_links":{"self":[{"href":"https:\/\/agora.xtec.cat\/escolafmistral\/wp-json\/wp\/v2\/posts\/785","targetHints":{"allow":["GET"]}}],"collection":[{"href":"https:\/\/agora.xtec.cat\/escolafmistral\/wp-json\/wp\/v2\/posts"}],"about":[{"href":"https:\/\/agora.xtec.cat\/escolafmistral\/wp-json\/wp\/v2\/types\/post"}],"author":[{"embeddable":true,"href":"https:\/\/agora.xtec.cat\/escolafmistral\/wp-json\/wp\/v2\/users\/1"}],"replies":[{"embeddable":true,"href":"https:\/\/agora.xtec.cat\/escolafmistral\/wp-json\/wp\/v2\/comments?post=785"}],"version-history":[{"count":0,"href":"https:\/\/agora.xtec.cat\/escolafmistral\/wp-json\/wp\/v2\/posts\/785\/revisions"}],"wp:attachment":[{"href":"https:\/\/agora.xtec.cat\/escolafmistral\/wp-json\/wp\/v2\/media?parent=785"}],"wp:term":[{"taxonomy":"category","embeddable":true,"href":"https:\/\/agora.xtec.cat\/escolafmistral\/wp-json\/wp\/v2\/categories?post=785"},{"taxonomy":"post_tag","embeddable":true,"href":"https:\/\/agora.xtec.cat\/escolafmistral\/wp-json\/wp\/v2\/tags?post=785"}],"curies":[{"name":"wp","href":"https:\/\/api.w.org\/{rel}","templated":true}]}}