{"id":783,"date":"2013-06-07T15:36:59","date_gmt":"2013-06-07T13:36:59","guid":{"rendered":"http:\/\/agora.xtec.cat\/escolafmistral\/general\/tercer-visita-lajuntament\/"},"modified":"2013-06-07T15:36:59","modified_gmt":"2013-06-07T13:36:59","slug":"tercer-visita-lajuntament","status":"publish","type":"post","link":"https:\/\/agora.xtec.cat\/escolafmistral\/general\/tercer-visita-lajuntament\/","title":{"rendered":"TERCER VISITA L&#8217;AJUNTAMENT"},"content":{"rendered":"<p align=\"CENTER\" style=\"margin-bottom: 0cm;\"><u><strong>VISITA<br \/>\nA L&#8217;AJUNTAMENT DE L&#8217;HOSPITALET<\/strong><\/u><\/p>\n<p align=\"CENTER\" style=\"margin-bottom: 0cm;\"> <\/p>\n<p align=\"JUSTIFY\" style=\"margin-bottom: 0cm; font-weight: normal; line-height: 150%; text-decoration: none;\">\nEl passat dimecres vam<br \/>\nagafar els Ferrocarrils de la Generalitat de Catalunya i vam baixar<br \/>\nen la parada d&#8217;Avinguda del Carrilet. Vam caminar fins al carrer<br \/>\nGirona, al costat de la Farga, on ens esperava una noia que es de\u00efa<br \/>\nMarta i seria la nostra guia.<\/p>\n<p align=\"JUSTIFY\" style=\"margin-bottom: 0cm; font-weight: normal; line-height: 150%; text-decoration: none;\"> <\/p>\n<p align=\"JUSTIFY\" style=\"margin-bottom: 0cm; font-weight: normal; line-height: 150%; text-decoration: none;\">\nDurant una estona vam<br \/>\nestar parlant de la ciutat de l&#8217; Hospitalet de Llobregat i despr\u00e9s<br \/>\nvam entrar en unes instal.lacions (que formen part de l&#8217; Ajuntament)<br \/>\ni vam omplir unes fitxes d&#8217; exercicis.<\/p>\n<p align=\"JUSTIFY\" style=\"margin-bottom: 0cm; font-weight: normal; line-height: 150%; text-decoration: none;\">\nAl cap d&#8217;una estona, vam<br \/>\nsortir al carrer i vam passejar  per la Rambla Just Oliveras i ens<br \/>\nvan ensenyar una escultura que es de\u00efa <em>L&#8217;Acollidora.<\/em><\/p>\n<p align=\"JUSTIFY\" style=\"margin-bottom: 0cm; font-style: normal; font-weight: normal; line-height: 150%; text-decoration: none;\">\nFinalment, vam arribar a<br \/>\nla Pla\u00e7a de l&#8217;Ajuntament. Ens va rebre el Sr. Roc i vam entrar a la<br \/>\nSala de Plens on ens van explicar el seu funcionament. Vam provar de<br \/>\nfer de regidors, d&#8217;alcalde i de secretari i tamb\u00e9 ens van deixar fer<br \/>\npreguntes. Tamb\u00e9 ens van donar l&#8217;oportunitat de escriure-li una<br \/>\ncarta a l&#8217;alcaldessa demanant-li favors per arreglar la ciutat o la<br \/>\nnostra escola.<\/p>\n<p align=\"JUSTIFY\" style=\"margin-bottom: 0cm; font-style: normal; font-weight: normal; line-height: 150%; text-decoration: none;\"> <\/p>\n<p align=\"JUSTIFY\" style=\"margin-bottom: 0cm; font-style: normal; font-weight: normal; line-height: 150%; text-decoration: none;\">\nPer acabar ens vam fer<br \/>\nuna foto tota la classe i vam esmor\u00e7ar tots junts a la Pla\u00e7a de<br \/>\nl&#8217;Ajuntament.<\/p>\n<p align=\"JUSTIFY\" style=\"margin-bottom: 0cm; font-style: normal; font-weight: normal; line-height: 150%; text-decoration: none;\">\nHa estat una sortida que<br \/>\nens ha agradat molt perqu\u00e8 hem apr\u00e8s moltes coses i hem conegut m\u00e9s<br \/>\nla nostra ciutat!!<\/p>\n<\/p>\n<p><embed width=\"600\" height=\"400\" pluginspage=\"http:\/\/www.macromedia.com\/go\/getflashplayer\" flashvars=\"host=picasaweb.google.com&amp;hl=es&amp;feat=flashalbum&amp;RGB=0x000000&amp;feed=https%3A%2F%2Fpicasaweb.google.com%2Fdata%2Ffeed%2Fapi%2Fuser%2FFREDERICMISTRAL1974%2Falbumid%2F5886734141356950673%3Falt%3Drss%26kind%3Dphoto%26authkey%3DGv1sRgCJDEqu-NuYebJA%26hl%3Des\" src=\"https:\/\/static.googleusercontent.com\/external_content\/picasaweb.googleusercontent.com\/slideshow.swf\" type=\"application\/x-shockwave-flash\" \/><\/p>\n","protected":false},"excerpt":{"rendered":"<p>VISITA A L&#8217;AJUNTAMENT DE L&#8217;HOSPITALET El passat dimecres vam agafar els Ferrocarrils de la Generalitat de Catalunya i vam baixar en la parada d&#8217;Avinguda del Carrilet. Vam caminar fins al carrer Girona, al costat de la Farga, on ens esperava una noia que es de\u00efa Marta i seria la nostra guia. Durant una estona vam [&hellip;]<\/p>\n","protected":false},"author":1,"featured_media":0,"comment_status":"open","ping_status":"open","sticky":false,"template":"","format":"standard","meta":{"_bbp_topic_count":0,"_bbp_reply_count":0,"_bbp_total_topic_count":0,"_bbp_total_reply_count":0,"_bbp_voice_count":0,"_bbp_anonymous_reply_count":0,"_bbp_topic_count_hidden":0,"_bbp_reply_count_hidden":0,"_bbp_forum_subforum_count":0,"site-sidebar-layout":"default","site-content-layout":"","ast-site-content-layout":"","site-content-style":"default","site-sidebar-style":"default","ast-global-header-display":"","ast-banner-title-visibility":"","ast-main-header-display":"","ast-hfb-above-header-display":"","ast-hfb-below-header-display":"","ast-hfb-mobile-header-display":"","site-post-title":"","ast-breadcrumbs-content":"","ast-featured-img":"","footer-sml-layout":"","theme-transparent-header-meta":"","adv-header-id-meta":"","stick-header-meta":"","header-above-stick-meta":"","header-main-stick-meta":"","header-below-stick-meta":"","astra-migrate-meta-layouts":"default","ast-page-background-enabled":"default","ast-page-background-meta":{"desktop":{"background-color":"var(--ast-global-color-4)","background-image":"","background-repeat":"repeat","background-position":"center center","background-size":"auto","background-attachment":"scroll","background-type":"","background-media":"","overlay-type":"","overlay-color":"","overlay-opacity":"","overlay-gradient":""},"tablet":{"background-color":"","background-image":"","background-repeat":"repeat","background-position":"center center","background-size":"auto","background-attachment":"scroll","background-type":"","background-media":"","overlay-type":"","overlay-color":"","overlay-opacity":"","overlay-gradient":""},"mobile":{"background-color":"","background-image":"","background-repeat":"repeat","background-position":"center center","background-size":"auto","background-attachment":"scroll","background-type":"","background-media":"","overlay-type":"","overlay-color":"","overlay-opacity":"","overlay-gradient":""}},"ast-content-background-meta":{"desktop":{"background-color":"var(--ast-global-color-5)","background-image":"","background-repeat":"repeat","background-position":"center center","background-size":"auto","background-attachment":"scroll","background-type":"","background-media":"","overlay-type":"","overlay-color":"","overlay-opacity":"","overlay-gradient":""},"tablet":{"background-color":"var(--ast-global-color-5)","background-image":"","background-repeat":"repeat","background-position":"center center","background-size":"auto","background-attachment":"scroll","background-type":"","background-media":"","overlay-type":"","overlay-color":"","overlay-opacity":"","overlay-gradient":""},"mobile":{"background-color":"var(--ast-global-color-5)","background-image":"","background-repeat":"repeat","background-position":"center center","background-size":"auto","background-attachment":"scroll","background-type":"","background-media":"","overlay-type":"","overlay-color":"","overlay-opacity":"","overlay-gradient":""}},"footnotes":""},"categories":[1],"tags":[64,67],"class_list":["post-783","post","type-post","status-publish","format-standard","hentry","category-general","tag-intraweb","tag-noticies"],"post_mailing_queue_ids":[],"_links":{"self":[{"href":"https:\/\/agora.xtec.cat\/escolafmistral\/wp-json\/wp\/v2\/posts\/783","targetHints":{"allow":["GET"]}}],"collection":[{"href":"https:\/\/agora.xtec.cat\/escolafmistral\/wp-json\/wp\/v2\/posts"}],"about":[{"href":"https:\/\/agora.xtec.cat\/escolafmistral\/wp-json\/wp\/v2\/types\/post"}],"author":[{"embeddable":true,"href":"https:\/\/agora.xtec.cat\/escolafmistral\/wp-json\/wp\/v2\/users\/1"}],"replies":[{"embeddable":true,"href":"https:\/\/agora.xtec.cat\/escolafmistral\/wp-json\/wp\/v2\/comments?post=783"}],"version-history":[{"count":0,"href":"https:\/\/agora.xtec.cat\/escolafmistral\/wp-json\/wp\/v2\/posts\/783\/revisions"}],"wp:attachment":[{"href":"https:\/\/agora.xtec.cat\/escolafmistral\/wp-json\/wp\/v2\/media?parent=783"}],"wp:term":[{"taxonomy":"category","embeddable":true,"href":"https:\/\/agora.xtec.cat\/escolafmistral\/wp-json\/wp\/v2\/categories?post=783"},{"taxonomy":"post_tag","embeddable":true,"href":"https:\/\/agora.xtec.cat\/escolafmistral\/wp-json\/wp\/v2\/tags?post=783"}],"curies":[{"name":"wp","href":"https:\/\/api.w.org\/{rel}","templated":true}]}}