{"id":776,"date":"2013-05-23T16:59:16","date_gmt":"2013-05-23T14:59:16","guid":{"rendered":"http:\/\/agora.xtec.cat\/escolafmistral\/general\/la-setmana-de-primavera-al-cicle-inicial\/"},"modified":"2013-05-23T16:59:16","modified_gmt":"2013-05-23T14:59:16","slug":"la-setmana-de-primavera-al-cicle-inicial","status":"publish","type":"post","link":"https:\/\/agora.xtec.cat\/escolafmistral\/general\/la-setmana-de-primavera-al-cicle-inicial\/","title":{"rendered":"LA SETMANA DE PRIMAVERA AL CICLE INICIAL"},"content":{"rendered":"<p><strong><span lang=\"ES\">LA SETMANA CULTURAL<\/span><\/strong><strong><span lang=\"ES\"> AL CICLE INICIAL<\/span><\/strong><\/p>\n<p><span lang=\"ES\"> <\/span><\/p>\n<p><span lang=\"ES\">Els alumnes de Cicle Inicial durant la Setmana Cultural hem fet<br \/>\ndiverses activitats relacionades amb la descoberta i coneixement dels <strong>Serveis P\u00fablics<\/strong> que tenim a la nostra<br \/>\nciutat i tamb\u00e9 a Barcelona.<\/span><\/p>\n<p><span lang=\"ES\"> <\/span><\/p>\n<p><span lang=\"ES\">La nostra proposta ha sigut:<\/span><\/p>\n<p style=\"margin-left: 36pt; text-indent: -18pt;\"><span lang=\"ES\">&#8211;<span style=\"font: 7pt &quot;Times New Roman&quot;;\"> <\/span><\/span><strong><span lang=\"ES\">Servei P\u00fablic de Parcs i Jardins<\/span><\/strong><span lang=\"ES\"> : visita del<br \/>\nParc del Laberint.<\/span><\/p>\n<p style=\"margin-left: 36pt; text-indent: -18pt;\"><span lang=\"ES\">&#8211;<span style=\"font: 7pt &quot;Times New Roman&quot;;\"> <\/span><\/span><strong><span lang=\"ES\">Els Bombers<\/span><\/strong><span lang=\"ES\">: tasques que fan i veure un v\u00eddeo<br \/>\namb els consells d\u2019autoprotecci\u00f3 per saber qu\u00e8 fer en cas d\u2019incendi en un<br \/>\nhabitatge. Comentar amb una fitxa les situacions perilloses que trobem a casa.<br \/>\nL\u2019enlla\u00e7 al v\u00eddeo : <\/span><\/p>\n<p><span lang=\"ES\"> <\/span><\/p>\n<p style=\"text-indent: 35.4pt;\"><span lang=\"ES\"><a href=\"http:\/\/www.youtube.com\/watch?v=Kda5ZxbLR-Y\">http:\/\/www.youtube.com\/watch?v=Kda5ZxbLR-Y<\/a><\/span><\/p>\n<p><span lang=\"ES\"> <\/span><\/p>\n<p style=\"margin-left: 36pt; text-indent: -18pt;\"><span lang=\"ES\">&#8211;<span style=\"font: 7pt &quot;Times New Roman&quot;;\"> <\/span><\/span><strong><span lang=\"ES\">La Sanitat<\/span><\/strong><span lang=\"ES\"> : ampliaci\u00f3 de vocabulari. Una mare que \u00e9s infermera ens porta<br \/>\nmaterial que fa servir.<\/span><\/p>\n<p style=\"margin-left: 36pt; text-indent: -18pt;\"><span lang=\"ES\">&#8211;<span style=\"font: 7pt &quot;Times New Roman&quot;;\"> <\/span><\/span><strong><span lang=\"ES\">La Gu\u00e0rdia<\/span><\/strong><strong><span lang=\"ES\"> Urbana<\/span><\/strong><strong><span lang=\"ES\"> <\/span><\/strong><span lang=\"ES\">:<br \/>\nels senyals de tr\u00e0fic i visita a l\u2019escola de la Gu\u00e0rdia Urbana. Circuit amb<br \/>\nbicicletas i passeig amb moto.<\/span><\/p>\n<p style=\"margin-left: 36pt; text-indent: -18pt;\"><span lang=\"ES\">&#8211;<span style=\"font: 7pt &quot;Times New Roman&quot;;\"> <\/span><\/span><strong><span lang=\"ES\">El Transport P\u00fablic <\/span><\/strong><span lang=\"ES\">: parlem dels diferents<br \/>\nmitjants de transport que existeixen i un pare que \u00e9s taxista ens explica i<br \/>\nensenya els componets del seu taxi i com \u00e9s la seva feina.<\/span><\/p>\n<p style=\"margin-left: 36pt; text-indent: -18pt;\"><span lang=\"ES\">&#8211;<span style=\"font: 7pt &quot;Times New Roman&quot;;\"> <\/span><\/span><strong><span lang=\"ES\">La Just\u00edcia<\/span><\/strong><strong><span lang=\"ES\"> <\/span><\/strong><span lang=\"ES\">:<br \/>\nqu\u00e8 fa, ampliaci\u00f3 de vocabulari.<\/span><\/p>\n<p style=\"margin-left: 36pt; text-indent: -18pt;\"><span lang=\"ES\">&#8211;<span style=\"font: 7pt &quot;Times New Roman&quot;;\"> <\/span><\/span><strong><span lang=\"ES\">Correus <\/span><\/strong><span lang=\"ES\">: activitat pl\u00e0stica, fem una b\u00fastia<br \/>\nde correus que serveixi com guardiola.<\/span><\/p>\n<p><span lang=\"ES\"> <\/span><\/p>\n<p><span lang=\"ES\">Us adjuntem les fotografies de les diverses<br \/>\nactivitats realitzades.<\/span><\/p>\n<p><span lang=\"ES\"> <\/span><\/p>\n<p><span lang=\"ES\"> <\/span><\/p>\n<p> <embed width=\"600\" height=\"400\" pluginspage=\"http:\/\/www.macromedia.com\/go\/getflashplayer\" flashvars=\"host=picasaweb.google.com&amp;hl=es&amp;feat=flashalbum&amp;RGB=0x000000&amp;feed=https%3A%2F%2Fpicasaweb.google.com%2Fdata%2Ffeed%2Fapi%2Fuser%2FFREDERICMISTRAL1974%2Falbumid%2F5880397095182313169%3Falt%3Drss%26kind%3Dphoto%26authkey%3DGv1sRgCOvSh7PmhMCkXQ%26hl%3Des\" src=\"https:\/\/picasaweb.google.com\/s\/c\/bin\/slideshow.swf\" type=\"application\/x-shockwave-flash\" \/><\/p>\n","protected":false},"excerpt":{"rendered":"<p>LA SETMANA CULTURAL AL CICLE INICIAL Els alumnes de Cicle Inicial durant la Setmana Cultural hem fet diverses activitats relacionades amb la descoberta i coneixement dels Serveis P\u00fablics que tenim a la nostra ciutat i tamb\u00e9 a Barcelona. La nostra proposta ha sigut: &#8211; Servei P\u00fablic de Parcs i Jardins : visita del Parc del [&hellip;]<\/p>\n","protected":false},"author":1,"featured_media":0,"comment_status":"open","ping_status":"open","sticky":false,"template":"","format":"standard","meta":{"_bbp_topic_count":0,"_bbp_reply_count":0,"_bbp_total_topic_count":0,"_bbp_total_reply_count":0,"_bbp_voice_count":0,"_bbp_anonymous_reply_count":0,"_bbp_topic_count_hidden":0,"_bbp_reply_count_hidden":0,"_bbp_forum_subforum_count":0,"site-sidebar-layout":"default","site-content-layout":"","ast-site-content-layout":"","site-content-style":"default","site-sidebar-style":"default","ast-global-header-display":"","ast-banner-title-visibility":"","ast-main-header-display":"","ast-hfb-above-header-display":"","ast-hfb-below-header-display":"","ast-hfb-mobile-header-display":"","site-post-title":"","ast-breadcrumbs-content":"","ast-featured-img":"","footer-sml-layout":"","theme-transparent-header-meta":"","adv-header-id-meta":"","stick-header-meta":"","header-above-stick-meta":"","header-main-stick-meta":"","header-below-stick-meta":"","astra-migrate-meta-layouts":"default","ast-page-background-enabled":"default","ast-page-background-meta":{"desktop":{"background-color":"var(--ast-global-color-4)","background-image":"","background-repeat":"repeat","background-position":"center center","background-size":"auto","background-attachment":"scroll","background-type":"","background-media":"","overlay-type":"","overlay-color":"","overlay-opacity":"","overlay-gradient":""},"tablet":{"background-color":"","background-image":"","background-repeat":"repeat","background-position":"center center","background-size":"auto","background-attachment":"scroll","background-type":"","background-media":"","overlay-type":"","overlay-color":"","overlay-opacity":"","overlay-gradient":""},"mobile":{"background-color":"","background-image":"","background-repeat":"repeat","background-position":"center center","background-size":"auto","background-attachment":"scroll","background-type":"","background-media":"","overlay-type":"","overlay-color":"","overlay-opacity":"","overlay-gradient":""}},"ast-content-background-meta":{"desktop":{"background-color":"var(--ast-global-color-5)","background-image":"","background-repeat":"repeat","background-position":"center center","background-size":"auto","background-attachment":"scroll","background-type":"","background-media":"","overlay-type":"","overlay-color":"","overlay-opacity":"","overlay-gradient":""},"tablet":{"background-color":"var(--ast-global-color-5)","background-image":"","background-repeat":"repeat","background-position":"center center","background-size":"auto","background-attachment":"scroll","background-type":"","background-media":"","overlay-type":"","overlay-color":"","overlay-opacity":"","overlay-gradient":""},"mobile":{"background-color":"var(--ast-global-color-5)","background-image":"","background-repeat":"repeat","background-position":"center center","background-size":"auto","background-attachment":"scroll","background-type":"","background-media":"","overlay-type":"","overlay-color":"","overlay-opacity":"","overlay-gradient":""}},"footnotes":""},"categories":[1],"tags":[64,67],"class_list":["post-776","post","type-post","status-publish","format-standard","hentry","category-general","tag-intraweb","tag-noticies"],"post_mailing_queue_ids":[],"_links":{"self":[{"href":"https:\/\/agora.xtec.cat\/escolafmistral\/wp-json\/wp\/v2\/posts\/776","targetHints":{"allow":["GET"]}}],"collection":[{"href":"https:\/\/agora.xtec.cat\/escolafmistral\/wp-json\/wp\/v2\/posts"}],"about":[{"href":"https:\/\/agora.xtec.cat\/escolafmistral\/wp-json\/wp\/v2\/types\/post"}],"author":[{"embeddable":true,"href":"https:\/\/agora.xtec.cat\/escolafmistral\/wp-json\/wp\/v2\/users\/1"}],"replies":[{"embeddable":true,"href":"https:\/\/agora.xtec.cat\/escolafmistral\/wp-json\/wp\/v2\/comments?post=776"}],"version-history":[{"count":0,"href":"https:\/\/agora.xtec.cat\/escolafmistral\/wp-json\/wp\/v2\/posts\/776\/revisions"}],"wp:attachment":[{"href":"https:\/\/agora.xtec.cat\/escolafmistral\/wp-json\/wp\/v2\/media?parent=776"}],"wp:term":[{"taxonomy":"category","embeddable":true,"href":"https:\/\/agora.xtec.cat\/escolafmistral\/wp-json\/wp\/v2\/categories?post=776"},{"taxonomy":"post_tag","embeddable":true,"href":"https:\/\/agora.xtec.cat\/escolafmistral\/wp-json\/wp\/v2\/tags?post=776"}],"curies":[{"name":"wp","href":"https:\/\/api.w.org\/{rel}","templated":true}]}}