{"id":771,"date":"2013-05-09T10:07:24","date_gmt":"2013-05-09T08:07:24","guid":{"rendered":"http:\/\/agora.xtec.cat\/escolafmistral\/general\/setmana-de-la-primavera-2013-cicle-mitja-i-superior\/"},"modified":"2013-05-09T10:07:24","modified_gmt":"2013-05-09T08:07:24","slug":"setmana-de-la-primavera-2013-cicle-mitja-i-superior","status":"publish","type":"post","link":"https:\/\/agora.xtec.cat\/escolafmistral\/general\/setmana-de-la-primavera-2013-cicle-mitja-i-superior\/","title":{"rendered":"SETMANA DE LA PRIMAVERA 2013 CICLE MITJA I SUPERIOR"},"content":{"rendered":"<p>TALLERS DE LA SETMANA DE PRIMAVERA<\/p>\n<\/p>\n<p>RECERCA SOBRE ELS SERVEIS<br \/>\nP\u00daBLICS<\/p>\n<\/p>\n<p>Un dels tallers que els<br \/>\nnois i noies de Cicle Mitj\u00e0 i Superior hem fet en aquesta Setmana de Primavera<br \/>\ndedicada als Serveis P\u00fablics ha consistit en un treball cooperatiu sobre els<br \/>\ndiferents sectors dels serveis p\u00fablics. Organitzats en grups de quatre hem<br \/>\nbuscat informaci\u00f3 sobre el sector que&nbsp;<br \/>\nens tocava treballar. Despr\u00e9s l\u2019hem sel\u00b7leccionat i&nbsp; l\u2019hem resumit per poder fer un mural.<\/p>\n<\/p>\n<p>CONSTRUIM AUTOBUSOS I<br \/>\nB\u00daSTIES<\/p>\n<\/p>\n<p>Ens hem divertit molt fent<br \/>\naquest taller. Som uns artistes!!!<\/p>\n<\/p>\n<p>FEM&nbsp; IMANTS I ENS DISFRESSEM<\/p>\n<\/p>\n<p> <span>Mireu qu\u00e8 xulos hem quedat amb les nostres disfresses dels serveis<br \/>\np\u00fablics i a m\u00e9s ara ja sabem a quin tel\u00e8fon hem de trucar en cas d\u2019emerg\u00e8ncia<\/span><\/p>\n<\/p>\n<p> <embed width=\"600\" height=\"400\" pluginspage=\"http:\/\/www.macromedia.com\/go\/getflashplayer\" flashvars=\"host=picasaweb.google.com&amp;hl=es&amp;feat=flashalbum&amp;RGB=0x000000&amp;feed=https%3A%2F%2Fpicasaweb.google.com%2Fdata%2Ffeed%2Fapi%2Fuser%2FFREDERICMISTRAL1974%2Falbumid%2F5875882210035745025%3Falt%3Drss%26kind%3Dphoto%26hl%3Des\" src=\"https:\/\/picasaweb.google.com\/s\/c\/bin\/slideshow.swf\" type=\"application\/x-shockwave-flash\" \/><\/p>\n","protected":false},"excerpt":{"rendered":"<p>TALLERS DE LA SETMANA DE PRIMAVERA RECERCA SOBRE ELS SERVEIS P\u00daBLICS Un dels tallers que els nois i noies de Cicle Mitj\u00e0 i Superior hem fet en aquesta Setmana de Primavera dedicada als Serveis P\u00fablics ha consistit en un treball cooperatiu sobre els diferents sectors dels serveis p\u00fablics. Organitzats en grups de quatre hem buscat [&hellip;]<\/p>\n","protected":false},"author":1,"featured_media":0,"comment_status":"open","ping_status":"open","sticky":false,"template":"","format":"standard","meta":{"_bbp_topic_count":0,"_bbp_reply_count":0,"_bbp_total_topic_count":0,"_bbp_total_reply_count":0,"_bbp_voice_count":0,"_bbp_anonymous_reply_count":0,"_bbp_topic_count_hidden":0,"_bbp_reply_count_hidden":0,"_bbp_forum_subforum_count":0,"site-sidebar-layout":"default","site-content-layout":"","ast-site-content-layout":"","site-content-style":"default","site-sidebar-style":"default","ast-global-header-display":"","ast-banner-title-visibility":"","ast-main-header-display":"","ast-hfb-above-header-display":"","ast-hfb-below-header-display":"","ast-hfb-mobile-header-display":"","site-post-title":"","ast-breadcrumbs-content":"","ast-featured-img":"","footer-sml-layout":"","theme-transparent-header-meta":"","adv-header-id-meta":"","stick-header-meta":"","header-above-stick-meta":"","header-main-stick-meta":"","header-below-stick-meta":"","astra-migrate-meta-layouts":"default","ast-page-background-enabled":"default","ast-page-background-meta":{"desktop":{"background-color":"var(--ast-global-color-4)","background-image":"","background-repeat":"repeat","background-position":"center center","background-size":"auto","background-attachment":"scroll","background-type":"","background-media":"","overlay-type":"","overlay-color":"","overlay-opacity":"","overlay-gradient":""},"tablet":{"background-color":"","background-image":"","background-repeat":"repeat","background-position":"center center","background-size":"auto","background-attachment":"scroll","background-type":"","background-media":"","overlay-type":"","overlay-color":"","overlay-opacity":"","overlay-gradient":""},"mobile":{"background-color":"","background-image":"","background-repeat":"repeat","background-position":"center center","background-size":"auto","background-attachment":"scroll","background-type":"","background-media":"","overlay-type":"","overlay-color":"","overlay-opacity":"","overlay-gradient":""}},"ast-content-background-meta":{"desktop":{"background-color":"var(--ast-global-color-5)","background-image":"","background-repeat":"repeat","background-position":"center center","background-size":"auto","background-attachment":"scroll","background-type":"","background-media":"","overlay-type":"","overlay-color":"","overlay-opacity":"","overlay-gradient":""},"tablet":{"background-color":"var(--ast-global-color-5)","background-image":"","background-repeat":"repeat","background-position":"center center","background-size":"auto","background-attachment":"scroll","background-type":"","background-media":"","overlay-type":"","overlay-color":"","overlay-opacity":"","overlay-gradient":""},"mobile":{"background-color":"var(--ast-global-color-5)","background-image":"","background-repeat":"repeat","background-position":"center center","background-size":"auto","background-attachment":"scroll","background-type":"","background-media":"","overlay-type":"","overlay-color":"","overlay-opacity":"","overlay-gradient":""}},"footnotes":""},"categories":[1],"tags":[64,67],"class_list":["post-771","post","type-post","status-publish","format-standard","hentry","category-general","tag-intraweb","tag-noticies"],"post_mailing_queue_ids":[],"_links":{"self":[{"href":"https:\/\/agora.xtec.cat\/escolafmistral\/wp-json\/wp\/v2\/posts\/771","targetHints":{"allow":["GET"]}}],"collection":[{"href":"https:\/\/agora.xtec.cat\/escolafmistral\/wp-json\/wp\/v2\/posts"}],"about":[{"href":"https:\/\/agora.xtec.cat\/escolafmistral\/wp-json\/wp\/v2\/types\/post"}],"author":[{"embeddable":true,"href":"https:\/\/agora.xtec.cat\/escolafmistral\/wp-json\/wp\/v2\/users\/1"}],"replies":[{"embeddable":true,"href":"https:\/\/agora.xtec.cat\/escolafmistral\/wp-json\/wp\/v2\/comments?post=771"}],"version-history":[{"count":0,"href":"https:\/\/agora.xtec.cat\/escolafmistral\/wp-json\/wp\/v2\/posts\/771\/revisions"}],"wp:attachment":[{"href":"https:\/\/agora.xtec.cat\/escolafmistral\/wp-json\/wp\/v2\/media?parent=771"}],"wp:term":[{"taxonomy":"category","embeddable":true,"href":"https:\/\/agora.xtec.cat\/escolafmistral\/wp-json\/wp\/v2\/categories?post=771"},{"taxonomy":"post_tag","embeddable":true,"href":"https:\/\/agora.xtec.cat\/escolafmistral\/wp-json\/wp\/v2\/tags?post=771"}],"curies":[{"name":"wp","href":"https:\/\/api.w.org\/{rel}","templated":true}]}}