{"id":767,"date":"2013-03-19T10:50:55","date_gmt":"2013-03-19T08:50:55","guid":{"rendered":"http:\/\/agora.xtec.cat\/escolafmistral\/general\/els-i-les-alumnes-de-6e-participen-en-una-xerrada-per-al-pas-a-linstitut\/"},"modified":"2013-03-19T10:50:55","modified_gmt":"2013-03-19T08:50:55","slug":"els-i-les-alumnes-de-6e-participen-en-una-xerrada-per-al-pas-a-linstitut","status":"publish","type":"post","link":"https:\/\/agora.xtec.cat\/escolafmistral\/general\/els-i-les-alumnes-de-6e-participen-en-una-xerrada-per-al-pas-a-linstitut\/","title":{"rendered":"Els i les alumnes de 6\u00e8 participen en una xerrada per al pas a l&#8217;institut"},"content":{"rendered":"<\/p>\n<p> <span style=\"text-align: justify; \">El passat dia 7 de mar\u00e7 els alumnes de 6\u00e8 van participar en una xerrada a la seva classe on se&#8217;ls va informar de diversos aspectes importants a tenir en compte en el pas a l&#8217;institut.<\/span><\/p>\n<p style=\"margin: 0px; text-align: justify; min-height: 23px; \"><\/p>\n<p style=\"margin: 0px; text-align: justify; \">Fa una setmana, el passat dia 7 de mar\u00e7, va venir la Teresa, psicopedagoga de&nbsp;l&#8217;Hospitalet. Els nens i nenes de 6e van estar molt atents a les explicacions que&nbsp;va donar sobre el pas de prim\u00e0ria a secundaria. Despr\u00e9s dunes quantes explicacions com el funcionament del institut a la matricula . Els nois i noies van poder fer preguntes a la Teresa, va resoldre els seus dubtes. Van estar de 9:00 a 10:00. La seva tutora , la Monse va estar amb ells en tot moment.<\/p>\n<p>Tom\u00e1s i Ana&nbsp;<\/p>\n<p><img decoding=\"async\" <img decoding=\"async\" src=\"http:\/\/agora.xtec.cat\/escolafmistral\/wp-content\/uploads\/usu688\/2016\/10\/32.jpg\" \/><\/p>\n<p style=\"margin: 0px; text-align: justify; font-size: 15px; \">A continuaci\u00f3 reprodu\u00efm una entrevista que vam poder realitzar tant a la Teresa com a l&#8217;Anna Nicole, una alumna de 6\u00e8<\/p>\n<p style=\"margin: 0px; text-align: justify; font-size: 18px; min-height: 23px; \"><\/p>\n<p style=\"margin: 0px; text-align: justify; font-size: 15px; \">Com es diu? <\/p>\n<p style=\"margin: 0px; text-align: justify; font-size: 15px; \">Hem dic Teresa.<\/p>\n<p style=\"margin: 0px; text-align: justify; font-size: 18px; min-height: 23px; \"><\/p>\n<p style=\"margin: 0px; text-align: justify; font-size: 15px; \">Que ha vingut a fer?<\/p>\n<p style=\"margin: 0px; text-align: justify; font-size: 15px; \">He vingut a explicar coses noves sobre el institut.<\/p>\n<p style=\"margin: 0px; text-align: justify; font-size: 18px; min-height: 23px; \"><\/p>\n<p style=\"margin: 0px; text-align: justify; font-size: 15px; \">Quins instituts has visitat? <\/p>\n<p style=\"margin: 0px; text-align: justify; font-size: 15px; \">He visitat el Copen, el Santa Eul\u00e0lia, Bisbe Berenguer &#8230; i molts m\u00e9s.<\/p>\n<p style=\"margin: 0px; text-align: justify; font-size: 18px; min-height: 23px; \"><\/p>\n<p style=\"margin: 0px; text-align: justify; font-size: 15px; \">I aqu\u00ed l&#8217;altra entrevista:<\/p>\n<p style=\"margin: 0px; text-align: justify; font-size: 18px; min-height: 23px; \"><\/p>\n<p style=\"margin: 0px; text-align: justify; font-size: 15px; \">&#8211; T&#8217;ha agradat que vingu\u00e9s aquesta senyora? Per qu\u00e8?<\/p>\n<p style=\"margin: 0px; text-align: justify; font-size: 15px; \">&#8211; Si, perqu\u00e8 ens ha ajudat a resoldre dubtes sobre l&#8217;institut.<\/p>\n<p style=\"margin: 0px; text-align: justify; font-size: 18px; min-height: 23px; \"><\/p>\n<p style=\"margin: 0px; text-align: justify; font-size: 15px; \">Als reporters ens ha agradat molt fer aquestes entrevistes i pensem que aquesta xerrada ha estat molt interessant.<\/p>\n<p style=\"margin: 0px; text-align: justify; font-size: 18px; min-height: 23px; \">\n<p><img decoding=\"async\" <img decoding=\"async\" src=\"http:\/\/agora.xtec.cat\/escolafmistral\/wp-content\/uploads\/usu688\/2016\/10\/31.jpg\" \/><\/p>\n<p><img decoding=\"async\" <img decoding=\"async\" src=\"http:\/\/agora.xtec.cat\/escolafmistral\/wp-content\/uploads\/usu688\/2016\/10\/33.jpg\" \/> <\/p>\n","protected":false},"excerpt":{"rendered":"<p>El passat dia 7 de mar\u00e7 els alumnes de 6\u00e8 van participar en una xerrada a la seva classe on se&#8217;ls va informar de diversos aspectes importants a tenir en compte en el pas a l&#8217;institut. Fa una setmana, el passat dia 7 de mar\u00e7, va venir la Teresa, psicopedagoga de&nbsp;l&#8217;Hospitalet. Els nens i nenes [&hellip;]<\/p>\n","protected":false},"author":1,"featured_media":0,"comment_status":"open","ping_status":"open","sticky":false,"template":"","format":"standard","meta":{"_bbp_topic_count":0,"_bbp_reply_count":0,"_bbp_total_topic_count":0,"_bbp_total_reply_count":0,"_bbp_voice_count":0,"_bbp_anonymous_reply_count":0,"_bbp_topic_count_hidden":0,"_bbp_reply_count_hidden":0,"_bbp_forum_subforum_count":0,"site-sidebar-layout":"default","site-content-layout":"","ast-site-content-layout":"","site-content-style":"default","site-sidebar-style":"default","ast-global-header-display":"","ast-banner-title-visibility":"","ast-main-header-display":"","ast-hfb-above-header-display":"","ast-hfb-below-header-display":"","ast-hfb-mobile-header-display":"","site-post-title":"","ast-breadcrumbs-content":"","ast-featured-img":"","footer-sml-layout":"","theme-transparent-header-meta":"","adv-header-id-meta":"","stick-header-meta":"","header-above-stick-meta":"","header-main-stick-meta":"","header-below-stick-meta":"","astra-migrate-meta-layouts":"default","ast-page-background-enabled":"default","ast-page-background-meta":{"desktop":{"background-color":"var(--ast-global-color-4)","background-image":"","background-repeat":"repeat","background-position":"center center","background-size":"auto","background-attachment":"scroll","background-type":"","background-media":"","overlay-type":"","overlay-color":"","overlay-opacity":"","overlay-gradient":""},"tablet":{"background-color":"","background-image":"","background-repeat":"repeat","background-position":"center center","background-size":"auto","background-attachment":"scroll","background-type":"","background-media":"","overlay-type":"","overlay-color":"","overlay-opacity":"","overlay-gradient":""},"mobile":{"background-color":"","background-image":"","background-repeat":"repeat","background-position":"center center","background-size":"auto","background-attachment":"scroll","background-type":"","background-media":"","overlay-type":"","overlay-color":"","overlay-opacity":"","overlay-gradient":""}},"ast-content-background-meta":{"desktop":{"background-color":"var(--ast-global-color-5)","background-image":"","background-repeat":"repeat","background-position":"center center","background-size":"auto","background-attachment":"scroll","background-type":"","background-media":"","overlay-type":"","overlay-color":"","overlay-opacity":"","overlay-gradient":""},"tablet":{"background-color":"var(--ast-global-color-5)","background-image":"","background-repeat":"repeat","background-position":"center center","background-size":"auto","background-attachment":"scroll","background-type":"","background-media":"","overlay-type":"","overlay-color":"","overlay-opacity":"","overlay-gradient":""},"mobile":{"background-color":"var(--ast-global-color-5)","background-image":"","background-repeat":"repeat","background-position":"center center","background-size":"auto","background-attachment":"scroll","background-type":"","background-media":"","overlay-type":"","overlay-color":"","overlay-opacity":"","overlay-gradient":""}},"footnotes":""},"categories":[1],"tags":[64,67],"class_list":["post-767","post","type-post","status-publish","format-standard","hentry","category-general","tag-intraweb","tag-noticies"],"post_mailing_queue_ids":[],"_links":{"self":[{"href":"https:\/\/agora.xtec.cat\/escolafmistral\/wp-json\/wp\/v2\/posts\/767","targetHints":{"allow":["GET"]}}],"collection":[{"href":"https:\/\/agora.xtec.cat\/escolafmistral\/wp-json\/wp\/v2\/posts"}],"about":[{"href":"https:\/\/agora.xtec.cat\/escolafmistral\/wp-json\/wp\/v2\/types\/post"}],"author":[{"embeddable":true,"href":"https:\/\/agora.xtec.cat\/escolafmistral\/wp-json\/wp\/v2\/users\/1"}],"replies":[{"embeddable":true,"href":"https:\/\/agora.xtec.cat\/escolafmistral\/wp-json\/wp\/v2\/comments?post=767"}],"version-history":[{"count":0,"href":"https:\/\/agora.xtec.cat\/escolafmistral\/wp-json\/wp\/v2\/posts\/767\/revisions"}],"wp:attachment":[{"href":"https:\/\/agora.xtec.cat\/escolafmistral\/wp-json\/wp\/v2\/media?parent=767"}],"wp:term":[{"taxonomy":"category","embeddable":true,"href":"https:\/\/agora.xtec.cat\/escolafmistral\/wp-json\/wp\/v2\/categories?post=767"},{"taxonomy":"post_tag","embeddable":true,"href":"https:\/\/agora.xtec.cat\/escolafmistral\/wp-json\/wp\/v2\/tags?post=767"}],"curies":[{"name":"wp","href":"https:\/\/api.w.org\/{rel}","templated":true}]}}