{"id":763,"date":"2013-03-19T10:43:25","date_gmt":"2013-03-19T08:43:25","guid":{"rendered":"http:\/\/agora.xtec.cat\/escolafmistral\/general\/la-guardia-urbana-al-cole\/"},"modified":"2013-03-19T10:43:25","modified_gmt":"2013-03-19T08:43:25","slug":"la-guardia-urbana-al-cole","status":"publish","type":"post","link":"https:\/\/agora.xtec.cat\/escolafmistral\/general\/la-guardia-urbana-al-cole\/","title":{"rendered":"La Guardia Urbana al Cole"},"content":{"rendered":"<p style=\"margin: 0px; font-size: 14px; font-family: Arial; \">La Guardia Urbana ve a l&#8217;escola:<\/p>\n<p style=\"margin: 0px; font-size: 14px; font-family: Arial; min-height: 16px; \"><\/p>\n<p style=\"margin: 0px; font-size: 14px; font-family: Arial; \">El passat dilluns dia 11 de febrer els nens i nenes de segon&nbsp; A&nbsp; van rebre la visita de la Guardia Urbana al pati&nbsp; de l&#8217;escola.Els van ensenyar seguretat vial.<\/p>\n<p style=\"margin: 0px; font-size: 14px; font-family: Arial; min-height: 16px; \"><\/p>\n<p style=\"margin: 0px; font-size: 14px; font-family: Arial; \">Els nens i nenes de segon A de l&#8217;escola Frederic Mistral de l&#8217;Hospitalet de Llobregat van rebre una visita el passat dia 11 de febrer.Despr\u00e9s de l&#8217;esbarjo escolar, de 11:30 fins a 12:30,dos policies del cos de la Guardia Urbana de l&#8217;Hospitalet del Llobregat van explicar seguretat vial. Van parlar de temes com com es creua un semafor,o com es surt d&#8217;un cotxe. Per cert, sempre s&#8217;ha de sortir per la dreta. Els policies van portar els nens i les nenes en la moto de policia amb sirena inclosa. Els van ficar un barret per no agafar polls i despres el casc.<\/p>\n<p style=\"margin: 0px; font-size: 14px; font-family: Arial; \">En la segona part de l&#8217;activitat tots els nens i nenes van poder pujar en moto per ordre. Fins i tot les mestres van poder pujar-hi.<\/p>\n<\/p>\n<p>Bianca i Enric&nbsp;<\/p>\n<p><img decoding=\"async\" <img decoding=\"async\" src=\"http:\/\/agora.xtec.cat\/escolafmistral\/wp-content\/uploads\/usu688\/2016\/10\/21.jpg\" \/> <\/p>\n<\/p>\n<p style=\"margin: 0px; font-size: 14px; font-family: Arial; \">Es va aprofitar la visita per a fer algunes entrevistes als nens i nenes de segon. Aix\u00f2 \u00e9s el que va respondre Raul:<\/p>\n<\/p>\n<p style=\"margin: 0px; font-size: 14px; font-family: Arial; \">&#8211; T&#8217;agradat pujar en moto?per qu\u00e8?<\/p>\n<p style=\"margin: 0px; font-size: 14px; font-family: Arial; \">&#8211; Si, perqu\u00e8 mai no havia pujat en moto<\/p>\n<p style=\"margin: 0px; font-size: 14px; font-family: Arial; \">&#8211; Creus que es important la seguretat vial?per qu\u00e9?<\/p>\n<p style=\"margin: 0px; font-size: 14px; font-family: Arial; \">&#8211; Si , perqu\u00e8 no hi hagi accidents<\/p>\n<p style=\"margin: 0px; font-size: 14px; font-family: Arial; min-height: 16px; \"><\/p>\n<p style=\"margin: 0px; font-size: 14px; font-family: Arial; \">Tamb\u00e9 ens van respondre algunes preguntes els dos policies:<\/p>\n<p style=\"margin: 0px; font-size: 14px; font-family: Arial; \">&#8211; Per qu\u00e8 heu vingut a l&#8217;escola?<\/p>\n<p style=\"margin: 0px; font-size: 14px; font-family: Arial; \">&#8211; Per a ensenyar els nens i nenes de segon seguretat vial<\/p>\n<p style=\"margin: 0px; font-size: 14px; font-family: Arial; \">&#8211; \u00c9s dif\u00edcil ser policia?<\/p>\n<p style=\"margin: 0px; font-size: 14px; font-family: Arial; \">&#8211; \u00c9s com tenir dos treballs. Per a ser policia has de tenir molta pr\u00e0ctica i anar a una escola de policia. Si aproves els examens ser\u00e0s policia. Si no els aproves&#8230; al carrer.<\/p>\n<p style=\"margin: 0px; font-size: 14px; font-family: Arial; min-height: 16px; \"><\/p>\n<p style=\"margin: 0px; font-size: 14px; font-family: Arial; min-height: 16px; \"><\/p>\n<p style=\"margin: 0px; font-size: 14px; font-family: Arial; \">Per les seves cares de alegria creiem que els va agradar molt<\/p>\n<p style=\"margin: 0px; font-size: 14px; font-family: Arial; min-height: 16px; \"><\/p>\n<p style=\"margin: 0px; font-size: 14px; font-family: Arial; \"> Els reporters tamb\u00e9 vam poder pujar en moto!! <\/p>\n<\/p>\n<div>\n<p>Bianca i Enric<\/p>\n<p><img decoding=\"async\" <img decoding=\"async\" src=\"http:\/\/agora.xtec.cat\/escolafmistral\/wp-content\/uploads\/usu688\/2016\/10\/22.jpg\" \/> <\/p>\n<p><img decoding=\"async\" <img decoding=\"async\" src=\"http:\/\/agora.xtec.cat\/escolafmistral\/wp-content\/uploads\/usu688\/2016\/10\/23.jpg\" \/> <\/p>\n<\/p><\/div>\n","protected":false},"excerpt":{"rendered":"<p>La Guardia Urbana ve a l&#8217;escola: El passat dilluns dia 11 de febrer els nens i nenes de segon&nbsp; A&nbsp; van rebre la visita de la Guardia Urbana al pati&nbsp; de l&#8217;escola.Els van ensenyar seguretat vial. Els nens i nenes de segon A de l&#8217;escola Frederic Mistral de l&#8217;Hospitalet de Llobregat van rebre una visita [&hellip;]<\/p>\n","protected":false},"author":1,"featured_media":0,"comment_status":"open","ping_status":"open","sticky":false,"template":"","format":"standard","meta":{"_bbp_topic_count":0,"_bbp_reply_count":0,"_bbp_total_topic_count":0,"_bbp_total_reply_count":0,"_bbp_voice_count":0,"_bbp_anonymous_reply_count":0,"_bbp_topic_count_hidden":0,"_bbp_reply_count_hidden":0,"_bbp_forum_subforum_count":0,"site-sidebar-layout":"default","site-content-layout":"","ast-site-content-layout":"","site-content-style":"default","site-sidebar-style":"default","ast-global-header-display":"","ast-banner-title-visibility":"","ast-main-header-display":"","ast-hfb-above-header-display":"","ast-hfb-below-header-display":"","ast-hfb-mobile-header-display":"","site-post-title":"","ast-breadcrumbs-content":"","ast-featured-img":"","footer-sml-layout":"","theme-transparent-header-meta":"","adv-header-id-meta":"","stick-header-meta":"","header-above-stick-meta":"","header-main-stick-meta":"","header-below-stick-meta":"","astra-migrate-meta-layouts":"default","ast-page-background-enabled":"default","ast-page-background-meta":{"desktop":{"background-color":"var(--ast-global-color-4)","background-image":"","background-repeat":"repeat","background-position":"center center","background-size":"auto","background-attachment":"scroll","background-type":"","background-media":"","overlay-type":"","overlay-color":"","overlay-opacity":"","overlay-gradient":""},"tablet":{"background-color":"","background-image":"","background-repeat":"repeat","background-position":"center center","background-size":"auto","background-attachment":"scroll","background-type":"","background-media":"","overlay-type":"","overlay-color":"","overlay-opacity":"","overlay-gradient":""},"mobile":{"background-color":"","background-image":"","background-repeat":"repeat","background-position":"center center","background-size":"auto","background-attachment":"scroll","background-type":"","background-media":"","overlay-type":"","overlay-color":"","overlay-opacity":"","overlay-gradient":""}},"ast-content-background-meta":{"desktop":{"background-color":"var(--ast-global-color-5)","background-image":"","background-repeat":"repeat","background-position":"center center","background-size":"auto","background-attachment":"scroll","background-type":"","background-media":"","overlay-type":"","overlay-color":"","overlay-opacity":"","overlay-gradient":""},"tablet":{"background-color":"var(--ast-global-color-5)","background-image":"","background-repeat":"repeat","background-position":"center center","background-size":"auto","background-attachment":"scroll","background-type":"","background-media":"","overlay-type":"","overlay-color":"","overlay-opacity":"","overlay-gradient":""},"mobile":{"background-color":"var(--ast-global-color-5)","background-image":"","background-repeat":"repeat","background-position":"center center","background-size":"auto","background-attachment":"scroll","background-type":"","background-media":"","overlay-type":"","overlay-color":"","overlay-opacity":"","overlay-gradient":""}},"footnotes":""},"categories":[1],"tags":[64,67],"class_list":["post-763","post","type-post","status-publish","format-standard","hentry","category-general","tag-intraweb","tag-noticies"],"post_mailing_queue_ids":[],"_links":{"self":[{"href":"https:\/\/agora.xtec.cat\/escolafmistral\/wp-json\/wp\/v2\/posts\/763","targetHints":{"allow":["GET"]}}],"collection":[{"href":"https:\/\/agora.xtec.cat\/escolafmistral\/wp-json\/wp\/v2\/posts"}],"about":[{"href":"https:\/\/agora.xtec.cat\/escolafmistral\/wp-json\/wp\/v2\/types\/post"}],"author":[{"embeddable":true,"href":"https:\/\/agora.xtec.cat\/escolafmistral\/wp-json\/wp\/v2\/users\/1"}],"replies":[{"embeddable":true,"href":"https:\/\/agora.xtec.cat\/escolafmistral\/wp-json\/wp\/v2\/comments?post=763"}],"version-history":[{"count":0,"href":"https:\/\/agora.xtec.cat\/escolafmistral\/wp-json\/wp\/v2\/posts\/763\/revisions"}],"wp:attachment":[{"href":"https:\/\/agora.xtec.cat\/escolafmistral\/wp-json\/wp\/v2\/media?parent=763"}],"wp:term":[{"taxonomy":"category","embeddable":true,"href":"https:\/\/agora.xtec.cat\/escolafmistral\/wp-json\/wp\/v2\/categories?post=763"},{"taxonomy":"post_tag","embeddable":true,"href":"https:\/\/agora.xtec.cat\/escolafmistral\/wp-json\/wp\/v2\/tags?post=763"}],"curies":[{"name":"wp","href":"https:\/\/api.w.org\/{rel}","templated":true}]}}