{"id":729,"date":"2013-01-28T13:26:01","date_gmt":"2013-01-28T11:26:01","guid":{"rendered":"http:\/\/agora.xtec.cat\/escolafmistral\/general\/nadal-al-cicle-inicial\/"},"modified":"2013-01-28T13:26:01","modified_gmt":"2013-01-28T11:26:01","slug":"nadal-al-cicle-inicial","status":"publish","type":"post","link":"https:\/\/agora.xtec.cat\/escolafmistral\/general\/nadal-al-cicle-inicial\/","title":{"rendered":"nadal al cicle inicial"},"content":{"rendered":"<p><embed width=\"600\" height=\"400\" pluginspage=\"http:\/\/www.macromedia.com\/go\/getflashplayer\" flashvars=\"host=picasaweb.google.com&amp;hl=es&amp;feat=flashalbum&amp;RGB=0x000000&amp;feed=https%3A%2F%2Fpicasaweb.google.com%2Fdata%2Ffeed%2Fapi%2Fuser%2F106892020574020232361%2Falbumid%2F5838469051234274737%3Falt%3Drss%26kind%3Dphoto%26hl%3Des\" src=\"https:\/\/picasaweb.google.com\/s\/c\/bin\/slideshow.swf\" type=\"application\/x-shockwave-flash\" \/> <\/p>\n<p style=\"text-align: justify; line-height: 150%;\"><span style=\"line-height: 150%;\">Els\/les alumnes de primer i segon hem<br \/>\ngaudit molt aquest Nadal. Durant setmanes hem estat preparant les can\u00e7ons i el<br \/>\npoema que van recitar el dia del concert. Est\u00e0vem entusiasmats amb les nostres<br \/>\ndisfresses de ren!!Aquest dia es vam sentir molt importants, cant\u00e0vem per les<br \/>\nnostres fam\u00edlies!!!<\/span><\/p>\n<p style=\"text-align: justify; line-height: 150%;\"><span style=\"line-height: 150%;\"> <\/span><\/p>\n<p style=\"text-align: justify; line-height: 150%;\"><span style=\"line-height: 150%;\">L\u2019\u00faltim dia, abans de comen\u00e7ar les<br \/>\nvacances, vam celebrar tots junts les festes. Vam fer l\u2019amic invisible i van<br \/>\nrebre els regals amb molta intriga i nerviosisme. Vam cagar el Ti\u00f3 i vam fer un<br \/>\nesmorzar nadalenc entre els nens i les nenes de primer i segon.<\/span><\/p>\n<p style=\"text-align: justify; line-height: 150%;\"><span style=\"line-height: 150%;\"> <\/span><\/p>\n<p style=\"text-align: justify; line-height: 150%;\"><span style=\"line-height: 150%;\">A la tornada de les vacances hem<br \/>\ntingut una sorpresa&#8230; els Reis Mags ens han portat regals!!! Vam rebre les<br \/>\nnostres cartes, quina il\u00b7lusi\u00f3.<\/span><\/p>\n<p style=\"text-align: justify; line-height: 150%;\"><span style=\"line-height: 150%;\">Ha estat un final i inici de<br \/>\ntrimestre molt profit\u00f3s.<\/span><\/p>\n<p style=\"text-align: justify; line-height: 150%;\"><span style=\"line-height: 150%;\">Us convidem a veure-hi les nostres<br \/>\nfotos.<\/span><\/p><\/p>\n","protected":false},"excerpt":{"rendered":"<p>Els\/les alumnes de primer i segon hem gaudit molt aquest Nadal. Durant setmanes hem estat preparant les can\u00e7ons i el poema que van recitar el dia del concert. Est\u00e0vem entusiasmats amb les nostres disfresses de ren!!Aquest dia es vam sentir molt importants, cant\u00e0vem per les nostres fam\u00edlies!!! L\u2019\u00faltim dia, abans de comen\u00e7ar les vacances, vam [&hellip;]<\/p>\n","protected":false},"author":1,"featured_media":0,"comment_status":"open","ping_status":"open","sticky":false,"template":"","format":"standard","meta":{"_bbp_topic_count":0,"_bbp_reply_count":0,"_bbp_total_topic_count":0,"_bbp_total_reply_count":0,"_bbp_voice_count":0,"_bbp_anonymous_reply_count":0,"_bbp_topic_count_hidden":0,"_bbp_reply_count_hidden":0,"_bbp_forum_subforum_count":0,"site-sidebar-layout":"default","site-content-layout":"","ast-site-content-layout":"","site-content-style":"default","site-sidebar-style":"default","ast-global-header-display":"","ast-banner-title-visibility":"","ast-main-header-display":"","ast-hfb-above-header-display":"","ast-hfb-below-header-display":"","ast-hfb-mobile-header-display":"","site-post-title":"","ast-breadcrumbs-content":"","ast-featured-img":"","footer-sml-layout":"","theme-transparent-header-meta":"","adv-header-id-meta":"","stick-header-meta":"","header-above-stick-meta":"","header-main-stick-meta":"","header-below-stick-meta":"","astra-migrate-meta-layouts":"default","ast-page-background-enabled":"default","ast-page-background-meta":{"desktop":{"background-color":"var(--ast-global-color-4)","background-image":"","background-repeat":"repeat","background-position":"center center","background-size":"auto","background-attachment":"scroll","background-type":"","background-media":"","overlay-type":"","overlay-color":"","overlay-opacity":"","overlay-gradient":""},"tablet":{"background-color":"","background-image":"","background-repeat":"repeat","background-position":"center center","background-size":"auto","background-attachment":"scroll","background-type":"","background-media":"","overlay-type":"","overlay-color":"","overlay-opacity":"","overlay-gradient":""},"mobile":{"background-color":"","background-image":"","background-repeat":"repeat","background-position":"center center","background-size":"auto","background-attachment":"scroll","background-type":"","background-media":"","overlay-type":"","overlay-color":"","overlay-opacity":"","overlay-gradient":""}},"ast-content-background-meta":{"desktop":{"background-color":"var(--ast-global-color-5)","background-image":"","background-repeat":"repeat","background-position":"center center","background-size":"auto","background-attachment":"scroll","background-type":"","background-media":"","overlay-type":"","overlay-color":"","overlay-opacity":"","overlay-gradient":""},"tablet":{"background-color":"var(--ast-global-color-5)","background-image":"","background-repeat":"repeat","background-position":"center center","background-size":"auto","background-attachment":"scroll","background-type":"","background-media":"","overlay-type":"","overlay-color":"","overlay-opacity":"","overlay-gradient":""},"mobile":{"background-color":"var(--ast-global-color-5)","background-image":"","background-repeat":"repeat","background-position":"center center","background-size":"auto","background-attachment":"scroll","background-type":"","background-media":"","overlay-type":"","overlay-color":"","overlay-opacity":"","overlay-gradient":""}},"footnotes":""},"categories":[1],"tags":[64,67],"class_list":["post-729","post","type-post","status-publish","format-standard","hentry","category-general","tag-intraweb","tag-noticies"],"post_mailing_queue_ids":[],"_links":{"self":[{"href":"https:\/\/agora.xtec.cat\/escolafmistral\/wp-json\/wp\/v2\/posts\/729","targetHints":{"allow":["GET"]}}],"collection":[{"href":"https:\/\/agora.xtec.cat\/escolafmistral\/wp-json\/wp\/v2\/posts"}],"about":[{"href":"https:\/\/agora.xtec.cat\/escolafmistral\/wp-json\/wp\/v2\/types\/post"}],"author":[{"embeddable":true,"href":"https:\/\/agora.xtec.cat\/escolafmistral\/wp-json\/wp\/v2\/users\/1"}],"replies":[{"embeddable":true,"href":"https:\/\/agora.xtec.cat\/escolafmistral\/wp-json\/wp\/v2\/comments?post=729"}],"version-history":[{"count":0,"href":"https:\/\/agora.xtec.cat\/escolafmistral\/wp-json\/wp\/v2\/posts\/729\/revisions"}],"wp:attachment":[{"href":"https:\/\/agora.xtec.cat\/escolafmistral\/wp-json\/wp\/v2\/media?parent=729"}],"wp:term":[{"taxonomy":"category","embeddable":true,"href":"https:\/\/agora.xtec.cat\/escolafmistral\/wp-json\/wp\/v2\/categories?post=729"},{"taxonomy":"post_tag","embeddable":true,"href":"https:\/\/agora.xtec.cat\/escolafmistral\/wp-json\/wp\/v2\/tags?post=729"}],"curies":[{"name":"wp","href":"https:\/\/api.w.org\/{rel}","templated":true}]}}