{"id":723,"date":"2012-12-17T13:01:53","date_gmt":"2012-12-17T11:01:53","guid":{"rendered":"http:\/\/agora.xtec.cat\/escolafmistral\/general\/lescola-frederic-mistral-simplica-amb-la-marato\/"},"modified":"2012-12-17T13:01:53","modified_gmt":"2012-12-17T11:01:53","slug":"lescola-frederic-mistral-simplica-amb-la-marato","status":"publish","type":"post","link":"https:\/\/agora.xtec.cat\/escolafmistral\/general\/lescola-frederic-mistral-simplica-amb-la-marato\/","title":{"rendered":"L\u2019ESCOLA FREDERIC MISTRAL S\u2019IMPLICA  AMB LA MARAT\u00d3"},"content":{"rendered":"<h2 style=\"line-height: 21pt; background: none repeat scroll 0% 0% white; vertical-align: middle;\"><span style=\"letter-spacing: -0.25pt;\">Un proverbi<br \/>\nafric\u00e0 diu: &quot;Molta gent petita, en llocs petits, fent petites coses, pot<br \/>\ncanviar el m\u00f3n&quot;<\/span><\/h2>\n<p>Aquest \u00e9s el lema del projecte Implica\u2019t, on diferents<br \/>\npersones vinculades al m\u00f3n de l\u2019educaci\u00f3 han elaborat <span style=\"letter-spacing: -0.25pt;\">un ampli ventall de&nbsp;&nbsp;materials, tant de<br \/>\ndifusi\u00f3 i sensibilitzaci\u00f3 com d\u2019ajuda a la Marat\u00f3 de TV3. \u00c9s un projecte adre\u00e7at a tots els<br \/>\ncentres educatius de Catalunya i&nbsp; <\/span>que t\u00e9<br \/>\ncom a objectiu fonamental treballar la solidaritat a les aules.<span style=\"letter-spacing: -0.25pt;\"> <\/span><span style=\"letter-spacing: -0.25pt;\">A la nostra l\u2019escola des del cicle<br \/>\ninicial hem volgut participar d\u2019aquest projecte i hem realitzat amb els nostres<br \/>\nalumnes algunes de les activitats proposades com el conte \u201cEl pont de Vilaneu\u201d<br \/>\nque desenvolupa el valor de la solidaritat i la col\u00b7laboraci\u00f3 entre les persones<br \/>\nper portar a terme un mateix objectiu.<\/span><\/p>\n<p><span style=\"letter-spacing: -0.25pt;\"> <\/span>D\u2019altra banda, amb un grup petit d\u2019alumnes,<br \/>\ntamb\u00e9 &nbsp;s\u2019ha realitzat l\u2019activitat<br \/>\n\u201cInventem hist\u00f2ries\u201d on amb una gran varietat d\u2019 imatges de personatges, de &nbsp;llocs i d\u2019objectes hem treballat l\u2019expressi\u00f3<br \/>\noral i escrita.<\/p>\n<p>Felicitem a l\u2019A.M.P.A. de la nostra escola per engrescar-se<br \/>\na organitzar una jornada solid\u00e0ria i col\u00b7laborar el diumenge 16 de desembre amb<br \/>\nla Marat\u00f3.<\/p>\n<p><img decoding=\"async\" <img decoding=\"async\" src=\"http:\/\/agora.xtec.cat\/escolafmistral\/wp-content\/uploads\/usu688\/2016\/10\/inicial.jpg\" \/> <\/p>\n<\/p>\n<p><img decoding=\"async\" <img decoding=\"async\" src=\"http:\/\/agora.xtec.cat\/escolafmistral\/wp-content\/uploads\/usu688\/2016\/10\/Ini.jpg\" \/><\/p>\n<\/p>\n<\/p>\n<p><img decoding=\"async\" <img decoding=\"async\" src=\"http:\/\/agora.xtec.cat\/escolafmistral\/wp-content\/uploads\/usu688\/2016\/10\/Ini_1.jpg\" \/><\/p>\n<p><img decoding=\"async\" <img decoding=\"async\" src=\"http:\/\/agora.xtec.cat\/escolafmistral\/wp-content\/uploads\/usu688\/2016\/10\/Ini_2.jpg\" \/><\/p>\n<\/p>\n<p><img decoding=\"async\" <img decoding=\"async\" src=\"http:\/\/agora.xtec.cat\/escolafmistral\/wp-content\/uploads\/usu688\/2016\/10\/Ini_4.jpg\" \/><\/p>\n<p><img decoding=\"async\" <img decoding=\"async\" src=\"http:\/\/agora.xtec.cat\/escolafmistral\/wp-content\/uploads\/usu688\/2016\/10\/Ini_5.jpg\" \/><img decoding=\"async\" <img decoding=\"async\" src=\"http:\/\/agora.xtec.cat\/escolafmistral\/wp-content\/uploads\/usu688\/2016\/10\/Ini_5.jpg\" \/><img decoding=\"async\" <img decoding=\"async\" src=\"http:\/\/agora.xtec.cat\/escolafmistral\/wp-content\/uploads\/usu688\/2016\/10\/Ini_5.jpg\" \/><\/p>\n<\/p>\n<p> <\/p><\/p>\n","protected":false},"excerpt":{"rendered":"<p>Un proverbi afric\u00e0 diu: &quot;Molta gent petita, en llocs petits, fent petites coses, pot canviar el m\u00f3n&quot; Aquest \u00e9s el lema del projecte Implica\u2019t, on diferents persones vinculades al m\u00f3n de l\u2019educaci\u00f3 han elaborat un ampli ventall de&nbsp;&nbsp;materials, tant de difusi\u00f3 i sensibilitzaci\u00f3 com d\u2019ajuda a la Marat\u00f3 de TV3. \u00c9s un projecte adre\u00e7at a [&hellip;]<\/p>\n","protected":false},"author":1,"featured_media":0,"comment_status":"open","ping_status":"open","sticky":false,"template":"","format":"standard","meta":{"_bbp_topic_count":0,"_bbp_reply_count":0,"_bbp_total_topic_count":0,"_bbp_total_reply_count":0,"_bbp_voice_count":0,"_bbp_anonymous_reply_count":0,"_bbp_topic_count_hidden":0,"_bbp_reply_count_hidden":0,"_bbp_forum_subforum_count":0,"site-sidebar-layout":"default","site-content-layout":"","ast-site-content-layout":"","site-content-style":"default","site-sidebar-style":"default","ast-global-header-display":"","ast-banner-title-visibility":"","ast-main-header-display":"","ast-hfb-above-header-display":"","ast-hfb-below-header-display":"","ast-hfb-mobile-header-display":"","site-post-title":"","ast-breadcrumbs-content":"","ast-featured-img":"","footer-sml-layout":"","theme-transparent-header-meta":"","adv-header-id-meta":"","stick-header-meta":"","header-above-stick-meta":"","header-main-stick-meta":"","header-below-stick-meta":"","astra-migrate-meta-layouts":"default","ast-page-background-enabled":"default","ast-page-background-meta":{"desktop":{"background-color":"var(--ast-global-color-4)","background-image":"","background-repeat":"repeat","background-position":"center center","background-size":"auto","background-attachment":"scroll","background-type":"","background-media":"","overlay-type":"","overlay-color":"","overlay-opacity":"","overlay-gradient":""},"tablet":{"background-color":"","background-image":"","background-repeat":"repeat","background-position":"center center","background-size":"auto","background-attachment":"scroll","background-type":"","background-media":"","overlay-type":"","overlay-color":"","overlay-opacity":"","overlay-gradient":""},"mobile":{"background-color":"","background-image":"","background-repeat":"repeat","background-position":"center center","background-size":"auto","background-attachment":"scroll","background-type":"","background-media":"","overlay-type":"","overlay-color":"","overlay-opacity":"","overlay-gradient":""}},"ast-content-background-meta":{"desktop":{"background-color":"var(--ast-global-color-5)","background-image":"","background-repeat":"repeat","background-position":"center center","background-size":"auto","background-attachment":"scroll","background-type":"","background-media":"","overlay-type":"","overlay-color":"","overlay-opacity":"","overlay-gradient":""},"tablet":{"background-color":"var(--ast-global-color-5)","background-image":"","background-repeat":"repeat","background-position":"center center","background-size":"auto","background-attachment":"scroll","background-type":"","background-media":"","overlay-type":"","overlay-color":"","overlay-opacity":"","overlay-gradient":""},"mobile":{"background-color":"var(--ast-global-color-5)","background-image":"","background-repeat":"repeat","background-position":"center center","background-size":"auto","background-attachment":"scroll","background-type":"","background-media":"","overlay-type":"","overlay-color":"","overlay-opacity":"","overlay-gradient":""}},"footnotes":""},"categories":[1],"tags":[64,67],"class_list":["post-723","post","type-post","status-publish","format-standard","hentry","category-general","tag-intraweb","tag-noticies"],"post_mailing_queue_ids":[],"_links":{"self":[{"href":"https:\/\/agora.xtec.cat\/escolafmistral\/wp-json\/wp\/v2\/posts\/723","targetHints":{"allow":["GET"]}}],"collection":[{"href":"https:\/\/agora.xtec.cat\/escolafmistral\/wp-json\/wp\/v2\/posts"}],"about":[{"href":"https:\/\/agora.xtec.cat\/escolafmistral\/wp-json\/wp\/v2\/types\/post"}],"author":[{"embeddable":true,"href":"https:\/\/agora.xtec.cat\/escolafmistral\/wp-json\/wp\/v2\/users\/1"}],"replies":[{"embeddable":true,"href":"https:\/\/agora.xtec.cat\/escolafmistral\/wp-json\/wp\/v2\/comments?post=723"}],"version-history":[{"count":0,"href":"https:\/\/agora.xtec.cat\/escolafmistral\/wp-json\/wp\/v2\/posts\/723\/revisions"}],"wp:attachment":[{"href":"https:\/\/agora.xtec.cat\/escolafmistral\/wp-json\/wp\/v2\/media?parent=723"}],"wp:term":[{"taxonomy":"category","embeddable":true,"href":"https:\/\/agora.xtec.cat\/escolafmistral\/wp-json\/wp\/v2\/categories?post=723"},{"taxonomy":"post_tag","embeddable":true,"href":"https:\/\/agora.xtec.cat\/escolafmistral\/wp-json\/wp\/v2\/tags?post=723"}],"curies":[{"name":"wp","href":"https:\/\/api.w.org\/{rel}","templated":true}]}}