{"id":714,"date":"2012-11-26T13:15:59","date_gmt":"2012-11-26T11:15:59","guid":{"rendered":"http:\/\/agora.xtec.cat\/escolafmistral\/general\/la-tardor-al-cicle-inicial\/"},"modified":"2012-11-26T13:15:59","modified_gmt":"2012-11-26T11:15:59","slug":"la-tardor-al-cicle-inicial","status":"publish","type":"post","link":"https:\/\/agora.xtec.cat\/escolafmistral\/general\/la-tardor-al-cicle-inicial\/","title":{"rendered":"La tardor al Cicle Inicial"},"content":{"rendered":"<\/p>\n<p align=\"CENTER\" style=\"margin-bottom: 0cm;\"><strong>La<br \/>\ntardor al Cicle Inicial.<\/strong><\/p>\n<p align=\"CENTER\" style=\"margin-bottom: 0cm;\"> <\/p>\n<p style=\"margin-bottom: 0cm;\">Els alumnes del Cicle Inicial hem<br \/>\ntreballat la tardor des de diversos vessants, per tal d&#8217;aprendre<br \/>\naspectes d&#8217;aquesta \u00e8poca de l&#8217;any i gaudir-ne fen-t&#8217;ho.<\/p>\n<p style=\"margin-bottom: 0cm;\"> <\/p>\n<p style=\"margin-bottom: 0cm;\">Per comen\u00e7ar, hem descobert quins s\u00f3n<br \/>\nels colors de la natura i hem realitzat activitats pl\u00e0stiques.<br \/>\nSab\u00edeu que si feu una bola de paper de diari i en un full pinteu amb<br \/>\nceres, podeu difuminar els colors i que es barregin passant per sobre<br \/>\ndel que heu pintat amb aquesta bola? Cal fregar amb energia i m\u00e9s<br \/>\nd&#8217;una vegada. El resultat \u00e9s for\u00e7a bonic si utilitzeu aquesta<br \/>\nt\u00e8cnica.<\/p>\n<p style=\"margin-bottom: 0cm;\"> <\/p>\n<p style=\"margin-bottom: 0cm;\">Un altre dia, hem fet una sortida al<br \/>\nMercat de Santa Eul\u00e0lia. All\u00e0 hem observat com les parades de<br \/>\nfruites estan plenes de fruits de la tardor. Hem comprat magranes,<br \/>\ncaquis, mandarines, castanyes, ra\u00efm, xirimoies, una carbassa,<br \/>\npanses, figues, anacards, festucs i un moniato per a plantar a cada<br \/>\naula. Amb tot comprat&#8230; \u201ccap a l&#8217;escola hi falta gent!\u201d No ens<br \/>\nho hem repensat dues vegades i hem preparat un berenar molt nutritiu<br \/>\nper tastar-ho tot plegats i plegades.\n<\/p>\n<p style=\"margin-bottom: 0cm;\"> <\/p>\n<p style=\"margin-bottom: 0cm;\">La Castanyada ha estat part d&#8217;aquestes<br \/>\nactivitats i ens hem divertit molt amb la visita d&#8217;unes genu\u00efnes<br \/>\nCastanyeres, que ens van deixar una cistella de castanyes calentones<br \/>\ni acabadetes de torrar&#8230; \u201cuuuummm\u201d&#8230; delicioses!! (Gr\u00e0cies,<br \/>\nCastanyeres, per venir-nos a veure i portar-nos-les).<\/p>\n<p style=\"margin-bottom: 0cm;\"> <\/p>\n<p style=\"margin-bottom: 0cm;\">Per acabar aquesta coneixen\u00e7a, hem<br \/>\nanat a Llinars del Vall\u00e8s. All\u00e0 hem vist tots els colors que hem<br \/>\ntreballat a la realitat del bosc. A m\u00e9s hem collit bolets, pinyes,<br \/>\nfulles seques i  castanyes.<\/p>\n<p style=\"margin-bottom: 0cm;\"> <\/p>\n<p style=\"margin-bottom: 0cm;\">Tot plegat &#8230; ha estat un proc\u00e9s<br \/>\nd&#8217;entrada a aquesta \u00e8poca de l&#8217;any for\u00e7a entretingut.<\/p>\n<p style=\"margin-bottom: 0cm;\">Us convidem a veure-hi les fotos a la<br \/>\np\u00e0gina web de l&#8217;escola.<\/p>\n<\/p>\n<p><embed width=\"600\" height=\"400\" pluginspage=\"http:\/\/www.macromedia.com\/go\/getflashplayer\" flashvars=\"host=picasaweb.google.com&amp;hl=es&amp;feat=flashalbum&amp;RGB=0x000000&amp;feed=https%3A%2F%2Fpicasaweb.google.com%2Fdata%2Ffeed%2Fapi%2Fuser%2F106892020574020232361%2Falbumid%2F5815090682481314353%3Falt%3Drss%26kind%3Dphoto%26authkey%3DGv1sRgCKT_hYaPm-jYJg%26hl%3Des\" src=\"https:\/\/picasaweb.google.com\/s\/c\/bin\/slideshow.swf\" type=\"application\/x-shockwave-flash\" \/> <\/p>\n<p><\/p>\n","protected":false},"excerpt":{"rendered":"<p>La tardor al Cicle Inicial. Els alumnes del Cicle Inicial hem treballat la tardor des de diversos vessants, per tal d&#8217;aprendre aspectes d&#8217;aquesta \u00e8poca de l&#8217;any i gaudir-ne fen-t&#8217;ho. Per comen\u00e7ar, hem descobert quins s\u00f3n els colors de la natura i hem realitzat activitats pl\u00e0stiques. Sab\u00edeu que si feu una bola de paper de diari [&hellip;]<\/p>\n","protected":false},"author":1,"featured_media":0,"comment_status":"open","ping_status":"open","sticky":false,"template":"","format":"standard","meta":{"_bbp_topic_count":0,"_bbp_reply_count":0,"_bbp_total_topic_count":0,"_bbp_total_reply_count":0,"_bbp_voice_count":0,"_bbp_anonymous_reply_count":0,"_bbp_topic_count_hidden":0,"_bbp_reply_count_hidden":0,"_bbp_forum_subforum_count":0,"site-sidebar-layout":"default","site-content-layout":"","ast-site-content-layout":"","site-content-style":"default","site-sidebar-style":"default","ast-global-header-display":"","ast-banner-title-visibility":"","ast-main-header-display":"","ast-hfb-above-header-display":"","ast-hfb-below-header-display":"","ast-hfb-mobile-header-display":"","site-post-title":"","ast-breadcrumbs-content":"","ast-featured-img":"","footer-sml-layout":"","theme-transparent-header-meta":"","adv-header-id-meta":"","stick-header-meta":"","header-above-stick-meta":"","header-main-stick-meta":"","header-below-stick-meta":"","astra-migrate-meta-layouts":"default","ast-page-background-enabled":"default","ast-page-background-meta":{"desktop":{"background-color":"var(--ast-global-color-4)","background-image":"","background-repeat":"repeat","background-position":"center center","background-size":"auto","background-attachment":"scroll","background-type":"","background-media":"","overlay-type":"","overlay-color":"","overlay-opacity":"","overlay-gradient":""},"tablet":{"background-color":"","background-image":"","background-repeat":"repeat","background-position":"center center","background-size":"auto","background-attachment":"scroll","background-type":"","background-media":"","overlay-type":"","overlay-color":"","overlay-opacity":"","overlay-gradient":""},"mobile":{"background-color":"","background-image":"","background-repeat":"repeat","background-position":"center center","background-size":"auto","background-attachment":"scroll","background-type":"","background-media":"","overlay-type":"","overlay-color":"","overlay-opacity":"","overlay-gradient":""}},"ast-content-background-meta":{"desktop":{"background-color":"var(--ast-global-color-5)","background-image":"","background-repeat":"repeat","background-position":"center center","background-size":"auto","background-attachment":"scroll","background-type":"","background-media":"","overlay-type":"","overlay-color":"","overlay-opacity":"","overlay-gradient":""},"tablet":{"background-color":"var(--ast-global-color-5)","background-image":"","background-repeat":"repeat","background-position":"center center","background-size":"auto","background-attachment":"scroll","background-type":"","background-media":"","overlay-type":"","overlay-color":"","overlay-opacity":"","overlay-gradient":""},"mobile":{"background-color":"var(--ast-global-color-5)","background-image":"","background-repeat":"repeat","background-position":"center center","background-size":"auto","background-attachment":"scroll","background-type":"","background-media":"","overlay-type":"","overlay-color":"","overlay-opacity":"","overlay-gradient":""}},"footnotes":""},"categories":[1],"tags":[64,67],"class_list":["post-714","post","type-post","status-publish","format-standard","hentry","category-general","tag-intraweb","tag-noticies"],"post_mailing_queue_ids":[],"_links":{"self":[{"href":"https:\/\/agora.xtec.cat\/escolafmistral\/wp-json\/wp\/v2\/posts\/714","targetHints":{"allow":["GET"]}}],"collection":[{"href":"https:\/\/agora.xtec.cat\/escolafmistral\/wp-json\/wp\/v2\/posts"}],"about":[{"href":"https:\/\/agora.xtec.cat\/escolafmistral\/wp-json\/wp\/v2\/types\/post"}],"author":[{"embeddable":true,"href":"https:\/\/agora.xtec.cat\/escolafmistral\/wp-json\/wp\/v2\/users\/1"}],"replies":[{"embeddable":true,"href":"https:\/\/agora.xtec.cat\/escolafmistral\/wp-json\/wp\/v2\/comments?post=714"}],"version-history":[{"count":0,"href":"https:\/\/agora.xtec.cat\/escolafmistral\/wp-json\/wp\/v2\/posts\/714\/revisions"}],"wp:attachment":[{"href":"https:\/\/agora.xtec.cat\/escolafmistral\/wp-json\/wp\/v2\/media?parent=714"}],"wp:term":[{"taxonomy":"category","embeddable":true,"href":"https:\/\/agora.xtec.cat\/escolafmistral\/wp-json\/wp\/v2\/categories?post=714"},{"taxonomy":"post_tag","embeddable":true,"href":"https:\/\/agora.xtec.cat\/escolafmistral\/wp-json\/wp\/v2\/tags?post=714"}],"curies":[{"name":"wp","href":"https:\/\/api.w.org\/{rel}","templated":true}]}}