{"id":7100,"date":"2018-02-02T17:00:14","date_gmt":"2018-02-02T16:00:14","guid":{"rendered":"http:\/\/agora.xtec.cat\/escolafmistral\/?p=7100"},"modified":"2018-02-02T00:16:58","modified_gmt":"2018-02-01T23:16:58","slug":"ja-ha-arribat-carnaval","status":"publish","type":"post","link":"https:\/\/agora.xtec.cat\/escolafmistral\/general\/ja-ha-arribat-carnaval\/","title":{"rendered":"EL CARNAVAL i LES CONSIGNES JA S\u00d3N AQU\u00cd!"},"content":{"rendered":"<h4 style=\"text-align: center;\"><a href=\"http:\/\/agora.xtec.cat\/escolafmistral\/wp-content\/uploads\/usu688\/2018\/02\/carnaval-9.jpg\"><img loading=\"lazy\" decoding=\"async\" class=\"alignnone size-medium wp-image-7103\" src=\"http:\/\/agora.xtec.cat\/escolafmistral\/wp-content\/uploads\/usu688\/2018\/02\/carnaval-9-300x162.jpg\" alt=\"\" width=\"300\" height=\"162\" srcset=\"https:\/\/agora.xtec.cat\/escolafmistral\/wp-content\/uploads\/usu688\/2018\/02\/carnaval-9-300x162.jpg 300w, https:\/\/agora.xtec.cat\/escolafmistral\/wp-content\/uploads\/usu688\/2018\/02\/carnaval-9-768x415.jpg 768w, https:\/\/agora.xtec.cat\/escolafmistral\/wp-content\/uploads\/usu688\/2018\/02\/carnaval-9-1024x553.jpg 1024w, https:\/\/agora.xtec.cat\/escolafmistral\/wp-content\/uploads\/usu688\/2018\/02\/carnaval-9.jpg 1600w\" sizes=\"auto, (max-width: 300px) 100vw, 300px\" \/><\/a><\/h4>\n<h4 style=\"text-align: center;\"><em><strong>Benvolgudes i benvolguts, ja s\u00f3c aqu\u00ed!!!!!!<\/strong><\/em><\/h4>\n<h4 style=\"text-align: center;\"><em><strong>S\u00f3c la REINA CARNESTOLTES i tinc ganes de gresca i xerinol\u00b7la!!!<\/strong><\/em><\/h4>\n<h4 style=\"text-align: center;\"><em><strong>La setmana vinent \u00e9s especial i us vull anunciar el seg\u00fcent:<\/strong><\/em><\/h4>\n<p>&nbsp;<\/p>\n<h4 style=\"text-align: left;\"><span style=\"color: #ff0000;\"><em><strong><span style=\"text-decoration: underline;\">Dilluns<\/span> de hippies ens vestirem\u00a0<\/strong><\/em><\/span><span style=\"color: #ff0000;\"><em><strong>i als 60 retornarem.\u00a0<\/strong><\/em><\/span><\/h4>\n<p>&nbsp;<\/p>\n<h4 style=\"text-align: right;\"><span style=\"color: #00ff00;\"><em><strong><span style=\"text-decoration: underline;\">Dimarts<\/span> de rockers anirem\u00a0<\/strong><\/em><\/span><span style=\"color: #00ff00;\"><em><strong>i un gran concert organitzarem.<\/strong><\/em><\/span><\/h4>\n<h4 style=\"text-align: right;\"><span style=\"color: #00ff00;\"><em><strong>\u00a0<\/strong><\/em><\/span><\/h4>\n<h4 style=\"text-align: left;\"><span style=\"color: #3366ff;\"><em><strong><span style=\"text-decoration: underline;\">Dimecres<\/span> una mica cansats,\u00a0<\/strong><\/em><\/span><span style=\"color: #3366ff;\"><em><strong>veniu am el pijama, per si un cas.\u00a0<\/strong><\/em><\/span><\/h4>\n<p>&nbsp;<\/p>\n<h4 style=\"text-align: right;\"><span style=\"color: #ff6600;\"><em><strong><span style=\"text-decoration: underline;\">Dijous<\/span> per tenir l&#8217;escola multicolor,\u00a0<\/strong><\/em><\/span><span style=\"color: #ff6600;\"><em><strong>et vestir\u00e0s, de cap a peus, d&#8217;un sol color.<\/strong><\/em><\/span><\/h4>\n<h4 style=\"text-align: right;\"><\/h4>\n<h4 style=\"text-align: right;\"><span style=\"color: #ff6600;\"><em><strong>\u00a0<\/strong><\/em><\/span><\/h4>\n<h4><span style=\"color: #993366;\"><em><strong>El <span style=\"text-decoration: underline;\">divendres<\/span> a l&#8217;escola us disfressareu\u00a0<\/strong><\/em><\/span><em><strong><span style=\"color: #993366;\">i pels carrers del barri passejareu.<\/span>\u00a0<\/strong><\/em><\/h4>\n<p>&nbsp;<\/p>\n<h4 style=\"text-align: center;\"><em><strong>Us desitjo un Carnaval genial a totes i tots.\u00a0\u00a0<\/strong><\/em><\/h4>\n<h4 style=\"text-align: center;\"><em><strong>I no ho oblideu: Per Carnaval, tot s&#8217;hi val!<\/strong><\/em><\/h4>\n<p>&nbsp;<\/p>\n","protected":false},"excerpt":{"rendered":"<p>Benvolgudes i benvolguts, ja s\u00f3c aqu\u00ed!!!!!! S\u00f3c la REINA CARNESTOLTES i tinc ganes de gresca i xerinol\u00b7la!!! La setmana vinent \u00e9s especial i us vull anunciar el seg\u00fcent: &nbsp; Dilluns de hippies ens vestirem\u00a0i als 60 retornarem.\u00a0 &nbsp; Dimarts de rockers anirem\u00a0i un gran concert organitzarem. \u00a0 Dimecres una mica cansats,\u00a0veniu am el pijama, per [&hellip;]<\/p>\n","protected":false},"author":4,"featured_media":7103,"comment_status":"open","ping_status":"closed","sticky":false,"template":"","format":"standard","meta":{"_bbp_topic_count":0,"_bbp_reply_count":0,"_bbp_total_topic_count":0,"_bbp_total_reply_count":0,"_bbp_voice_count":0,"_bbp_anonymous_reply_count":0,"_bbp_topic_count_hidden":0,"_bbp_reply_count_hidden":0,"_bbp_forum_subforum_count":0,"site-sidebar-layout":"default","site-content-layout":"","ast-site-content-layout":"","site-content-style":"default","site-sidebar-style":"default","ast-global-header-display":"","ast-banner-title-visibility":"","ast-main-header-display":"","ast-hfb-above-header-display":"","ast-hfb-below-header-display":"","ast-hfb-mobile-header-display":"","site-post-title":"","ast-breadcrumbs-content":"","ast-featured-img":"","footer-sml-layout":"","theme-transparent-header-meta":"","adv-header-id-meta":"","stick-header-meta":"","header-above-stick-meta":"","header-main-stick-meta":"","header-below-stick-meta":"","astra-migrate-meta-layouts":"default","ast-page-background-enabled":"default","ast-page-background-meta":{"desktop":{"background-color":"var(--ast-global-color-4)","background-image":"","background-repeat":"repeat","background-position":"center center","background-size":"auto","background-attachment":"scroll","background-type":"","background-media":"","overlay-type":"","overlay-color":"","overlay-opacity":"","overlay-gradient":""},"tablet":{"background-color":"","background-image":"","background-repeat":"repeat","background-position":"center center","background-size":"auto","background-attachment":"scroll","background-type":"","background-media":"","overlay-type":"","overlay-color":"","overlay-opacity":"","overlay-gradient":""},"mobile":{"background-color":"","background-image":"","background-repeat":"repeat","background-position":"center center","background-size":"auto","background-attachment":"scroll","background-type":"","background-media":"","overlay-type":"","overlay-color":"","overlay-opacity":"","overlay-gradient":""}},"ast-content-background-meta":{"desktop":{"background-color":"var(--ast-global-color-5)","background-image":"","background-repeat":"repeat","background-position":"center center","background-size":"auto","background-attachment":"scroll","background-type":"","background-media":"","overlay-type":"","overlay-color":"","overlay-opacity":"","overlay-gradient":""},"tablet":{"background-color":"var(--ast-global-color-5)","background-image":"","background-repeat":"repeat","background-position":"center center","background-size":"auto","background-attachment":"scroll","background-type":"","background-media":"","overlay-type":"","overlay-color":"","overlay-opacity":"","overlay-gradient":""},"mobile":{"background-color":"var(--ast-global-color-5)","background-image":"","background-repeat":"repeat","background-position":"center center","background-size":"auto","background-attachment":"scroll","background-type":"","background-media":"","overlay-type":"","overlay-color":"","overlay-opacity":"","overlay-gradient":""}},"footnotes":""},"categories":[1,2,4,5],"tags":[],"class_list":["post-7100","post","type-post","status-publish","format-standard","has-post-thumbnail","hentry","category-general","category-infantil","category-portada","category-primaria"],"post_mailing_queue_ids":[],"_links":{"self":[{"href":"https:\/\/agora.xtec.cat\/escolafmistral\/wp-json\/wp\/v2\/posts\/7100","targetHints":{"allow":["GET"]}}],"collection":[{"href":"https:\/\/agora.xtec.cat\/escolafmistral\/wp-json\/wp\/v2\/posts"}],"about":[{"href":"https:\/\/agora.xtec.cat\/escolafmistral\/wp-json\/wp\/v2\/types\/post"}],"author":[{"embeddable":true,"href":"https:\/\/agora.xtec.cat\/escolafmistral\/wp-json\/wp\/v2\/users\/4"}],"replies":[{"embeddable":true,"href":"https:\/\/agora.xtec.cat\/escolafmistral\/wp-json\/wp\/v2\/comments?post=7100"}],"version-history":[{"count":3,"href":"https:\/\/agora.xtec.cat\/escolafmistral\/wp-json\/wp\/v2\/posts\/7100\/revisions"}],"predecessor-version":[{"id":7105,"href":"https:\/\/agora.xtec.cat\/escolafmistral\/wp-json\/wp\/v2\/posts\/7100\/revisions\/7105"}],"wp:featuredmedia":[{"embeddable":true,"href":"https:\/\/agora.xtec.cat\/escolafmistral\/wp-json\/wp\/v2\/media\/7103"}],"wp:attachment":[{"href":"https:\/\/agora.xtec.cat\/escolafmistral\/wp-json\/wp\/v2\/media?parent=7100"}],"wp:term":[{"taxonomy":"category","embeddable":true,"href":"https:\/\/agora.xtec.cat\/escolafmistral\/wp-json\/wp\/v2\/categories?post=7100"},{"taxonomy":"post_tag","embeddable":true,"href":"https:\/\/agora.xtec.cat\/escolafmistral\/wp-json\/wp\/v2\/tags?post=7100"}],"curies":[{"name":"wp","href":"https:\/\/api.w.org\/{rel}","templated":true}]}}