{"id":643,"date":"2012-05-16T21:37:12","date_gmt":"2012-05-16T19:37:12","guid":{"rendered":"http:\/\/agora.xtec.cat\/escolafmistral\/general\/participem-a-la-lliga-dels-llibres\/"},"modified":"2012-05-16T21:37:12","modified_gmt":"2012-05-16T19:37:12","slug":"participem-a-la-lliga-dels-llibres","status":"publish","type":"post","link":"https:\/\/agora.xtec.cat\/escolafmistral\/general\/participem-a-la-lliga-dels-llibres\/","title":{"rendered":"PARTICIPEM A LA LLIGA DELS LLIBRES"},"content":{"rendered":"<p><font face=\"verdana,arial,helvetica,sans-serif\">Dijous, dia 10 de maig els <strong><font color=\"#ff4c4c\">alumnes de 5\u00e8<\/font><\/strong> vam fer la <strong>primera eliminat\u00f2ria<\/strong> de la <strong>Lliga dels Llibres<\/strong>, a la Biblioteca de la Pla\u00e7a Europa. <\/font><\/p>\n<p><font face=\"verdana,arial,helvetica,sans-serif\">Per preparar-nos per a la Lliga ens hem hagut de llegir 15 llibres, perqu\u00e8 despr\u00e9s ens fan preguntes sobre ells.<br \/>\nMentre esper\u00e0vem que arribessin els nens i nenes de l&#8217;escola Ramon Muntaner, que eren qui jugaven amb nosaltres, la Neus ens va proposar uns jocs. <\/font><\/p>\n<p><font face=\"verdana,arial,helvetica,sans-serif\">Quan finalment van arribar vam anar a una sala molt gran i va comen\u00e7ar la competici\u00f3.<br \/>\nLa veritat \u00e9s que est\u00e0vem una mica nerviosos, perqu\u00e8 a mida que anaven fent-nos les preguntes, la cosa es posava m\u00e9s dif\u00edcil. Vam fallar-ne 5, per\u00f2, quan al final vam comptar les bales que ten\u00edem al pot, vam veure que hav\u00edem guanyat. Quina alegria!<br \/>\nAra hem de fer una segona eliminat\u00f2ria el proper divendres, dia 18. O sigui que continuem llegint amb moltes ganes per preparar-la b\u00e9.<\/font><\/p>\n<p align=\"center\"><img loading=\"lazy\" decoding=\"async\" width=\"556\" height=\"402\" <img loading=\"lazy\" decoding=\"async\" src=\"http:\/\/agora.xtec.cat\/escolafmistral\/wp-content\/uploads\/usu688\/2016\/10\/lliga_llibres_2012.jpg\"><\/p>\n<div align=\"left\"><\/div>\n<p><\/img><\/p>\n<p align=\"center\"><strong><font face=\"verdana,arial,helvetica,sans-serif\" style=\"verdana,arial,helvetica,sans-serif\" style=\"background-color: rgb(255, 255, 16);\"><a href=\"https:\/\/picasaweb.google.com\/ceipfredericmistral\/LLIGALLIBRES2012#slideshow\/5743216635362885394\" target=\"_blank\">VEURE M\u00c9S FOTOS<\/a><\/font><\/strong><\/p>\n","protected":false},"excerpt":{"rendered":"<p>Dijous, dia 10 de maig els alumnes de 5\u00e8 vam fer la primera eliminat\u00f2ria de la Lliga dels Llibres, a la Biblioteca de la Pla\u00e7a Europa. Per preparar-nos per a la Lliga ens hem hagut de llegir 15 llibres, perqu\u00e8 despr\u00e9s ens fan preguntes sobre ells. Mentre esper\u00e0vem que arribessin els nens i nenes de [&hellip;]<\/p>\n","protected":false},"author":1,"featured_media":0,"comment_status":"open","ping_status":"open","sticky":false,"template":"","format":"standard","meta":{"_bbp_topic_count":0,"_bbp_reply_count":0,"_bbp_total_topic_count":0,"_bbp_total_reply_count":0,"_bbp_voice_count":0,"_bbp_anonymous_reply_count":0,"_bbp_topic_count_hidden":0,"_bbp_reply_count_hidden":0,"_bbp_forum_subforum_count":0,"site-sidebar-layout":"default","site-content-layout":"","ast-site-content-layout":"","site-content-style":"default","site-sidebar-style":"default","ast-global-header-display":"","ast-banner-title-visibility":"","ast-main-header-display":"","ast-hfb-above-header-display":"","ast-hfb-below-header-display":"","ast-hfb-mobile-header-display":"","site-post-title":"","ast-breadcrumbs-content":"","ast-featured-img":"","footer-sml-layout":"","theme-transparent-header-meta":"","adv-header-id-meta":"","stick-header-meta":"","header-above-stick-meta":"","header-main-stick-meta":"","header-below-stick-meta":"","astra-migrate-meta-layouts":"default","ast-page-background-enabled":"default","ast-page-background-meta":{"desktop":{"background-color":"var(--ast-global-color-4)","background-image":"","background-repeat":"repeat","background-position":"center center","background-size":"auto","background-attachment":"scroll","background-type":"","background-media":"","overlay-type":"","overlay-color":"","overlay-opacity":"","overlay-gradient":""},"tablet":{"background-color":"","background-image":"","background-repeat":"repeat","background-position":"center center","background-size":"auto","background-attachment":"scroll","background-type":"","background-media":"","overlay-type":"","overlay-color":"","overlay-opacity":"","overlay-gradient":""},"mobile":{"background-color":"","background-image":"","background-repeat":"repeat","background-position":"center center","background-size":"auto","background-attachment":"scroll","background-type":"","background-media":"","overlay-type":"","overlay-color":"","overlay-opacity":"","overlay-gradient":""}},"ast-content-background-meta":{"desktop":{"background-color":"var(--ast-global-color-5)","background-image":"","background-repeat":"repeat","background-position":"center center","background-size":"auto","background-attachment":"scroll","background-type":"","background-media":"","overlay-type":"","overlay-color":"","overlay-opacity":"","overlay-gradient":""},"tablet":{"background-color":"var(--ast-global-color-5)","background-image":"","background-repeat":"repeat","background-position":"center center","background-size":"auto","background-attachment":"scroll","background-type":"","background-media":"","overlay-type":"","overlay-color":"","overlay-opacity":"","overlay-gradient":""},"mobile":{"background-color":"var(--ast-global-color-5)","background-image":"","background-repeat":"repeat","background-position":"center center","background-size":"auto","background-attachment":"scroll","background-type":"","background-media":"","overlay-type":"","overlay-color":"","overlay-opacity":"","overlay-gradient":""}},"footnotes":""},"categories":[1],"tags":[64,67],"class_list":["post-643","post","type-post","status-publish","format-standard","hentry","category-general","tag-intraweb","tag-noticies"],"post_mailing_queue_ids":[],"_links":{"self":[{"href":"https:\/\/agora.xtec.cat\/escolafmistral\/wp-json\/wp\/v2\/posts\/643","targetHints":{"allow":["GET"]}}],"collection":[{"href":"https:\/\/agora.xtec.cat\/escolafmistral\/wp-json\/wp\/v2\/posts"}],"about":[{"href":"https:\/\/agora.xtec.cat\/escolafmistral\/wp-json\/wp\/v2\/types\/post"}],"author":[{"embeddable":true,"href":"https:\/\/agora.xtec.cat\/escolafmistral\/wp-json\/wp\/v2\/users\/1"}],"replies":[{"embeddable":true,"href":"https:\/\/agora.xtec.cat\/escolafmistral\/wp-json\/wp\/v2\/comments?post=643"}],"version-history":[{"count":0,"href":"https:\/\/agora.xtec.cat\/escolafmistral\/wp-json\/wp\/v2\/posts\/643\/revisions"}],"wp:attachment":[{"href":"https:\/\/agora.xtec.cat\/escolafmistral\/wp-json\/wp\/v2\/media?parent=643"}],"wp:term":[{"taxonomy":"category","embeddable":true,"href":"https:\/\/agora.xtec.cat\/escolafmistral\/wp-json\/wp\/v2\/categories?post=643"},{"taxonomy":"post_tag","embeddable":true,"href":"https:\/\/agora.xtec.cat\/escolafmistral\/wp-json\/wp\/v2\/tags?post=643"}],"curies":[{"name":"wp","href":"https:\/\/api.w.org\/{rel}","templated":true}]}}