{"id":639,"date":"2012-05-15T21:58:11","date_gmt":"2012-05-15T19:58:11","guid":{"rendered":"http:\/\/agora.xtec.cat\/escolafmistral\/general\/exposicio-setmana-de-primavera-2\/"},"modified":"2012-05-15T21:58:11","modified_gmt":"2012-05-15T19:58:11","slug":"exposicio-setmana-de-primavera-2","status":"publish","type":"post","link":"https:\/\/agora.xtec.cat\/escolafmistral\/general\/exposicio-setmana-de-primavera-2\/","title":{"rendered":"EXPOSICI\u00d3 SETMANA DE PRIMAVERA"},"content":{"rendered":"<p><font face=\"verdana,arial,helvetica,sans-serif\">El  passat dimecres 9 de maig va tenir lloc <strong>l\u2019exposici\u00f3 de la Setmana de la Primavera<\/strong> a l\u2019escola dedicada aquest curs al <strong><em>\u201cTemps dels nostres avis<\/em><\/strong>\u201d.<\/font><\/p>\n<p><font face=\"verdana,arial,helvetica,sans-serif\"><br \/>\nA les 16:45 hores les portes de l\u2019escola s\u2019obrien perqu\u00e8 totes les fam\u00edlies de l\u2019escola poguessin veure l\u2019exposici\u00f3 on es mostraven un recull de les activitats i manualitats que els nens i nenes de l\u2019escola havien fet durant aquesta intensa setmana.<br \/>\nDurant una bona estona mares, pares, avis i avies van poder rec\u00f3rrer els diferents passadissos de l\u2019escola i contemplar tota mena paradetes ( taller de costura, taller de joguines, taller de baldufes, arbres geneal\u00f2gics, objectes antics que van portar les fam\u00edlies, dossiers treballats durant la Setmana, Jocs Florals, &#8230;) i fins i tot, van poder visionar en diferents pantalles repartides per l\u2019escola v\u00eddeos amb les fotografies de les activitats realitzades.<\/font><\/p>\n<p><font face=\"verdana,arial,helvetica,sans-serif\"><br \/>\nL\u2019exposici\u00f3 va ser un \u00e8xit i durant una bona estona els passadissos de l\u2019escola van omplir-se de fam\u00edlies i infants. El conjunt de mestres volem fer dos agra\u00efments. En primer lloc, a tots els avis i \u00e0vies que van col\u00b7laborar amb els mestres oferint-se per explicar algun joc, algun conte o alguna hist\u00f2ria de la seva inf\u00e0ncia o adolesc\u00e8ncia durant la setmana. I en segon lloc, a totes les fam\u00edlies que van perdre una estona per visitar l\u2019exposici\u00f3.<\/font> <\/p>\n<p align=\"center\"><img loading=\"lazy\" decoding=\"async\" width=\"613\" height=\"420\" style=\"420\" <img loading=\"lazy\" decoding=\"async\" src=\"http:\/\/agora.xtec.cat\/escolafmistral\/wp-content\/uploads\/usu688\/2016\/10\/exposicio2012.jpg\" style=\"width: 613px; height: 420px;\" \/> <\/p>\n<div align=\"center\"><strong><font color=\"#ff1010\" face=\"verdana,arial,helvetica,sans-serif\"><a href=\"https:\/\/picasaweb.google.com\/ceipfredericmistral\/ExposicioPrimavera2012#slideshow\/5742849019458655570\" target=\"_blank\">VEURE M\u00c9S FOTOS<\/a><\/font><\/strong><\/div>\n","protected":false},"excerpt":{"rendered":"<p>El passat dimecres 9 de maig va tenir lloc l\u2019exposici\u00f3 de la Setmana de la Primavera a l\u2019escola dedicada aquest curs al \u201cTemps dels nostres avis\u201d. A les 16:45 hores les portes de l\u2019escola s\u2019obrien perqu\u00e8 totes les fam\u00edlies de l\u2019escola poguessin veure l\u2019exposici\u00f3 on es mostraven un recull de les activitats i manualitats que [&hellip;]<\/p>\n","protected":false},"author":1,"featured_media":0,"comment_status":"open","ping_status":"open","sticky":false,"template":"","format":"standard","meta":{"_bbp_topic_count":0,"_bbp_reply_count":0,"_bbp_total_topic_count":0,"_bbp_total_reply_count":0,"_bbp_voice_count":0,"_bbp_anonymous_reply_count":0,"_bbp_topic_count_hidden":0,"_bbp_reply_count_hidden":0,"_bbp_forum_subforum_count":0,"site-sidebar-layout":"default","site-content-layout":"","ast-site-content-layout":"","site-content-style":"default","site-sidebar-style":"default","ast-global-header-display":"","ast-banner-title-visibility":"","ast-main-header-display":"","ast-hfb-above-header-display":"","ast-hfb-below-header-display":"","ast-hfb-mobile-header-display":"","site-post-title":"","ast-breadcrumbs-content":"","ast-featured-img":"","footer-sml-layout":"","theme-transparent-header-meta":"","adv-header-id-meta":"","stick-header-meta":"","header-above-stick-meta":"","header-main-stick-meta":"","header-below-stick-meta":"","astra-migrate-meta-layouts":"default","ast-page-background-enabled":"default","ast-page-background-meta":{"desktop":{"background-color":"var(--ast-global-color-4)","background-image":"","background-repeat":"repeat","background-position":"center center","background-size":"auto","background-attachment":"scroll","background-type":"","background-media":"","overlay-type":"","overlay-color":"","overlay-opacity":"","overlay-gradient":""},"tablet":{"background-color":"","background-image":"","background-repeat":"repeat","background-position":"center center","background-size":"auto","background-attachment":"scroll","background-type":"","background-media":"","overlay-type":"","overlay-color":"","overlay-opacity":"","overlay-gradient":""},"mobile":{"background-color":"","background-image":"","background-repeat":"repeat","background-position":"center center","background-size":"auto","background-attachment":"scroll","background-type":"","background-media":"","overlay-type":"","overlay-color":"","overlay-opacity":"","overlay-gradient":""}},"ast-content-background-meta":{"desktop":{"background-color":"var(--ast-global-color-5)","background-image":"","background-repeat":"repeat","background-position":"center center","background-size":"auto","background-attachment":"scroll","background-type":"","background-media":"","overlay-type":"","overlay-color":"","overlay-opacity":"","overlay-gradient":""},"tablet":{"background-color":"var(--ast-global-color-5)","background-image":"","background-repeat":"repeat","background-position":"center center","background-size":"auto","background-attachment":"scroll","background-type":"","background-media":"","overlay-type":"","overlay-color":"","overlay-opacity":"","overlay-gradient":""},"mobile":{"background-color":"var(--ast-global-color-5)","background-image":"","background-repeat":"repeat","background-position":"center center","background-size":"auto","background-attachment":"scroll","background-type":"","background-media":"","overlay-type":"","overlay-color":"","overlay-opacity":"","overlay-gradient":""}},"footnotes":""},"categories":[1],"tags":[64,67],"class_list":["post-639","post","type-post","status-publish","format-standard","hentry","category-general","tag-intraweb","tag-noticies"],"post_mailing_queue_ids":[],"_links":{"self":[{"href":"https:\/\/agora.xtec.cat\/escolafmistral\/wp-json\/wp\/v2\/posts\/639","targetHints":{"allow":["GET"]}}],"collection":[{"href":"https:\/\/agora.xtec.cat\/escolafmistral\/wp-json\/wp\/v2\/posts"}],"about":[{"href":"https:\/\/agora.xtec.cat\/escolafmistral\/wp-json\/wp\/v2\/types\/post"}],"author":[{"embeddable":true,"href":"https:\/\/agora.xtec.cat\/escolafmistral\/wp-json\/wp\/v2\/users\/1"}],"replies":[{"embeddable":true,"href":"https:\/\/agora.xtec.cat\/escolafmistral\/wp-json\/wp\/v2\/comments?post=639"}],"version-history":[{"count":0,"href":"https:\/\/agora.xtec.cat\/escolafmistral\/wp-json\/wp\/v2\/posts\/639\/revisions"}],"wp:attachment":[{"href":"https:\/\/agora.xtec.cat\/escolafmistral\/wp-json\/wp\/v2\/media?parent=639"}],"wp:term":[{"taxonomy":"category","embeddable":true,"href":"https:\/\/agora.xtec.cat\/escolafmistral\/wp-json\/wp\/v2\/categories?post=639"},{"taxonomy":"post_tag","embeddable":true,"href":"https:\/\/agora.xtec.cat\/escolafmistral\/wp-json\/wp\/v2\/tags?post=639"}],"curies":[{"name":"wp","href":"https:\/\/api.w.org\/{rel}","templated":true}]}}