{"id":631,"date":"2012-04-18T23:51:32","date_gmt":"2012-04-18T21:51:32","guid":{"rendered":"http:\/\/agora.xtec.cat\/escolafmistral\/general\/els-alumnes-del-cicle-mig-i-superios-visitem-el-caixa-forum\/"},"modified":"2012-04-18T23:51:32","modified_gmt":"2012-04-18T21:51:32","slug":"els-alumnes-del-cicle-mig-i-superios-visitem-el-caixa-forum","status":"publish","type":"post","link":"https:\/\/agora.xtec.cat\/escolafmistral\/general\/els-alumnes-del-cicle-mig-i-superios-visitem-el-caixa-forum\/","title":{"rendered":"ELS ALUMNES DEL CICLE MIG I SUPERIOS VISITEM EL CAIXA F\u00d2RUM"},"content":{"rendered":"<p><font face=\"verdana,arial,helvetica,sans-serif\">Aquest mes de mar\u00e7, els alumnes de<strong> Cicle Mitj\u00e0 i Superior<\/strong> hem visitat el <font color=\"#0003ff\"><strong>Caixa F\u00f2rum<\/strong> <\/font>per fer una <strong>taller sobre relats fotogr\u00e0fics<\/strong>.<\/font><\/p>\n<p><font face=\"verdana,arial,helvetica,sans-serif\"><\/p>\n<p>L\u2019experi\u00e8ncia ha estat molt positiva perqu\u00e8 hem apr\u00e8s noves maneres de fer fotografies i explicar hist\u00f2ries a trav\u00e9s d\u2019elles. Despr\u00e9s de l\u2019explicaci\u00f3 general vam fer petits grups de treball i vam tenir l\u2019oportunitat de ser els protagonistes dels nostres propis relats fotogr\u00e0fics! Vam passejar per les instal\u00b7lacions i la gent que hi havia ens va ajudar a fer possible la nostra activitat.<\/font><\/p>\n<p><font face=\"verdana,arial,helvetica,sans-serif\"><\/p>\n<p>Al mig dia vam anar a dinar a  un Parc de Monju\u00efc on vam jugar una estona i a la tornada a l\u2019escola vam fer l\u2019exposici\u00f3 del treball que hav\u00edem fet al Caixa F\u00f2rum.<\/p>\n<p><\/font><\/p>\n<p><font face=\"verdana,arial,helvetica,sans-serif\">Us deixem unes fotografies de la nostra feina!<\/font> <\/p>\n<p align=\"center\"><img loading=\"lazy\" decoding=\"async\" width=\"291\" height=\"367\" <img loading=\"lazy\" decoding=\"async\" src=\"http:\/\/agora.xtec.cat\/escolafmistral\/wp-content\/uploads\/usu688\/2016\/10\/caixaforumCM.jpg\"><\/p>\n<div align=\"left\"><\/div>\n<p><\/img><\/p>\n<p align=\"center\"><strong><font face=\"verdana,arial,helvetica,sans-serif\"><a href=\"https:\/\/picasaweb.google.com\/ceipfredericmistral\/CaixaForumCM#slideshow\/5732860237537736226\" target=\"_blank\">VEURE M\u00c9S FOTOS<\/a><\/font><\/strong><\/p>\n","protected":false},"excerpt":{"rendered":"<p>Aquest mes de mar\u00e7, els alumnes de Cicle Mitj\u00e0 i Superior hem visitat el Caixa F\u00f2rum per fer una taller sobre relats fotogr\u00e0fics. L\u2019experi\u00e8ncia ha estat molt positiva perqu\u00e8 hem apr\u00e8s noves maneres de fer fotografies i explicar hist\u00f2ries a trav\u00e9s d\u2019elles. Despr\u00e9s de l\u2019explicaci\u00f3 general vam fer petits grups de treball i vam tenir [&hellip;]<\/p>\n","protected":false},"author":1,"featured_media":0,"comment_status":"open","ping_status":"open","sticky":false,"template":"","format":"standard","meta":{"_bbp_topic_count":0,"_bbp_reply_count":0,"_bbp_total_topic_count":0,"_bbp_total_reply_count":0,"_bbp_voice_count":0,"_bbp_anonymous_reply_count":0,"_bbp_topic_count_hidden":0,"_bbp_reply_count_hidden":0,"_bbp_forum_subforum_count":0,"site-sidebar-layout":"default","site-content-layout":"","ast-site-content-layout":"","site-content-style":"default","site-sidebar-style":"default","ast-global-header-display":"","ast-banner-title-visibility":"","ast-main-header-display":"","ast-hfb-above-header-display":"","ast-hfb-below-header-display":"","ast-hfb-mobile-header-display":"","site-post-title":"","ast-breadcrumbs-content":"","ast-featured-img":"","footer-sml-layout":"","theme-transparent-header-meta":"","adv-header-id-meta":"","stick-header-meta":"","header-above-stick-meta":"","header-main-stick-meta":"","header-below-stick-meta":"","astra-migrate-meta-layouts":"default","ast-page-background-enabled":"default","ast-page-background-meta":{"desktop":{"background-color":"var(--ast-global-color-4)","background-image":"","background-repeat":"repeat","background-position":"center center","background-size":"auto","background-attachment":"scroll","background-type":"","background-media":"","overlay-type":"","overlay-color":"","overlay-opacity":"","overlay-gradient":""},"tablet":{"background-color":"","background-image":"","background-repeat":"repeat","background-position":"center center","background-size":"auto","background-attachment":"scroll","background-type":"","background-media":"","overlay-type":"","overlay-color":"","overlay-opacity":"","overlay-gradient":""},"mobile":{"background-color":"","background-image":"","background-repeat":"repeat","background-position":"center center","background-size":"auto","background-attachment":"scroll","background-type":"","background-media":"","overlay-type":"","overlay-color":"","overlay-opacity":"","overlay-gradient":""}},"ast-content-background-meta":{"desktop":{"background-color":"var(--ast-global-color-5)","background-image":"","background-repeat":"repeat","background-position":"center center","background-size":"auto","background-attachment":"scroll","background-type":"","background-media":"","overlay-type":"","overlay-color":"","overlay-opacity":"","overlay-gradient":""},"tablet":{"background-color":"var(--ast-global-color-5)","background-image":"","background-repeat":"repeat","background-position":"center center","background-size":"auto","background-attachment":"scroll","background-type":"","background-media":"","overlay-type":"","overlay-color":"","overlay-opacity":"","overlay-gradient":""},"mobile":{"background-color":"var(--ast-global-color-5)","background-image":"","background-repeat":"repeat","background-position":"center center","background-size":"auto","background-attachment":"scroll","background-type":"","background-media":"","overlay-type":"","overlay-color":"","overlay-opacity":"","overlay-gradient":""}},"footnotes":""},"categories":[1],"tags":[64,67],"class_list":["post-631","post","type-post","status-publish","format-standard","hentry","category-general","tag-intraweb","tag-noticies"],"post_mailing_queue_ids":[],"_links":{"self":[{"href":"https:\/\/agora.xtec.cat\/escolafmistral\/wp-json\/wp\/v2\/posts\/631","targetHints":{"allow":["GET"]}}],"collection":[{"href":"https:\/\/agora.xtec.cat\/escolafmistral\/wp-json\/wp\/v2\/posts"}],"about":[{"href":"https:\/\/agora.xtec.cat\/escolafmistral\/wp-json\/wp\/v2\/types\/post"}],"author":[{"embeddable":true,"href":"https:\/\/agora.xtec.cat\/escolafmistral\/wp-json\/wp\/v2\/users\/1"}],"replies":[{"embeddable":true,"href":"https:\/\/agora.xtec.cat\/escolafmistral\/wp-json\/wp\/v2\/comments?post=631"}],"version-history":[{"count":0,"href":"https:\/\/agora.xtec.cat\/escolafmistral\/wp-json\/wp\/v2\/posts\/631\/revisions"}],"wp:attachment":[{"href":"https:\/\/agora.xtec.cat\/escolafmistral\/wp-json\/wp\/v2\/media?parent=631"}],"wp:term":[{"taxonomy":"category","embeddable":true,"href":"https:\/\/agora.xtec.cat\/escolafmistral\/wp-json\/wp\/v2\/categories?post=631"},{"taxonomy":"post_tag","embeddable":true,"href":"https:\/\/agora.xtec.cat\/escolafmistral\/wp-json\/wp\/v2\/tags?post=631"}],"curies":[{"name":"wp","href":"https:\/\/api.w.org\/{rel}","templated":true}]}}