{"id":6292,"date":"2017-11-27T11:28:43","date_gmt":"2017-11-27T10:28:43","guid":{"rendered":"http:\/\/agora.xtec.cat\/escolafmistral\/?p=6292"},"modified":"2017-11-27T11:28:43","modified_gmt":"2017-11-27T10:28:43","slug":"trencadis-de-cancons-p4","status":"publish","type":"post","link":"https:\/\/agora.xtec.cat\/escolafmistral\/general\/trencadis-de-cancons-p4\/","title":{"rendered":"Trencad\u00eds de Can\u00e7ons P4"},"content":{"rendered":"<p>El passat dia 22 de novembre vam anar al Palau de la M\u00fasica. \u00c9s un edifici incre\u00efble i vam veure l&#8217;espectacle Trencad\u00eds de Can\u00e7ons, aqu\u00ed teniu un enlla\u00e7 al <a href=\"http:\/\/www.palaumusica.cat\/ca\/trencadis-de-can%C3%A7ons_36358\">web<\/a>. Vam sentir m\u00fasica en directe mentre els ballarins ballaven! Vam seure a la platea del Palau, les butaques eren molt c\u00f2modes i pod\u00edem veure la c\u00fapula i totes les escultures.<\/p>\n<p><strong>FAM\u00cdLIES JA HEU ESCOLTAT EL CD? HI HA MOLTES CAN\u00c7ONS DIVERTIDES QUE PODEU APRENDRE.<\/strong><\/p>\n<p><a href=\"http:\/\/agora.xtec.cat\/escolafmistral\/wp-content\/uploads\/usu688\/2017\/11\/image.jpg\"><img loading=\"lazy\" decoding=\"async\" class=\"alignnone size-medium wp-image-6295\" src=\"http:\/\/agora.xtec.cat\/escolafmistral\/wp-content\/uploads\/usu688\/2017\/11\/image-300x224.jpg\" alt=\"\" width=\"300\" height=\"224\" srcset=\"https:\/\/agora.xtec.cat\/escolafmistral\/wp-content\/uploads\/usu688\/2017\/11\/image-300x224.jpg 300w, https:\/\/agora.xtec.cat\/escolafmistral\/wp-content\/uploads\/usu688\/2017\/11\/image-768x574.jpg 768w, https:\/\/agora.xtec.cat\/escolafmistral\/wp-content\/uploads\/usu688\/2017\/11\/image-1024x765.jpg 1024w, https:\/\/agora.xtec.cat\/escolafmistral\/wp-content\/uploads\/usu688\/2017\/11\/image-200x150.jpg 200w\" sizes=\"auto, (max-width: 300px) 100vw, 300px\" \/><\/a><\/p>\n<p><strong><em>Coets i Extraterrestres P4<\/em><\/strong><\/p>\n","protected":false},"excerpt":{"rendered":"<p>El passat dia 22 de novembre vam anar al Palau de la M\u00fasica. \u00c9s un edifici incre\u00efble i vam veure l&#8217;espectacle Trencad\u00eds de Can\u00e7ons, aqu\u00ed teniu un enlla\u00e7 al web. Vam sentir m\u00fasica en directe mentre els ballarins ballaven! Vam seure a la platea del Palau, les butaques eren molt c\u00f2modes i pod\u00edem veure la [&hellip;]<\/p>\n","protected":false},"author":4,"featured_media":6295,"comment_status":"open","ping_status":"closed","sticky":false,"template":"","format":"standard","meta":{"_bbp_topic_count":0,"_bbp_reply_count":0,"_bbp_total_topic_count":0,"_bbp_total_reply_count":0,"_bbp_voice_count":0,"_bbp_anonymous_reply_count":0,"_bbp_topic_count_hidden":0,"_bbp_reply_count_hidden":0,"_bbp_forum_subforum_count":0,"site-sidebar-layout":"default","site-content-layout":"","ast-site-content-layout":"","site-content-style":"default","site-sidebar-style":"default","ast-global-header-display":"","ast-banner-title-visibility":"","ast-main-header-display":"","ast-hfb-above-header-display":"","ast-hfb-below-header-display":"","ast-hfb-mobile-header-display":"","site-post-title":"","ast-breadcrumbs-content":"","ast-featured-img":"","footer-sml-layout":"","theme-transparent-header-meta":"","adv-header-id-meta":"","stick-header-meta":"","header-above-stick-meta":"","header-main-stick-meta":"","header-below-stick-meta":"","astra-migrate-meta-layouts":"default","ast-page-background-enabled":"default","ast-page-background-meta":{"desktop":{"background-color":"var(--ast-global-color-4)","background-image":"","background-repeat":"repeat","background-position":"center center","background-size":"auto","background-attachment":"scroll","background-type":"","background-media":"","overlay-type":"","overlay-color":"","overlay-opacity":"","overlay-gradient":""},"tablet":{"background-color":"","background-image":"","background-repeat":"repeat","background-position":"center center","background-size":"auto","background-attachment":"scroll","background-type":"","background-media":"","overlay-type":"","overlay-color":"","overlay-opacity":"","overlay-gradient":""},"mobile":{"background-color":"","background-image":"","background-repeat":"repeat","background-position":"center center","background-size":"auto","background-attachment":"scroll","background-type":"","background-media":"","overlay-type":"","overlay-color":"","overlay-opacity":"","overlay-gradient":""}},"ast-content-background-meta":{"desktop":{"background-color":"var(--ast-global-color-5)","background-image":"","background-repeat":"repeat","background-position":"center center","background-size":"auto","background-attachment":"scroll","background-type":"","background-media":"","overlay-type":"","overlay-color":"","overlay-opacity":"","overlay-gradient":""},"tablet":{"background-color":"var(--ast-global-color-5)","background-image":"","background-repeat":"repeat","background-position":"center center","background-size":"auto","background-attachment":"scroll","background-type":"","background-media":"","overlay-type":"","overlay-color":"","overlay-opacity":"","overlay-gradient":""},"mobile":{"background-color":"var(--ast-global-color-5)","background-image":"","background-repeat":"repeat","background-position":"center center","background-size":"auto","background-attachment":"scroll","background-type":"","background-media":"","overlay-type":"","overlay-color":"","overlay-opacity":"","overlay-gradient":""}},"footnotes":""},"categories":[1,2,49,8,4],"tags":[95],"class_list":["post-6292","post","type-post","status-publish","format-standard","has-post-thumbnail","hentry","category-general","category-infantil","category-musica","category-p4","category-portada","tag-musica"],"post_mailing_queue_ids":[],"_links":{"self":[{"href":"https:\/\/agora.xtec.cat\/escolafmistral\/wp-json\/wp\/v2\/posts\/6292","targetHints":{"allow":["GET"]}}],"collection":[{"href":"https:\/\/agora.xtec.cat\/escolafmistral\/wp-json\/wp\/v2\/posts"}],"about":[{"href":"https:\/\/agora.xtec.cat\/escolafmistral\/wp-json\/wp\/v2\/types\/post"}],"author":[{"embeddable":true,"href":"https:\/\/agora.xtec.cat\/escolafmistral\/wp-json\/wp\/v2\/users\/4"}],"replies":[{"embeddable":true,"href":"https:\/\/agora.xtec.cat\/escolafmistral\/wp-json\/wp\/v2\/comments?post=6292"}],"version-history":[{"count":1,"href":"https:\/\/agora.xtec.cat\/escolafmistral\/wp-json\/wp\/v2\/posts\/6292\/revisions"}],"predecessor-version":[{"id":6298,"href":"https:\/\/agora.xtec.cat\/escolafmistral\/wp-json\/wp\/v2\/posts\/6292\/revisions\/6298"}],"wp:featuredmedia":[{"embeddable":true,"href":"https:\/\/agora.xtec.cat\/escolafmistral\/wp-json\/wp\/v2\/media\/6295"}],"wp:attachment":[{"href":"https:\/\/agora.xtec.cat\/escolafmistral\/wp-json\/wp\/v2\/media?parent=6292"}],"wp:term":[{"taxonomy":"category","embeddable":true,"href":"https:\/\/agora.xtec.cat\/escolafmistral\/wp-json\/wp\/v2\/categories?post=6292"},{"taxonomy":"post_tag","embeddable":true,"href":"https:\/\/agora.xtec.cat\/escolafmistral\/wp-json\/wp\/v2\/tags?post=6292"}],"curies":[{"name":"wp","href":"https:\/\/api.w.org\/{rel}","templated":true}]}}